{"id":6315,"date":"2023-11-03T18:02:11","date_gmt":"2023-11-03T17:02:11","guid":{"rendered":"https:\/\/oglasi.infooglasi.rs\/oglasi\/oglasisvilajnac\/svilajnac-posetilo-20-ambasadora-iz-zemalja-eu-oglasi-svilajnac\/"},"modified":"2023-11-03T18:02:11","modified_gmt":"2023-11-03T17:02:11","slug":"svilajnac-posetilo-20-ambasadora-iz-zemalja-eu-oglasi-svilajnac","status":"publish","type":"post","link":"https:\/\/oglasi.infooglasi.rs\/oglasi\/oglasisvilajnac\/svilajnac-posetilo-20-ambasadora-iz-zemalja-eu-oglasi-svilajnac\/","title":{"rendered":"Svilajnac posetilo 20 ambasadora iz zemalja EU &#8211; OGLASI SVILAJNAC"},"content":{"rendered":"<p><\/p>\n<div>\n<div class=\"entry-headline h5\">\n<p class=\"news-description pb-3 pt-1 pt-mb-3\">Delegacija od 20 ambasadora dr\u017eava \u010dlanica EU, na \u010delu sa Emanuele \u017diofre, \u0161ef delegacije EU u Srbiji, danas je posetila Svilajnac.<\/p>\n<\/div>\n<p>\u201eEvropska unija je u infrastrukturu Svilajnca od 2014. godine ulo\u017eila 15 miliona evra, pa je Svilajnac dobar primer kako Evropska unija i Srbija mogu da stvore dobre uslove za lokalni razvoj\u201c, ocenio je Emanuele \u017diofre, \u0161ef delegacije EU u Srbiji, koji je danas sa 20 ambasadora dr\u017eava \u010dlanica EU, posetio ovaj grad pi\u0161u <a href=\"https:\/\/www.novosti.rs\/srbija\/vesti\/1115684\/primer-dobre-saradnje-evropskom-unijom-svilajnac-posetilo-20-ambasadora-zemalja-foto-video\" target=\"_blank\" rel=\"noopener\">Novosti<\/a>.<\/p>\n<p>Delegacija je obi\u0161la Prirodnja\u010dki centar Srbije u koji je EU ulo\u017eila 6,5 miliona evra, i prisustvovala koncertu KUD \u201eKu\u0161iljevo\u201c u Domu kulture u svilajna\u010dkom selu Ku\u0161iljevu, u \u010diju je rekonstrukciju EU, preko projekta EU PRO, ulo\u017eila 150 hiljada evra, a op\u0161tina Svilajnac oko 35 hiljada evra.<\/p>\n<p>\u201eOvo je pri\u010da o uspehu, koja pokazuje da ukoliko svi zajedno radimo, EU, dr\u017eave \u010dlanice, op\u0161tine i Vlada Srbije, mo\u017eemo puno toga da postignemo. Sara\u0111ujemo u raznim sektorima, poput socijalnog, u okviru koga se grade stambeni objekti za osobe kojima je neophodno, u oblasti obrazovanja, za \u0161ta je najbolji primer Prirodnja\u010dki centar Srbije, kao i u oblasti kulture, ali i ekonomije, u okviru koje se izra\u0111uju pristupni centri za industrijske zone.\u201c<\/p>\n<p>\u201eSve \u0161to je ura\u0111eno korisno je za stanovni\u0161tvo, a istovremeno je privuklo druge investicije, jer kad govorimo o EU, nije re\u010d samo o Evropskoj komisiji, ve\u0107 postoje i bilateralni projekti dr\u017eava \u010dlanica, a bitan je i privatan sektor, koji je odlu\u010dio da je ovo dobro mesto za razvoj njihovog poslovanja\u201c, dodao je \u017diofre.<\/p>\n<p>Prema re\u010dima Predraga Milanovi\u0107a, predsednika op\u0161tine Svilajnac, da nije bilo EU, koja je donirala 6,5 miliona evra, Svilajnac se nikada ne bi na taj na\u010din oporavio od posledica poplava iz 2014. godine, a ne bi uradili ni regulaciju Velike Morave, koja je preventiva od budu\u0107ih poplava. Kako poplave nikada vi\u0161e ne bi pogodile ovaj grad, EU je ulo\u017eila 10 miliona evra.<\/p>\n<h2>U Industrijskoj zoni nema\u010dke, italijanske, \u0161vajcarske i austrijske firme<\/h2>\n<p>\u201eU industrijskoj zoni u Svilajncu posluju \u010detiri nema\u010dke kompanije, koje se bave elektronikom i koje zapo\u0161ljavaju oko hiljadu radnika. Tu je i italijanski \u201eAriston\u201c, dve firme iz \u0160vajcarske, od kojih je jedna najve\u0107i proizvo\u0111a\u010d korni\u0161ona na Balkanu i koja je nedavno dobila partnera iz Austrije. Nova investicija iz Slovenije treba da bude iizgra\u0111ena u novoj zoni privre\u0111ivanja. Veliki je broj i doma\u0107ih kompanija, koje rade za evropsko tr\u017ei\u0161te, od koga zavise. Svilajnac je jedan od retkih gradova koji vi\u0161e izvoti nego \u0161to uvozi. Pro\u0161le godine ostvaren je izvoz u EU od 146 miliona dolara i suficit od 5,5 miliona dolara\u201c, rekao je Milanovi\u0107 i dodao da ovako \u201evisoka\u201c delegacija nikada nije posetila Svilajnac, \u0161to je veliko priznanje u njegovoj politi\u010dkoj karijeri, ali i priznanje za ceo grad.<\/p>\n<p>Sara Raj\u010di\u0107, direktorka Prirodnja\u010dkog centra Srbije u Svilajncu, rekla je da je ova ustanova prepoznata kao lider nau\u010dnog turizma u regionu, jer je on nacionalni centar nauke, obrazovanja, kulture i turizma, koji bele\u017ei oko 100 hiljada posetilaca godi\u0161nje, postoji sedam godina, \u010duva nau\u010dna saznanja o planeti i prirodi i ima va\u017enu ulogu u edukaciji novoh generacija.<\/p>\n<div class=\"shop-cta\">\n<h4>Podr\u017ei Boom93<\/h4>\n<p>\nBoom93 je pokrenuo svoj shop &#8211; boom93shop, a kupovinom nekog od artikala podr\u017eavate rad na\u0161e redakcije.<br \/>\nSvaki va\u0161 doprinos, ma kako koliki bio, dragocen je. Jer pravo novinarstvo vredi.<\/p>\n<p><a href=\"https:\/\/shop.boom93.rs\" class=\"btn btn-black\" target=\"_blank\" rel=\"noopener\">Podr\u017ei Boom93<\/a><\/div>\n<div class=\"herald-da\"><a href=\"https:\/\/www.facebook.com\/radiocaffeboom93\/\" target=\"_blank\" rel=\"noopener\"><img loading=\"lazy\" decoding=\"async\" class=\"aligncenter size-full wp-image-109569\" src=\"https:\/\/media.boom93.com\/2020\/04\/radio-caffe.jpg\" alt=\"\" width=\"468\" height=\"60\"\/><\/a><\/div>\n<\/div>\n<p><script>!function(f,b,e,v,n,t,s)\n  {if(f.fbq)return;n=f.fbq=function(){n.callMethod?\n  n.callMethod.apply(n,arguments):n.queue.push(arguments)};\n  if(!f._fbq)f._fbq=n;n.push=n;n.loaded=!0;n.version='2.0';\n  n.queue=[];t=b.createElement(e);t.async=!0;\n  t.src=v;s=b.getElementsByTagName(e)[0];\n  s.parentNode.insertBefore(t,s)}(window, document,'script',\n  'https:\/\/connect.facebook.net\/en_US\/fbevents.js');\n  fbq('init', '976882202910920');\n  fbq('track', 'PageView');<\/script><br \/>\n<br \/><a href=\"https:\/\/boom93.rs\/info\/drustvo\/svilajnac-posetilo-20-ambasadora-iz-zemalja-eu\/?utm_source=rss&#038;utm_medium=rss&#038;utm_campaign=svilajnac-posetilo-20-ambasadora-iz-zemalja-eu\" target=\"_blank\" rel=\"noopener\">Source link <\/a><br \/>\n\nSvilajnac posetilo 20 ambasadora iz zemalja EU<\/p>\n","protected":false},"excerpt":{"rendered":"<p>Delegacija od 20 ambasadora dr\u017eava \u010dlanica EU, na \u010delu sa Emanuele \u017diofre, \u0161ef delegacije EU u Srbiji, danas je posetila&hellip;<\/p>\n","protected":false},"author":1,"featured_media":6316,"comment_status":"open","ping_status":"open","sticky":false,"template":"","format":"standard","meta":{"footnotes":""},"categories":[1],"tags":[],"class_list":["post-6315","post","type-post","status-publish","format-standard","has-post-thumbnail","hentry","category-oglasi-svilajnac"],"_links":{"self":[{"href":"https:\/\/oglasi.infooglasi.rs\/oglasi\/oglasisvilajnac\/wp-json\/wp\/v2\/posts\/6315","targetHints":{"allow":["GET"]}}],"collection":[{"href":"https:\/\/oglasi.infooglasi.rs\/oglasi\/oglasisvilajnac\/wp-json\/wp\/v2\/posts"}],"about":[{"href":"https:\/\/oglasi.infooglasi.rs\/oglasi\/oglasisvilajnac\/wp-json\/wp\/v2\/types\/post"}],"author":[{"embeddable":true,"href":"https:\/\/oglasi.infooglasi.rs\/oglasi\/oglasisvilajnac\/wp-json\/wp\/v2\/users\/1"}],"replies":[{"embeddable":true,"href":"https:\/\/oglasi.infooglasi.rs\/oglasi\/oglasisvilajnac\/wp-json\/wp\/v2\/comments?post=6315"}],"version-history":[{"count":0,"href":"https:\/\/oglasi.infooglasi.rs\/oglasi\/oglasisvilajnac\/wp-json\/wp\/v2\/posts\/6315\/revisions"}],"wp:featuredmedia":[{"embeddable":true,"href":"https:\/\/oglasi.infooglasi.rs\/oglasi\/oglasisvilajnac\/wp-json\/wp\/v2\/media\/6316"}],"wp:attachment":[{"href":"https:\/\/oglasi.infooglasi.rs\/oglasi\/oglasisvilajnac\/wp-json\/wp\/v2\/media?parent=6315"}],"wp:term":[{"taxonomy":"category","embeddable":true,"href":"https:\/\/oglasi.infooglasi.rs\/oglasi\/oglasisvilajnac\/wp-json\/wp\/v2\/categories?post=6315"},{"taxonomy":"post_tag","embeddable":true,"href":"https:\/\/oglasi.infooglasi.rs\/oglasi\/oglasisvilajnac\/wp-json\/wp\/v2\/tags?post=6315"}],"curies":[{"name":"wp","href":"https:\/\/api.w.org\/{rel}","templated":true}]}}