{"id":6461,"date":"2024-04-17T04:41:54","date_gmt":"2024-04-17T02:41:54","guid":{"rendered":"https:\/\/oglasi.infooglasi.rs\/oglasi\/oglasisvilajnac\/pokazali-su-kako-se-voli-svoj-grad-preko-1-000-ljudi-u-ovom-mestu-u-srbiji-cistilo-divlje-deponije-na-50-lokacija-oglasi-svilajnac\/"},"modified":"2024-04-17T04:41:54","modified_gmt":"2024-04-17T02:41:54","slug":"pokazali-su-kako-se-voli-svoj-grad-preko-1-000-ljudi-u-ovom-mestu-u-srbiji-cistilo-divlje-deponije-na-50-lokacija-oglasi-svilajnac","status":"publish","type":"post","link":"https:\/\/oglasi.infooglasi.rs\/oglasi\/oglasisvilajnac\/pokazali-su-kako-se-voli-svoj-grad-preko-1-000-ljudi-u-ovom-mestu-u-srbiji-cistilo-divlje-deponije-na-50-lokacija-oglasi-svilajnac\/","title":{"rendered":"POKAZALI SU KAKO SE VOLI SVOJ GRAD: Preko 1.000 ljudi u ovom mestu u Srbiji \u010distilo divlje deponije na 50 lokacija! &#8211; OGLASI SVILAJNAC"},"content":{"rendered":"<p><\/p>\n<div>\n<p><strong><em>Lep primer kako se voli svoj grad, danas su nam poslali Svilajn\u010danke i Svilajn\u010dani jer se preko 1.000 ljudu uklju\u010dilo u akciju <a href=\"https:\/\/serbiantimes.info\/tag\/ciscenje\/\" target=\"_blank\" rel=\"noopener\" title=\"\">\u010di\u0161\u0107enja <\/a>grada i divljih deponija na 50 lokacija. Me\u0111utim, i oni gra\u0111ani koji nisu u volonterskim grupama pridru\u017eili su se akciji \u010di\u0161\u0107enja, sre\u0111ivanja i farbanja ograda ispred svojih ku\u0107a. Uklju\u010dili su se volonteri svih generacija.<\/em><\/strong><\/p>\n<p>\u2013 Moto klub \u201eKraljevi slobode\u201d farbali su most kod stare Hitne. Ina\u010de, Kreljevi slobode u\u010destvuju u svim akcijama op\u0161tine <a href=\"https:\/\/serbiantimes.info\/tag\/svilajnac\/\" target=\"_blank\" rel=\"noopener\" title=\"\">Svilajnac<\/a>, ovo je bila idealna prilika da poka\u017eemo na delu lokal patriotizam\u201d, rekla je za RINU Maja Markovi\u0107, volonterka ispred moto kluba \u201eKraljevi slobode\u201d.<\/p>\n<p>Svilajn\u010dani svih generacija bili su vredni i izuzetno ponosni na sebe i svoj grad. Jedna od mla\u0111e generacije <a href=\"https:\/\/serbiantimes.info\/tag\/volonteri\/\" target=\"_blank\" rel=\"noopener\" title=\"\">volontera <\/a>je i Teodora Milosavljevi\u0107.<\/p>\n<h4 class=\"wp-block-heading\"><mark style=\"background-color:rgba(0, 0, 0, 0)\" class=\"has-inline-color has-vivid-red-color\">PRATITE NAS I NA FEJSBUKU:<\/mark><\/h4>\n<p><iframe loading=\"lazy\" data-lazyloaded=\"1\" src=\"https:\/\/serbiantimes.info\/pokazali-su-kako-se-voli-svoj-grad-preko-1-000-ljudi-u-ovom-mestu-u-srbiji-cistilo-divlje-deponije-na-50-lokacija\/about:blank\" data-litespeed-src=\"https:\/\/www.facebook.com\/plugins\/post.php?href=https%3A%2F%2Fwww.facebook.com%2Fserbiantimes%2Fposts%2Fpfbid0qDmszsWGjqgWsnddgtUn3yWg3ZhqcSXFWfv1vmSiTYiemrNW3f921CwRVqKuTqPzl&amp;show_text=true&amp;width=500\" width=\"500\" height=\"603\" style=\"border:none;overflow:hidden\" scrolling=\"no\" frameborder=\"0\" allowfullscreen=\"true\" allow=\"autoplay; clipboard-write; encrypted-media; picture-in-picture; web-share\"><\/iframe><\/p>\n<p>\u2013 Svi smo se udru\u017eili iz srednje \u0161kole Svilajnac, vrlo smo brzo, efikasno i dinami\u010dno obavili \u010di\u0161\u0107enje grada. Tako\u0111e, smo okre\u010dili i sredili bedem pokraj Resave. Sre\u0107ni smo kada smo ovako slo\u017eni, jer mo\u017eemo na leto da do\u010dekamo na\u0161u dijasporu u na\u0161em \u010distom Svilajncu. Moji prijatelji iz dijaspore na\u0161 grad zbog \u010disto\u0107e zovu \u201eMala \u0160vajcarska\u201d, rekla je Teidora MIlosavljevi\u0107.<\/p>\n<p>Predsednik op\u0161tine Svilajnac istakao je va\u017enost ovakve akcije, gde se \u010disti vi\u0161e od 50 lokacija na teritoriji te op\u0161tine.<\/p>\n<p>\u2013 Prakti\u010dno \u010distimo ceo grad, sva sela na teritoriji na\u0161e op\u0161tine svi su uklju\u010deni, sve mesne zajednice. Uradili smo veliku stvar za Svilajnac, a mo\u017eda damo primer i motivaciju nekim drugim op\u0161tinama da rade sli\u010dnu stvar. Ova akcija traje dve nedelje, ju\u010de je bio glavni dan, ali mi smo ve\u0107 sedam prethodnih dana iznosili kabasti otpad. I na\u0161 vrti\u0107 je uzeo u\u010de\u0161\u0107e, edukujemo decu i podi\u017eemo svest od malih nogu, kako u vrti\u0107u, tako i u \u0161kolama. Ovde nije samo radni deo, ve\u0107 imamo i edukativni, menjamo kontejnere, \u010distimo i sre\u0111ujemo \u010ditav grad, imamo i prelep Prirodnja\u010dki centar, tako da kad se do\u0111e u Svilajnac, sve je \u010disto i sre\u0111eno, ure\u0111en grad, svako ko do\u0111e ovde ima \u0161ta da vidi i kuda da \u0161eta\u201d, zaklju\u010dio je Predrag Milanovi\u0107, predsednik op\u0161tine Svilajnac.<\/p>\n<h4 class=\"wp-block-heading\"><mark style=\"color: #cf2e2e; background-color: rgba(0,0,0,0)\" class=\"has-inline-color has-vivid-red-color\">PRO\u010cITAJTE VI\u0160E:<\/mark><\/h4>\n<p><strong><a href=\"https:\/\/serbiantimes.info\/svaka-cast-devojke-dve-ruskinje-ocistile-deo-beograda-ljudi-odusevljeni-video\/\" target=\"_blank\" rel=\"noopener\" title=\"\">SVAKA \u010cAST, DEVOJKE: Dve ruskinje o\u010distile deo Beograda, ljudi odu\u0161evljeni! (VIDEO)<\/a><\/strong><\/p>\n<p><strong><a href=\"https:\/\/serbiantimes.info\/super-vest-za-dijasporu-dva-studenta-smislila-kako-da-pomogne-ljudima-u-inostranstvu-i-od-toga-napravili-sjajan-biznis\/\" target=\"_blank\" rel=\"noopener\" title=\"\">SUPER VEST ZA DIJASPORU! Dva studenta smislila kako da pomognu ljudima u inostranstvu i od toga napravili sjajan biznis!<\/a><\/strong><\/p>\n<p><strong><a href=\"https:\/\/serbiantimes.info\/mi-balkanci-smo-takvi-sasa-svake-subote-uvece-nahrani-i-po-300-gladnih-francuza-u-pariz-video\/\" target=\"_blank\" rel=\"noopener\" title=\"\">\u201cMI BALKANCI SMO TAKVI\u201d: Sa\u0161a svake subote uve\u010de nahrani i po 300 gladnih Francuza u Pariz! (VIDEO)<\/a><\/strong><\/p>\n<p>Izvor: <a href=\"https:\/\/www.rina.rs\/item\/19216-\/\" target=\"_blank\" rel=\"noopener\" title=\"\">Rina<\/a><br \/>Foto: Rina<\/p>\n<\/p><\/div>\n<p><a href=\"https:\/\/serbiantimes.info\/pokazali-su-kako-se-voli-svoj-grad-preko-1-000-ljudi-u-ovom-mestu-u-srbiji-cistilo-divlje-deponije-na-50-lokacija\/\" target=\"_blank\" rel=\"noopener\">Source link <\/a><br \/>\n\nPOKAZALI SU KAKO SE VOLI SVOJ GRAD: Preko 1.000 ljudi u ovom mestu u Srbiji \u010distilo divlje deponije na 50 lokacija!<\/p>\n","protected":false},"excerpt":{"rendered":"<p>Lep primer kako se voli svoj grad, danas su nam poslali Svilajn\u010danke i Svilajn\u010dani jer se preko 1.000 ljudu uklju\u010dilo&hellip;<\/p>\n","protected":false},"author":1,"featured_media":6462,"comment_status":"open","ping_status":"open","sticky":false,"template":"","format":"standard","meta":{"footnotes":""},"categories":[1],"tags":[],"class_list":["post-6461","post","type-post","status-publish","format-standard","has-post-thumbnail","hentry","category-oglasi-svilajnac"],"_links":{"self":[{"href":"https:\/\/oglasi.infooglasi.rs\/oglasi\/oglasisvilajnac\/wp-json\/wp\/v2\/posts\/6461","targetHints":{"allow":["GET"]}}],"collection":[{"href":"https:\/\/oglasi.infooglasi.rs\/oglasi\/oglasisvilajnac\/wp-json\/wp\/v2\/posts"}],"about":[{"href":"https:\/\/oglasi.infooglasi.rs\/oglasi\/oglasisvilajnac\/wp-json\/wp\/v2\/types\/post"}],"author":[{"embeddable":true,"href":"https:\/\/oglasi.infooglasi.rs\/oglasi\/oglasisvilajnac\/wp-json\/wp\/v2\/users\/1"}],"replies":[{"embeddable":true,"href":"https:\/\/oglasi.infooglasi.rs\/oglasi\/oglasisvilajnac\/wp-json\/wp\/v2\/comments?post=6461"}],"version-history":[{"count":0,"href":"https:\/\/oglasi.infooglasi.rs\/oglasi\/oglasisvilajnac\/wp-json\/wp\/v2\/posts\/6461\/revisions"}],"wp:featuredmedia":[{"embeddable":true,"href":"https:\/\/oglasi.infooglasi.rs\/oglasi\/oglasisvilajnac\/wp-json\/wp\/v2\/media\/6462"}],"wp:attachment":[{"href":"https:\/\/oglasi.infooglasi.rs\/oglasi\/oglasisvilajnac\/wp-json\/wp\/v2\/media?parent=6461"}],"wp:term":[{"taxonomy":"category","embeddable":true,"href":"https:\/\/oglasi.infooglasi.rs\/oglasi\/oglasisvilajnac\/wp-json\/wp\/v2\/categories?post=6461"},{"taxonomy":"post_tag","embeddable":true,"href":"https:\/\/oglasi.infooglasi.rs\/oglasi\/oglasisvilajnac\/wp-json\/wp\/v2\/tags?post=6461"}],"curies":[{"name":"wp","href":"https:\/\/api.w.org\/{rel}","templated":true}]}}