{"id":6556,"date":"2025-01-24T04:15:55","date_gmt":"2025-01-24T03:15:55","guid":{"rendered":"https:\/\/oglasi.infooglasi.rs\/oglasi\/oglasisvilajnac\/zatezanje-odnosa-srbije-i-hrvatske-oglasi-svilajnac\/"},"modified":"2025-01-24T04:15:55","modified_gmt":"2025-01-24T03:15:55","slug":"zatezanje-odnosa-srbije-i-hrvatske-oglasi-svilajnac","status":"publish","type":"post","link":"https:\/\/oglasi.infooglasi.rs\/oglasi\/oglasisvilajnac\/zatezanje-odnosa-srbije-i-hrvatske-oglasi-svilajnac\/","title":{"rendered":"Zatezanje odnosa Srbije i Hrvatske &#8211; OGLASI SVILAJNAC"},"content":{"rendered":"<p><\/p>\n<p>Zbog proterivaja stranih dr\u017eavljanki, Hrvatska je uputila protestnu notu i upozorava sugra\u0111ane da bez preke potrebe ne putuju u Srbiju. <\/p>\n<div>\n<figure>         <img loading=\"lazy\" decoding=\"async\" alt=\"Zastave Srbije i Hrvatske\" src=\"https:\/\/boom93.rs\/image\/cache\/extra-large\/files\/images\/1737661324.4573\" width=\"976\" height=\"549\"\/>         <\/p>\n<footer>Getty Images<\/footer>\n<\/figure>\n<p>Hrvatska je, \u010dini se, trenutno najve\u0107i problem srpskih vlasti dok se zemlja suo\u010dava sa vi\u0161emese\u010dnim protestima i studentskim blokadama.<\/p>\n<p>Nekoliko dana po\u0161to je predsednik Aleksandar Vu\u010di\u0107 govorio o saznanjima da je hrvatska tajna slu\u017eba uklju\u010dena u organizovanje protesta, pet dr\u017eavljanki Hrvatske je proterano iz Srbije, zajedno sa jo\u0161 osam stranaca koji su u\u010destvovali na ekonomskoj radionici za nevladine organizacije.<\/p>\n<p>Policija u civilu je 22. januara uve\u010de ispitivala u\u010desnike skupa akademije Erste fondacije, me\u0111u kojima je bilo dr\u017eavljana Slovenije, Slova\u010dke, Severne Makedonije, Albanije, Moldavije, Rumunije, Austrije i \u010ce\u0161ke, preneo je <a href=\"https:\/\/autonomija.info\/ukupno-13-stranih-drzavljana-privedeno-pa-proterano-iz-beograda-bez-obrazlozenja\/\" target=\"_blank\" rel=\"noopener\">portal Autonomija<\/a>.<\/p>\n<p>U re\u0161enju koje su dobile u\u010desnice iz Hrvatske, posle vi\u0161esatnog ispitivanja i dokumenta na \u0107irilici koje je trebalo da potpi\u0161u, <a href=\"https:\/\/www.jutarnji.hr\/vijesti\/hrvatska\/policajci-u-civilu-upali-u-hotel-u-beogradu-izveli-pet-hrvatica-cijelu-noc-ih-ispitivali-i-ujutro-deportirali-znate-li-sto-smo-morali-potpisati-bijesni-smo-15545358\" target=\"_blank\" rel=\"noopener\">navedeno je<\/a> da su razlozi za deportaciju \u201eza\u0161tita bezbednosti Republike Srbije i njenih gra\u0111ana&#8221;.<\/p>\n<p>Zvani\u010dnog obja\u0161njenja o ovom slu\u010daju nije bilo, a Hrvatska je, zbog odnosa i postupanja prema njihovim dr\u017eavljanima u Srbiji, <a href=\"https:\/\/n1info.rs\/region\/hrvatska-uputila-protestnu-notu-srbiji\/\" target=\"_blank\" rel=\"noopener\">uputila<\/a> protestnu notu vlastima u Beogradu.<\/p>\n<p>Ministarstvo spoljnih poslova Hrvatske <a href=\"https:\/\/beta.rs\/content\/218501-hrvatska-preporucila-svojim-drzavljanima-da-odloze-putovanja-u-srbiju\" target=\"_blank\" rel=\"noopener\">izdalo je<\/a> potom preporuke dr\u017eavljanima da odlo\u017ee putovanja u Srbiju koja nisu nu\u017ena.<\/p>\n<p>Oglasila se i Evropska komisija, izraziv\u0161i zabrinutost zbog privo\u0111enja i deportacije \u201emiroljubivih aktivista civilnog dru\u0161tva iz zemalja \u010dlanica EU i regiona Zapadnog Balkana jer predstavljaju bezbednosni rizik&#8221;.<\/p>\n<h2>\u0160ta se desilo u Beogradu?<\/h2>\n<p>Ana Kova\u010di\u0107, istori\u010darka umetnosti iz Hrvatske, u\u010destvovala je u edukaciji koju je organizovala Erste NVO akademija.<\/p>\n<p>Trinaest u\u010desnika se vratilo sa ve\u010dere u hotel kada su ih holu do\u010dekali ljudi u civilu i pokazali slu\u017ebene zna\u010dke, ka\u017ee Kova\u010di\u0107 za BBC.<\/p>\n<p>Uzeli su im dokumenta, zapisali ne\u0161to i vratili, prepri\u010dava.<\/p>\n<p>\u201eRekli su da moramo sa njima u stanicu i da imaju nalog, a neki ljudi su u policiji dali izjave. <\/p>\n<p>\u201eMene nisu ni\u0161ta pitali, samo su mi doneli papir da potpi\u0161em, bio je na \u0107irlici, tra\u017eila sam da mi prevedu jer ne znam dobro da pro\u010ditam&#8221;, govori.<\/p>\n<p>Na papiru je bilo napisano da u roku od 24 sata napusti Srbiju, te joj je ulaz u zemlju zabranjen na godinu dana.<\/p>\n<p>\u201eDosta \u010desto dolazim u Srbiju, radim u sektoru kulture i umetnosti i zato me je pogodila doneta odluka&#8221;, ka\u017ee Kova\u010di\u0107.<\/p>\n<p>Mediji bliski re\u017eimu u Srbiji objavili su da se privedeni sumnji\u010de za u\u010destvovanje u organizaciji protesta, obu\u010davaju\u0107i okupljene, navodno, tehnici takozvane &#8216;blokadne kuharice&#8217;.<\/p>\n<p>Kova\u010di\u0107, koja je sara\u0111ivala sa Srpskim narodnim ve\u0107em u Hrvatskoj i radila na izlo\u017ebi o usta\u0161kim zlo\u010dinima na ostrvu Pagu, ka\u017ee da oni nisu aktivisti i da su za vreme protesta u Beogradu \u201ebili ba\u0161 na radionicama, a ne ulici&#8221;. <\/p>\n<p>I Mirnes Baji\u0107, u\u010desnik iz Konjica iz Bosne i Hercegovine (BiH), ispri\u010dao je da mu je po povratku u hotel u Beogradu \u201emomak u civilnom odelu, pokazao zna\u010dku i tra\u017eio dokumenta&#8221;.<\/p>\n<p>Njemu su rekli da je sve u redu, ali je ostao zbunjen.<\/p>\n<p>\u201eNiko nije znao o \u010demu se radi. Neke su ve\u0107 odveli u policijsku stanicu na razgovor&#8221;, ka\u017ee.<\/p>\n<p>Erste fondacija jo\u0161 \u010deka podatke diplomatskih vlasti kako bi imali kompletnu sliku o incidentu u Beogradu.<\/p>\n<p>\u201eNema potrebe da ka\u017eemo da nemamo ni ideju za\u0161to se ovo desilo i veoma nas zabrinjava ovaj incident.<\/p>\n<p>\u201eDuboko \u017ealimo \u0161to su u\u010desnici radionice imali ovakvo iskustvo&#8221;, ka\u017ee Maribel Keniger, portparolka Erste fondacije, u pisanom odgovoru za BBC na srpskom.<\/p>\n<p>Radionica na kojoj su u\u010destvovali bila je deo programa ove nevladine organizacije koji se odr\u017eava od 2013. godine.<\/p>\n<p>Ve\u0107 je nekoliko puta odr\u017eana i u Beogradu, ali \u201enikada nije problema&#8221;, ka\u017eu iz Erste fondacije.<\/p>\n<p>NGO Akademija je zajedni\u010dki poduhvat ERSTE Fondacije i Centra za kompetencije za neprofitne organizacije i dru\u0161tveno preduzetni\u0161tvo Be\u010dkog univerziteta za ekonomiju i biznis.<\/p>\n<p>Odgovore na pitanja zbog \u010dega su ispitivani i deportovani pojedini u\u010desnici radionice BBC na srpskom nije dobio od Ministarstva unutra\u0161njih poslova (MUP) i Bezbednosno informativne agencije (BIA) Srbije. <\/p>\n<h2>Koja su prava i obaveze policije u civilu<\/h2>\n<p><a href=\"https:\/\/www.paragraf.rs\/propisi\/zakon_o_strancima.html\" target=\"_blank\" rel=\"noopener\">Zakon o strancima<\/a> sadr\u017ei odre\u0111ene odredbe koje daju mogu\u0107nost MUP-u, da na osnovu vlastite procene, donese re\u0161enje o proterivanju stranih dr\u017eavljana iz Srbije.<\/p>\n<p>\u201eU tom re\u0161enju mora da postoje jasni i razumljivi razlozi \u0161to je neko proteran, ali ako sudimo na osnovu prethodnih slu\u010dajeva, to \u010desto nedostaje.<\/p>\n<p>\u201eZato mogu opravdano da ka\u017eem da se radi o politi\u010dkim slu\u010dajevima i politi\u010dkoj zloupotrebi MUP-a&#8221;, ka\u017ee Predrag Petrovi\u0107, direktor istra\u017eivanja Beogradskog centra za bezbednosnu politiku, za BBC na srpskom.<\/p>\n<p>Neki od razloga mogu da budu i kr\u0161enje prekograni\u010dne regulative, da li su u\u0161li van grani\u010dnog prelaza ili su se zadr\u017eali vi\u0161e nego \u0161to zakon dozvoljava, obja\u0161njava advokat Bo\u017eo Prelevi\u0107.<\/p>\n<p>\u201eDruga opcija je da oni misle da se radi o nekoj \u0161pijuna\u017ei, subverzivnim aktivnostima protiv dr\u017eave, ali i tada policija mora da im objasni za\u0161to ih privodi&#8221;, ka\u017ee.<\/p>\n<p>Bez obzira da li se radi o strancu ili dr\u017eavljaninu Srbije, policija pri primeni ovla\u0161\u0107enja mora da se predstavi i poka\u017ee slu\u017ebenu legitimaciju.<\/p>\n<p>\u201eTo mora da traje dovoljno dugo da mo\u017ee da se vidi i identifikacioni broj na osnovu kog mo\u017ee da se utvrdi ko je on, ukoliko prekr\u0161i neko ovla\u0161\u0107enje.<\/p>\n<p>\u201eU slu\u010dajevima kada ima re\u0161enja o deportaciji, postoji mogu\u0107nost da se ulo\u017ei \u017ealba i o tome odlu\u010duje nadle\u017eni sud u upravnom postupku, ali sve \u0161to ste prekr\u0161ili mora da vam unapred bude poznato i morate da znate \u0161ta ste lo\u0161e uradili&#8221;, obja\u0161njava Petrovi\u0107.<\/p>\n<p>Prelevi\u0107, biv\u0161i koministar policije, a danas advokat, podse\u0107a da, ako policajac ima slu\u017ebenu legitimaciju, svejedno je da li je u uniformi ili civilnoj ode\u0107i.<\/p>\n<p>\u201eOvaj doga\u0111aj je samo za unutra\u0161nje politi\u010dke prilike&#8221;, ka\u017ee<\/p>\n<p>Nije ni va\u017eno da li su u\u010desnici radionice bili na protestima u Srbiji, smatra Prelevi\u0107.<\/p>\n<p>\u201eSamo prisustvo na nekom protestu nema nikakav zna\u010daj, jer sam i ja mnogo puta prisustvovao \u0161trajkovima u Atini, kada se zateknem tamo dok traju&#8221;, ukazuje advoka.<\/p>\n<h2>Nije prvi put<\/h2>\n<p>Mediji u Srbiji su pre nekoliko nedelja optu\u017eili studente iz Hrvatske da su prikriveni obave\u0161tajci hrvatske bezbednosne agencije i tajno ih slikali po Beogradu.<\/p>\n<p>Poku\u0161ana je i diskreditacija srpskih studenata koji u\u010destvuju na blokadamao zato \u0161to \u201eimaju hrvatske paso\u0161e&#8221;, da bi se ispostavilo da je re\u010d o Srbima ro\u0111enim u Hrvatskoj.<\/p>\n<p>Vlast u Srbiji ne zna na koji na\u010din da odgovori na masovne proteste, pa poku\u0161ava na ovaj na\u010din da ih kriminalizuje, ocenjuje Predrag Petrovi\u0107.<\/p>\n<p>\u201eOvakvi slu\u010dajevi su se umno\u017eili i slu\u017ee za hranjenje pri\u010de vlasti o unutra\u0161njim i spolja\u0161njim neprijateljima, koji navodno \u017eele da uru\u0161e ustavni poredak i bezbednost Srbije&#8221;, zaklju\u010duje.<\/p>\n<p>BBC na srpskom je od sada i na Jutjubu, pratite nas <a href=\"https:\/\/www.youtube.com\/@bbcnewsnasrpskom\/videos\" target=\"_blank\" rel=\"noopener\">OVDE.<\/a><\/p>\n<p>Pratite nas na <a href=\"https:\/\/www.facebook.com\/BBCNewsnasrpskom\" target=\"_blank\" rel=\"noopener\">Fejsbuku<\/a>, <a href=\"https:\/\/x.com\/bbcnasrpskom\" target=\"_blank\">Tviteru<\/a>, <a href=\"https:\/\/www.instagram.com\/bbcnewsnasrpskom\/\" target=\"_blank\" rel=\"noopener\">Instagramu<\/a> i <a href=\"https:\/\/invite.viber.com\/?g2=AQBkI0TIwObQ%2F05%2FHQsq%2FNA%2BAuEYxNlidvvazJnHYqbAGJhHDn0L%2BccoktcFf57s\" target=\"_blank\" rel=\"noopener\">Vajberu<\/a>. Ako imate predlog teme za nas, javite se na <em><a href=\"https:\/\/boom93.rs\/cdn-cgi\/l\/email-protection\" class=\"__cf_email__\" data-cfemail=\"dbb9b9b8b5baa8a9aba8b0b4b69bb9b9b8f5b8b4f5aeb0\" target=\"_blank\" rel=\"noopener\">[email\u00a0protected]<\/a><\/em><\/p>\n<p><noscript><img decoding=\"async\" src=\"https:\/\/a1.api.bbc.co.uk\/hit.xiti\/?s=598346&amp;p=serbian.articles.ceve0j1mv8xo.lat.page&amp;x1=%5Burn%3Abbc%3Aoptimo%3Aasset%3Aceve0j1mv8xo%5D&amp;x4=%5Bsr-latn%5D&amp;x5=%5Bhttps%3A%2F%2Fwww.bbc.com%2Fserbian%2Farticles%2Fceve0j1mv8xo%2Flat%5D&amp;x7=%5Barticle%5D&amp;x8=%5Bsynd_nojs_ISAPI%5D&amp;x9=%5BProterivanje+stranaca+iz+Beograda%3A+Zatezanje+odnosa+Srbije+i+Hrvatske%5D&amp;x11=%5B2025-01-23T19%3A40%3A00.465Z%5D&amp;x12=%5B2025-01-23T19%3A40%3A00.465Z%5D&amp;x19=%5Bboom93.com%5D\"\/><\/noscript>\n                        <\/div>\n<p><script async defer src=\"https:\/\/platform.instagram.com\/en_US\/embeds.js\"><\/script><br \/>\n<br \/><a href=\"https:\/\/boom93.rs\/article\/28542\/proterivanje-stranaca-iz-beograda-zatezanje-odnosa-srbije-i-hrvatske\" target=\"_blank\" rel=\"noopener\">Source link <\/a><br \/>\n\nZatezanje odnosa Srbije i Hrvatske<\/p>\n","protected":false},"excerpt":{"rendered":"<p>Zbog proterivaja stranih dr\u017eavljanki, Hrvatska je uputila protestnu notu i upozorava sugra\u0111ane da bez preke potrebe ne putuju u Srbiju.&hellip;<\/p>\n","protected":false},"author":1,"featured_media":6557,"comment_status":"open","ping_status":"open","sticky":false,"template":"","format":"standard","meta":{"footnotes":""},"categories":[1],"tags":[],"class_list":["post-6556","post","type-post","status-publish","format-standard","has-post-thumbnail","hentry","category-oglasi-svilajnac"],"_links":{"self":[{"href":"https:\/\/oglasi.infooglasi.rs\/oglasi\/oglasisvilajnac\/wp-json\/wp\/v2\/posts\/6556","targetHints":{"allow":["GET"]}}],"collection":[{"href":"https:\/\/oglasi.infooglasi.rs\/oglasi\/oglasisvilajnac\/wp-json\/wp\/v2\/posts"}],"about":[{"href":"https:\/\/oglasi.infooglasi.rs\/oglasi\/oglasisvilajnac\/wp-json\/wp\/v2\/types\/post"}],"author":[{"embeddable":true,"href":"https:\/\/oglasi.infooglasi.rs\/oglasi\/oglasisvilajnac\/wp-json\/wp\/v2\/users\/1"}],"replies":[{"embeddable":true,"href":"https:\/\/oglasi.infooglasi.rs\/oglasi\/oglasisvilajnac\/wp-json\/wp\/v2\/comments?post=6556"}],"version-history":[{"count":0,"href":"https:\/\/oglasi.infooglasi.rs\/oglasi\/oglasisvilajnac\/wp-json\/wp\/v2\/posts\/6556\/revisions"}],"wp:featuredmedia":[{"embeddable":true,"href":"https:\/\/oglasi.infooglasi.rs\/oglasi\/oglasisvilajnac\/wp-json\/wp\/v2\/media\/6557"}],"wp:attachment":[{"href":"https:\/\/oglasi.infooglasi.rs\/oglasi\/oglasisvilajnac\/wp-json\/wp\/v2\/media?parent=6556"}],"wp:term":[{"taxonomy":"category","embeddable":true,"href":"https:\/\/oglasi.infooglasi.rs\/oglasi\/oglasisvilajnac\/wp-json\/wp\/v2\/categories?post=6556"},{"taxonomy":"post_tag","embeddable":true,"href":"https:\/\/oglasi.infooglasi.rs\/oglasi\/oglasisvilajnac\/wp-json\/wp\/v2\/tags?post=6556"}],"curies":[{"name":"wp","href":"https:\/\/api.w.org\/{rel}","templated":true}]}}