{"id":6583,"date":"2025-04-07T23:11:48","date_gmt":"2025-04-07T21:11:48","guid":{"rendered":"https:\/\/oglasi.infooglasi.rs\/oglasi\/oglasisvilajnac\/prvi-put-roditelji-u-100-godini-oglasi-svilajnac\/"},"modified":"2025-04-07T23:11:48","modified_gmt":"2025-04-07T21:11:48","slug":"prvi-put-roditelji-u-100-godini-oglasi-svilajnac","status":"publish","type":"post","link":"https:\/\/oglasi.infooglasi.rs\/oglasi\/oglasisvilajnac\/prvi-put-roditelji-u-100-godini-oglasi-svilajnac\/","title":{"rendered":"Prvi put roditelji u 100. godini &#8211; OGLASI SVILAJNAC"},"content":{"rendered":"<p><\/p>\n<p>\u017denka je stigla 1932. godine, a do sada nije zabele\u017eeno da je neka galapagoska kornja\u010da sa ovoliko godina prvi put postala majka. <\/p>\n<div>\n<p>Par ugro\u017eenih d\u017einovskih kornja\u010da, starih oko 100 godina, koje \u017eive u zoolo\u0161kom vrtu u Filadelfiji, prvi put je dobio potomke prvi put.<\/p>\n<p>\u201ePresre\u0107ni smo&#8221; zbog dolaska na svet \u010detvoro mladunaca \u010diji su roditelji Abrazo i Momi, par galapagoskih kornja\u010da sa zapadnog Santa Kruza, saop\u0161teno je iz zoolo\u0161kog vrta.<\/p>\n<p>Ovo su prvi mladunci kornja\u010da sa Galapagosa u istoriji zoolo\u0161kog vrta, koji postoji vi\u0161e od 150 godina.<\/p>\n<p>Momi je stigla 1932. godine, a do sada nije zabele\u017eeno da je neka galapagoska kornja\u010da sa ovoliko godina prvi put postala majka.  <\/p>\n<p>Galapagoske kornja\u010de sa zapadnog Santa Kruza su ugro\u017eena vrsta u prirodi, a manje  od 50 primeraka opve vrste \u017eivi u ameri\u010dkim zoolo\u0161kim vrtovima.<\/p>\n<p>Prve male kornja\u010de izlegle su se 27. februara, a za njima su ubrzo stigle i ostale.<\/p>\n<p>Tim za brigu o \u017eivotinjama prati preostala jaja iz kojih bi se tokom slede\u0107ih nedelja moglo izlegnuti jo\u0161 mladunaca.<\/p>\n<p>\u010cetiri mladunca imaju izme\u0111u 70 i 80 grama.<\/p>\n<figure>         <img loading=\"lazy\" decoding=\"async\" alt=\"mladun\u010de galapagoskih kornja\u010da\" src=\"https:\/\/boom93.rs\/image\/cache\/extra-large\/files\/images\/1744009563.3388\" width=\"1024\" height=\"575\"\/>         <\/p>\n<footer>Filadelfijski zoolo\u0161ki vrt<\/footer><figcaption>Jedno od \u010detvoro mladunaca galapagoskih kornja\u010da u Filadelfijskom zoolo\u0161kom vrtu<\/figcaption><\/figure>\n<p>Posetioci trenutno ne mogu da vide mladunce jer su u delu vrta za reptile i vodozemce, gde \u201ejedu i rastu&#8221;, rekli su iz zoolo\u0161kog vrta.<\/p>\n<p>Bi\u0107e predstavljeni javnosti 23. aprila kada \u0107e biti obele\u017eeno 93 godine od dolaska Mome u zoolo\u0161ki vrt.<\/p>\n<p>Mladunci su deo programa \u010diji je cilj o\u010duvanje vrste i genetske raznolikosti.<\/p>\n<p>\u201eOvo je zna\u010dajna prekretnica u istoriji Filadelfijskog zoolo\u0161kog vrta, i veoma smo uzbu\u0111eni da podelimo ovu vest sa na\u0161im gradom, regionom i svetom&#8221;, rekla je D\u017eo-Ela Mogerman, predsednica zoolo\u0161kog vrta.<\/p>\n<p>\u201eMomi je stigla u zoolo\u0161ki vrt 1932, \u0161to zna\u010di da ju je video svako ko je posetio vrt u poslednjih devet decenija&#8221;, rekla je Mogerman.<\/p>\n<p>Abrazo je nedavno stigao, po\u0161to se 2020. godine preselio iz zoolo\u0161kog vrta u Ju\u017enoj Karolini u Filadelfiju.<\/p>\n<p>\u201eFiladelfijski zoolo\u0161ki vrt \u017eeli da ovi mladunci budu deo populacije galapagoskih kornja\u010da koja \u0107e se \u0161iriti na na\u0161oj planeti u narednih 100 godina&#8221;, dodala je.<\/p>\n<p><em>BBC na srpskom je od sada i na Jutjubu, pratite nas <\/em><a href=\"https:\/\/www.youtube.com\/@bbcnewsnasrpskom\/videos\" target=\"_blank\" rel=\"noopener\"><em>OVDE.<\/em><\/a><\/p>\n<p><em>Pratite nas na <\/em><a href=\"https:\/\/www.facebook.com\/BBCNewsnasrpskom\" target=\"_blank\" rel=\"noopener\"><em>Fejsbuku<\/em><\/a><em>, <\/em><a href=\"https:\/\/x.com\/bbcnasrpskom\" target=\"_blank\"><em>Tviteru<\/em><\/a><em>, <\/em><a href=\"https:\/\/www.instagram.com\/bbcnewsnasrpskom\/\" target=\"_blank\" rel=\"noopener\"><em>Instagramu<\/em><\/a><em>, <\/em><a href=\"https:\/\/www.youtube.com\/@bbcnewsnasrpskom\/videos\" target=\"_blank\" rel=\"noopener\"><em>Jutjubu<\/em><\/a><em> i <\/em><a href=\"https:\/\/invite.viber.com\/?g2=AQBkI0TIwObQ%2F05%2FHQsq%2FNA%2BAuEYxNlidvvazJnHYqbAGJhHDn0L%2BccoktcFf57s\" target=\"_blank\" rel=\"noopener\"><em>Vajberu<\/em><\/a><em>. Ako imate predlog teme za nas, javite se na <a href=\"https:\/\/boom93.rs\/cdn-cgi\/l\/email-protection\" class=\"__cf_email__\" data-cfemail=\"4c2e2e2f222d3f3e3c3f2723210c2e2e2f622f23623927\" target=\"_blank\" rel=\"noopener\">[email\u00a0protected]<\/a><\/em><\/p>\n<p><noscript><img decoding=\"async\" src=\"https:\/\/a1.api.bbc.co.uk\/hit.xiti\/?s=598346&amp;p=serbian.articles.cp31w3el5q2o.lat.page&amp;x1=%5Burn%3Abbc%3Aoptimo%3Aasset%3Acp31w3el5q2o%5D&amp;x4=%5Bsr-latn%5D&amp;x5=%5Bhttps%3A%2F%2Fwww.bbc.com%2Fserbian%2Farticles%2Fcp31w3el5q2o%2Flat%5D&amp;x7=%5Barticle%5D&amp;x8=%5Bsynd_nojs_ISAPI%5D&amp;x9=%5BPrvi+put+roditelji+u+100.+godini%5D&amp;x11=%5B2025-04-07T07%3A00%3A25.3Z%5D&amp;x12=%5B2025-04-07T07%3A00%3A25.3Z%5D&amp;x19=%5Bboom93.com%5D\"\/><\/noscript>\n                        <\/div>\n<p><script async defer src=\"https:\/\/platform.instagram.com\/en_US\/embeds.js\"><\/script><br \/>\n<br \/><a href=\"https:\/\/boom93.rs\/article\/44692\/prvi-put-roditelji-u-100-godini\" target=\"_blank\" rel=\"noopener\">Source link <\/a><br \/>\n\nPrvi put roditelji u 100. godini<\/p>\n","protected":false},"excerpt":{"rendered":"<p>\u017denka je stigla 1932. godine, a do sada nije zabele\u017eeno da je neka galapagoska kornja\u010da sa ovoliko godina prvi put&hellip;<\/p>\n","protected":false},"author":1,"featured_media":6584,"comment_status":"open","ping_status":"open","sticky":false,"template":"","format":"standard","meta":{"footnotes":""},"categories":[1],"tags":[],"class_list":["post-6583","post","type-post","status-publish","format-standard","has-post-thumbnail","hentry","category-oglasi-svilajnac"],"_links":{"self":[{"href":"https:\/\/oglasi.infooglasi.rs\/oglasi\/oglasisvilajnac\/wp-json\/wp\/v2\/posts\/6583","targetHints":{"allow":["GET"]}}],"collection":[{"href":"https:\/\/oglasi.infooglasi.rs\/oglasi\/oglasisvilajnac\/wp-json\/wp\/v2\/posts"}],"about":[{"href":"https:\/\/oglasi.infooglasi.rs\/oglasi\/oglasisvilajnac\/wp-json\/wp\/v2\/types\/post"}],"author":[{"embeddable":true,"href":"https:\/\/oglasi.infooglasi.rs\/oglasi\/oglasisvilajnac\/wp-json\/wp\/v2\/users\/1"}],"replies":[{"embeddable":true,"href":"https:\/\/oglasi.infooglasi.rs\/oglasi\/oglasisvilajnac\/wp-json\/wp\/v2\/comments?post=6583"}],"version-history":[{"count":0,"href":"https:\/\/oglasi.infooglasi.rs\/oglasi\/oglasisvilajnac\/wp-json\/wp\/v2\/posts\/6583\/revisions"}],"wp:featuredmedia":[{"embeddable":true,"href":"https:\/\/oglasi.infooglasi.rs\/oglasi\/oglasisvilajnac\/wp-json\/wp\/v2\/media\/6584"}],"wp:attachment":[{"href":"https:\/\/oglasi.infooglasi.rs\/oglasi\/oglasisvilajnac\/wp-json\/wp\/v2\/media?parent=6583"}],"wp:term":[{"taxonomy":"category","embeddable":true,"href":"https:\/\/oglasi.infooglasi.rs\/oglasi\/oglasisvilajnac\/wp-json\/wp\/v2\/categories?post=6583"},{"taxonomy":"post_tag","embeddable":true,"href":"https:\/\/oglasi.infooglasi.rs\/oglasi\/oglasisvilajnac\/wp-json\/wp\/v2\/tags?post=6583"}],"curies":[{"name":"wp","href":"https:\/\/api.w.org\/{rel}","templated":true}]}}