{"id":6587,"date":"2025-04-18T14:49:17","date_gmt":"2025-04-18T12:49:17","guid":{"rendered":"https:\/\/oglasi.infooglasi.rs\/oglasi\/oglasisvilajnac\/sta-kaze-ruska-tajna-sluzba-o-jakom-zvuku-na-protestu-u-beogradu-15-marta-oglasi-svilajnac\/"},"modified":"2025-04-18T14:49:17","modified_gmt":"2025-04-18T12:49:17","slug":"sta-kaze-ruska-tajna-sluzba-o-jakom-zvuku-na-protestu-u-beogradu-15-marta-oglasi-svilajnac","status":"publish","type":"post","link":"https:\/\/oglasi.infooglasi.rs\/oglasi\/oglasisvilajnac\/sta-kaze-ruska-tajna-sluzba-o-jakom-zvuku-na-protestu-u-beogradu-15-marta-oglasi-svilajnac\/","title":{"rendered":"\u0160ta ka\u017ee ruska tajna slu\u017eba o &#8216;jakom zvuku&#8217; na protestu u Beogradu 15. marta &#8211; OGLASI SVILAJNAC"},"content":{"rendered":"<p><\/p>\n<p>Na osnovu svedo\u010denja ljudi koji su bili na protestu 15. marta, mo\u017ee se zaklju\u010diti da je &#8220;postojala namera da se zastra\u0161i stanovni\u0161tvo&#8221;.<\/p>\n<div>\n<figure>         <img loading=\"lazy\" decoding=\"async\" alt=\"zvu\u010dni top\" src=\"https:\/\/boom93.rs\/image\/cache\/extra-large\/files\/images\/1744962668.0867\" width=\"800\" height=\"511\"\/>         <\/p>\n<footer>Fonet<\/footer><figcaption>Ministar policije Ivica Da\u010di\u0107 i najvi\u0161i predstavnici MUP-a pokazali su LRAD ure\u0111aj, kolokvijalno nazvan &#8216;zvu\u010dni top&#8217;, nabavljen za obave\u0161tavanja na velikim skupovima, kako ka\u017eu.<\/figcaption><\/figure>\n<p>Ni mesec dana posle velikog protesta 15. marta u Beogradu, u organizaciji studenata u blokadi, nije jasno i poznato kakav se \u010dudan zvuk \u010duo i \u0161ta je nateralo hiljade ljudi u beg.<\/p>\n<p>Dok su demonstranti svedo\u010dili o neobja\u0161njivom zvuku koji je naterao masu u beg i pometnju, predstavnici vlasti davali su kontradiktorne izjave, negiraju\u0107i da je kori\u0161\u0107eno nekakvo zvu\u010dno oru\u017eje.<\/p>\n<p>Predsednik Srbije Aleksandar Vu\u010di\u0107 <a href=\"https:\/\/www.youtube.com\/watch?v=Ih_uXB5ZuAo&amp;t=3s\" target=\"_blank\" rel=\"noopener\">predstavio je<\/a> 16. aprila analizu ruske tajne slu\u017ebe (FSB) u kojem se tvrdi da na protestu \u201enisu kori\u0161\u0107eni akusti\u010dni ure\u0111aji koje poseduje srpska policija&#8221;. <\/p>\n<p>Izve\u0161taj, objavljen <a href=\"https:\/\/www.bia.gov.rs\/sites\/default\/files\/2025-04\/%D0%98%D0%B7%D0%B2%D0%B5%D1%88%D1%82%D0%B0j%20%D0%BD%D0%B0%20%D1%81%D1%80%D0%BF%D1%81%D0%BA%D0%BE%D0%BC%20%D1%98%D0%B5%D0%B7%D0%B8%D0%BA%D1%83.pdf\" target=\"_blank\" rel=\"noopener\">na sajtu<\/a> srpske tajne policije (Bezbednosno-informativne agencije) na srpskom i ruskom jeziku, nije potpisan i nije poznato ko ga je sastavio.<\/p>\n<p>BBC za sada ne mo\u017ee da potvrdi verodostojnost izve\u0161taja.<\/p>\n<p>Svedo\u010denja ljudi o \u010dudnom i neobja\u0161njivom zvuku pre\u0161la su granice Srbije, po\u0161to su se nevladine organizacije, koje su prikupile svedo\u010denja demonstranata, obratile predstavnicima Ujedinjenih nacija i Evropskom sudu za ljudska prava.<\/p>\n<p>I <a href=\"https:\/\/www.bbc.com\/serbian\/topics\/cly9dd4w09wt\/lat?xtor=AL-73-%5Bpartner%5D-%5Bboom93.com%5D-%5Blink%5D-%5Bserbian%5D-%5Bbizdev%5D-%5Bisapi%5D\" target=\"_blank\" rel=\"noopener\">studenti koji mesecima protestuju<\/a> tra\u017ee\u0107i odgovornost za pogibiju 16 ljudi u padu nadstre\u0161nice na novosadskoj \u017eelezni\u010dkoj stanici, dodali su <a href=\"https:\/\/www.bbc.com\/serbian\/articles\/c4g9l1d4z23o\/lat?xtor=AL-73-%5Bpartner%5D-%5Bboom93.com%5D-%5Blink%5D-%5Bserbian%5D-%5Bbizdev%5D-%5Bisapi%5D\" target=\"_blank\" rel=\"noopener\">i zahtev<\/a> da se detaljno istra\u017ei incident na protestu 15. marta.<\/p>\n<h2>Svedo\u010denja demonstranata i izve\u0161taji nevladinih organizacija<\/h2>\n<p>Telefoni pojedinih nevladinih organizacija u Srbiji 15. marta uve\u010de nisu prestajali da zvone.<\/p>\n<p>Jedan za drugim javljali su se ljudi koji su par sati ranije bili na protestu u centru Beograda kada je iznenada nastao op\u0161tio haos i panika tokom odavanje po\u0161te u ti\u0161ini za 16 poginulih u padu nadstre\u0161nice u Novom Sadu. <\/p>\n<p>Specijalni izvestilac UN protiv torture i specijalni izvestilac UN za slobodu okupljanja pokrenuli su postupke zbog doga\u0111aja 15. marta, rekla je Katarina Golubovi\u0107 iz Komiteta pravnika za ljudska prava Jukom.<\/p>\n<p>Tada se desio \u201enapad na \u017eivot, telo i slobodu velikog broja gra\u0111ana&#8221;, smatra ona.<\/p>\n<p>Jukom i jo\u0161 pet nevladinih organizacija prikupili su svedo\u010denja ljudi koji su se na\u0161li du\u017e centralne beogradske ulice kralja Milana, gde se neobja\u0161njivi zvuk najja\u010de \u010duo.<\/p>\n<p>Na osnovu tih iskaza, podneli su  9. aprila krivi\u010dnu prijavu za delo terorizma Tu\u017eila\u0161tvu za organizovani kriminal.<\/p>\n<p>\u201ePostojala je namera da se zastra\u0161i stanovni\u0161tvo&#8221;, tvrdi Golubovi\u0107.<\/p>\n<p>Nevladine organizacije prikupile su vi\u0161e od 4.000 svedo\u010denja, od kojih su na osnovu 3.032 uradili analizu do\u017eivljaja neobja\u0161njenog zvuka i njegovih posledica, objavljenu na sajtu <a href=\"https:\/\/zvuk.labs.rs\/\" target=\"_blank\" rel=\"noopener\">zvuk.labs.rs<\/a>.<\/p>\n<p>\u201eKao konjica da tr\u010di ka nama, jako velikom brzinom. Mislila sam da su po\u010deli da gaze preko ljudi nekom velikom brzom ma\u0161inom&#8221;, jedno je od svedo\u010denja u tom izve\u0161taju.<\/p>\n<p>Svedo\u010denja su zastra\u0161uju\u0107a, zbog \u010dega podaci prikupljeni na sajtu zvuk.lab.rs izgledaju kao \u201etriler sa elementima horora&#8221;, rekao je \u0110or\u0111e Krivokapi\u0107 iz \u0160er (<em>Shar<\/em>e) fondacije. <\/p>\n<h2>\u0160ta je utvrdila istraga ruskog FSB-a?<\/h2>\n<p>Na protestu nije kori\u0161\u0107en takozvani zvu\u010dni top niti akusti\u010dni ure\u0111aji za razbijanje masa, rekao je Vu\u010di\u0107 novinarima. <\/p>\n<p>\u201eNa osnovu dobijenih rezultata, mo\u017ee se doneti kategori\u010dki zaklju\u010dak da akusti\u010dni ure\u0111aji tipa emitera, svi ovi nabrojani, koje poseduju policijski organi Srbije nisu primenjeni tokom protesta&#8221;, <a href=\"https:\/\/www.youtube.com\/watch?v=Ih_uXB5ZuAo&amp;t=3s\" target=\"_blank\" rel=\"noopener\">rekao je Vu\u010di\u0107<\/a>, citiraju\u0107i zaklju\u010dak ruske slu\u017ebe.<\/p>\n<p>Izve\u0161taj je objavljen i <a href=\"https:\/\/www.bia.gov.rs\/sites\/default\/files\/2025-04\/%D0%98%D0%B7%D0%B2%D0%B5%D1%88%D1%82%D0%B0j%20%D0%BD%D0%B0%20%D1%81%D1%80%D0%BF%D1%81%D0%BA%D0%BE%D0%BC%20%D1%98%D0%B5%D0%B7%D0%B8%D0%BA%D1%83.pdf\" target=\"_blank\" rel=\"noopener\">na sajtu Bezbednosno-informativne agencije<\/a> (BIA) Srbije, na <a href=\"https:\/\/www.bia.gov.rs\/sites\/default\/files\/2025-04\/%D0%98%D0%B7%D0%B2%D0%B5%D1%88%D1%82%D0%B0j%20%D0%BD%D0%B0%20%D1%81%D1%80%D0%BF%D1%81%D0%BA%D0%BE%D0%BC%20%D1%98%D0%B5%D0%B7%D0%B8%D0%BA%D1%83.pdf\" target=\"_blank\" rel=\"noopener\">srpskom<\/a> i <a href=\"https:\/\/www.bia.gov.rs\/sites\/default\/files\/2025-04\/%D0%98%D0%B7%D0%B2%D0%B5%D1%88%D1%82%D0%B0j%20%D0%BD%D0%B0%20%D1%80%D1%83%D1%81%D0%BA%D0%BE%D0%BC%20%D1%98%D0%B5%D0%B7%D0%B8%D0%BA%D1%83.pdf\" target=\"_blank\" rel=\"noopener\">ruskom<\/a> jeziku.<\/p>\n<p>Nijedan od ta dva izve\u0161taja nije potpisan niti je poznato kada su i koliko ruskih agenata sproveli istragu.<\/p>\n<p>Vu\u010di\u0107 je rekao da je FSB u istrazi koristio i pse, kako bi dokazali njihov zaklju\u010dak. <\/p>\n<p>Ka\u017eu da su psi 16 puta osetljiviji na zvuk od ljudi, ka\u017ee srpski predsednik.<\/p>\n<p>Prethodno je objavio da navode o kori\u0161\u0107enju zvu\u010dnog oru\u017eja u Srbiji, uz FSB, analizira i ameri\u010dki Federalni istra\u017eni biro (FBI). <\/p>\n<p>Nije poznato da li su agenti FBI-ja, koji mogu da sprovode istrage u inostranstvu samo ako ih pozove zemlja u kojoj je po\u010dinjen zlo\u010din ili teroristi\u010dki \u010din, analizirali slu\u010daj.<\/p>\n<p>\u201eOvo je bio unapred smi\u0161ljen i organizovan napad na dr\u017eavu sa ciljem da se isprovocira apsolutna nestabilnost i nasilno ru\u0161enje poretka&#8221;, tvrdi Vu\u010di\u0107.<\/p>\n<p>U Srbiji se sprovodi \u201e<a href=\"https:\/\/www.bbc.com\/serbian\/articles\/cly56517kdyo\/lat?xtor=AL-73-%5Bpartner%5D-%5Bboom93.com%5D-%5Blink%5D-%5Bserbian%5D-%5Bbizdev%5D-%5Bisapi%5D\" target=\"_blank\" rel=\"noopener\">obojena revolucija<\/a>&#8220;, optu\u017euje ponovo Vu\u010di\u0107.<\/p>\n<p>\u201eProtiv Srbije, kada se vodi obojena revolucija, vodi se politi\u010dki, ekonomski i informativno-psiholo\u0161ki rat. Ovo je bio ovaj tre\u0107i oblik&#8221;, ka\u017ee.<\/p>\n<p>Rekao je da \u0107e zahtevati krivi\u010dno-pravnu odgovornost za one koji su \u201eobmanjivali javnost&#8221; o navodnom kori\u0161\u0107enju zvu\u010dnog topa.<\/p>\n<p>Federalna slu\u017eba bezbednosti FSB je naslednica KGB-a iz vremena Sovjetskog Saveza, \u010diji je <a href=\"https:\/\/www.bbc.com\/serbian\/lat\/svet-50826152?xtor=AL-73-%5Bpartner%5D-%5Bboom93.com%5D-%5Blink%5D-%5Bserbian%5D-%5Bbizdev%5D-%5Bisapi%5D\" target=\"_blank\" rel=\"noopener\">pripadnik bio i dugogodi\u0161nji predsednik Rusije Vladimir Putin<\/a>.<\/p>\n<p>Vi\u0161e verujemo iskustvu hiljada gra\u0111ana nego predsedniku Srbije i ruskoj tajnoj slu\u017ebi, objavila je nevladina organizacija CRTA posle objave zaklju\u010dka FSB-a. <\/p>\n<p>\u201eOd predsednika dr\u017eave i dalje o\u010dekujemo da objasni po kojem pravnom osnovu je anga\u017eovana obave\u0161tajna slu\u017eba druge dr\u017eave. <\/p>\n<p>\u201eNe smemo da dozvolimo da institucije na\u0161e dr\u017eave stave ta\u010dku na potragu za istinom o napadu na gra\u0111ane&#8221;, zaklju\u010dili su u objavi na dru\u0161tvenoj mre\u017ei Iks. <\/p>\n<p><a href=\"https:\/\/www.youtube.com\/watch?v=0ykXKv5Vqew\" target=\"_blank\" rel=\"noopener\">https:\/\/www.youtube.com\/watch?v=0ykXKv5Vqew<\/a><\/p>\n<h2>Istrage u Srbiji<\/h2>\n<p>Do sada je otvoreno vi\u0161e postupaka zbog doga\u0111aja 15. marta.<\/p>\n<p>Prvo osnovno tu\u017eila\u0161tvo u Beogradu je pokrenulo istragu da li su oni koji su tvrdili da su \u201ebili izlo\u017eeni udaru zvu\u010dnog topa&#8221; po\u010dinili krivi\u010dno delo izazivanje panike i nereda. <\/p>\n<p>Bezbednosne slu\u017ebe nisu upotrebile \u201ezvu\u010dni top&#8221;, niti su ga njeni pripadnici videli ili \u010duli, saop\u0161tilo je ovo tu\u017eila\u0161tvo dva dana posle mete\u017ea u centru grada.<\/p>\n<p>Isto tu\u017eila\u0161tvo je potom otvorilo istragu da bi utvrdilo \u0161ta se ta\u010dno dogodilo u centru Beograda.<\/p>\n<p>Dok se \u010dekaju odgovori, smenjivale su se opre\u010dne informacije &#8211; ima li Srbija zvu\u010dni top, LRAD ure\u0111aj ili ne\u0161to tre\u0107e, i da li su takve naprave kori\u0161\u0107ene.<\/p>\n<p>Ministar policije Ivica Da\u010di\u0107 rekao je da MUP ima vi\u0161e LRAD ure\u0111aja, ali da oni nisu kvalifikovani kao oru\u017eje, jer to ne bi bilo u skladu sa zakonom.<\/p>\n<p>Ovi ure\u0111aji, koje je ministar u jednoj od izjava nazvao i malo ja\u010dim megafonima, namenjeni su obave\u0161tavanju velikog broja ljudi.<\/p>\n<p>Zato je jedan od njih bio postavljen kod Skup\u0161tine Srbije na dan protesta, rekao je po\u0161to su na dru\u0161tvenim mre\u017eama objavljene fotografije LRAD-a kod parlamenta. <\/p>\n<p>Deset dana posle protesta u Beogradu, Vu\u010di\u0107 je u Briselu najvi\u0161im evropskim zvani\u010dnicima <a href=\"https:\/\/www.bbc.com\/serbian\/articles\/c0kv7r24zn7o\/lat?xtor=AL-73-%5Bpartner%5D-%5Bboom93.com%5D-%5Blink%5D-%5Bserbian%5D-%5Bbizdev%5D-%5Bisapi%5D\" target=\"_blank\" rel=\"noopener\">rekao da<\/a> \u201eSrbija nema \u0161ta da krije i u potpunosti je otvorena da se to sagleda na svaki mogu\u0107i na\u010din&#8221;.<\/p>\n<p><strong>Pogledajte video: Prodoran huk, strah i prekid ti\u0161ine na protestu 15. marta<\/strong><\/p>\n<h2>\u0160ta su rekli svedoci?<\/h2>\n<p>Za samo jedan dan, stotine ljudi javile su se nevladinim organizacijama na poziv da podele sopstveno iskustvo.<\/p>\n<p>Ve\u0107ina ih je rekla da je \u010dula ne\u0161to \u0161to nalikuje zvuku automobila u ubrzanju, kamiona ili nekog drugog drumskog vozila.<\/p>\n<p>Mnogi su govorili o zvuku aviona, letelice ili drona, ali i niske frekvencije, poput huka ili brujanja koji kao da je i\u0161ao pravo na njih. <\/p>\n<p>\u201ePrvo ti\u0161e, kao da se ljudi na skupu ogla\u0161avaju, a zatim sve glasnije, pomislila sam da se neko vojno oklopno vozilo zaletelo u ljude. <\/p>\n<p>\u201eGlasan huk kao avion, ili neko vozilo u tunelu&#8221;, jedno je od svedo\u010denja.<\/p>\n<p>Iskustvo je ostavilo posledice, fizi\u010dke i psihi\u010dke, a najvi\u0161e strah, anksioznost, paniku,  pokazuju svedo\u010denja.<\/p>\n<p>\u201eOsetila sam strah i paniku intenziteta koji mi je nepoznat kao i paranoju, satima kasnije. <\/p>\n<p>\u201eBila sam ube\u0111ena da je gotovo i da \u0107e sve da nas pobije. Bilo mi je te\u0161ko da se suzdr\u017eim da ne vri\u0161tim od koli\u010dine prestravljenosti. <\/p>\n<p>\u201eNikada tako ne\u0161to nisam iskusila&#8221;, ispri\u010dala je jedna svedokinja.<\/p>\n<p>Pominjani su i fizi\u010dki simptomi, poput problema sa sluhom, glavobolje i sr\u010dane tegobe.<\/p>\n<h2>Potraga za odgovorima<\/h2>\n<p>Predstavnici nevladinih organizacija su pokucali na mnoga vrata &#8211; prvo kod doma\u0107eg tu\u017eila\u0161tva, a potom i me\u0111unarodnih institucija.<\/p>\n<p>Iz izjave istra\u017eiva\u010da Omega instituta, koji se bavi kr\u0161enjem ljudskih prava, saznali smo da su izvestioci protiv torture i za slobodu okupljanja zatra\u017eili izve\u0161taj od Srbije koje je sredstvo upotrebljeno, rekla je Golubovi\u0107.<\/p>\n<p>Predstavnici nevladinih organizacija tra\u017ee od Ujedinjenih nacija da pozovu dr\u017eavu da spre\u010di dalju upotrebu bilo kog nedozvoljenog sredstva za razbijanje mase, ali i da sprovede delotvornu istragu.<\/p>\n<p>Predstavnici UN kancelarija nisu odgovorili na pitanja BBC novinara o postupcima koji su pokrenuti zbog doga\u0111aja 15. marta do objavljivanja ovog teksta.<\/p>\n<p><a href=\"https:\/\/x.com\/KPromeni\/status\/1909855355955208415\" target=\"_blank\">Opozicioni pokret Kreni-promeni <\/a>predao je kancelariji UN u Beogradu peticiju sa blizu 600.000 potpisa kojom se tra\u017ei me\u0111unarodna istraga navodne upotrebe zvu\u010dnog oru\u017eja tokom studentskog protesta 15. marta.<\/p>\n<p>Od Evropskog suda za ljudska prava zatra\u017eeno je da se Srbiji izrekne jedna ili vi\u0161e hitnih privremenih mera zbog upotrebe nepoznatog sredstva kojim je prekinuta 15-minutna ti\u0161ina.<\/p>\n<p>U odgovoru sudu na ovaj zahtev, Srbija je porekla da je upotrebljeno neko sredstvo, rekao je Vladica Ili\u0107 iz Beogradskog centra za ljudska prava.<\/p>\n<p>Odgovornost dr\u017eave je da utvrdi \u0161ta se desilo i ko je upotrebio nepoznato sredstvo, ka\u017ee Ili\u0107.<\/p>\n<p>Predsednik Srbije<a href=\"https:\/\/www.euronews.rs\/srbija\/politika\/161434\/vucic-zahteva-istragu-zbog-dezinformacija-o-zvucnim-topovima\/vest\" target=\"_blank\" rel=\"noopener\"> zatra\u017eio je na sednici vlade 16. marta<\/a> od ministarke pravde Maje Popovi\u0107 da se kazne oni koji \u0161ire dezinformacije o zvu\u010dnom topu, podsetio je Ili\u0107. <\/p>\n<p>Potom je otvorena istraga o izazivanju panike tvrdnjama o upotrebi zvu\u010dnog topa, dodao je.<\/p>\n<h2>Saslu\u0161anja zbog &#8216;zvu\u010dnog topa&#8217;<\/h2>\n<p>Prvo osnovno tu\u017eila\u0161tvo najavilo je da \u0107e od 14. apirla u okviru istrage po\u010deti da saslu\u0161ava svedoke doga\u0111aja.<\/p>\n<p>Bi\u0107e saslu\u0161ani oni koji su do 3. aprila dostavili podatke posredstvom nevladinih organizacija i imaju lekarsku dokumentaciju o pretrpljenim tegobama, preneo je <a href=\"https:\/\/www.insajder.net\/prenosimo\/tuzilastvo-za-insajder-saslusanja-gradana-povodom-dogadaja-na-protestu-15-marta-pocinju-sledece-nedelje\" target=\"_blank\" rel=\"noopener\">Insajder<\/a>. <\/p>\n<p>Prethodno je \u010cedomir Jovanovi\u0107, predsednik Liberalno-demokratske partije, rekao da je saslu\u0161an u policiji, zbog tvrdnji koje je izneo tokom televizijskog gostovanja.<\/p>\n<p>Ne znaju\u0107i da je u programu u\u017eivo, Jovanovi\u0107 je, izme\u0111u ostalog, rekao da je \u201epu\u0161ten zvuk&#8221; kada je \u201enastao haos&#8221;.<\/p>\n<p>Tvrdio je i da su se u isto vreme desila i dva \u201esinhronizovana&#8221; napada &#8211; na policiju i studente. <\/p>\n<p>\u201eNi\u0161ta nije slu\u010dajno, pa ni ono \u0161to se desilo u studiju Tanjuga.<\/p>\n<p>\u201eStojim iza svake re\u010di izgovorene u programu, a potom date i potpisane&#8221; pred policijom.<\/p>\n<p>\u201eSpreman sam da to ponovim pred svakim tu\u017eiocem&#8221;, rekao je u objavi na <a href=\"https:\/\/www.instagram.com\/p\/DILxHyIs2Wu\/?hl=en\" target=\"_blank\" rel=\"noopener\">Instagramu<\/a>. <\/p>\n<p><em>Pratite nas na <\/em><a href=\"https:\/\/www.facebook.com\/BBCNewsnasrpskom\" target=\"_blank\" rel=\"noopener\"><em>Fejsbuku<\/em><\/a><em>, <\/em><a href=\"https:\/\/x.com\/bbcnasrpskom\" target=\"_blank\"><em>Tviteru<\/em><\/a><em>, <\/em><a href=\"https:\/\/www.instagram.com\/accounts\/login\/?next=https%3A%2F%2Fwww.instagram.com%2Fbbcnewsnasrpskom%2F&amp;is_from_rle\" target=\"_blank\" rel=\"noopener\"><em>Instagramu,<\/em><\/a><em> <\/em><a href=\"https:\/\/www.youtube.com\/@bbcnewsnasrpskom\" target=\"_blank\" rel=\"noopener\"><em>Jutjubu <\/em><\/a><em>i <\/em><a href=\"https:\/\/invite.viber.com\/?g2=AQBkI0TIwObQ%2F05%2FHQsq%2FNA%2BAuEYxNlidvvazJnHYqbAGJhHDn0L%2BccoktcFf57s&amp;lang=en\" target=\"_blank\" rel=\"noopener\"><em>Vajberu<\/em><\/a><em>. Ako imate predlog teme za nas, javite se na <a href=\"https:\/\/boom93.rs\/cdn-cgi\/l\/email-protection\" class=\"__cf_email__\" data-cfemail=\"c2a0a0a1aca3b1b0b2b1a9adaf82a0a0a1eca1adecb7a9\" target=\"_blank\" rel=\"noopener\">[email\u00a0protected]<\/a><\/em><\/p>\n<p><noscript><img decoding=\"async\" src=\"https:\/\/a1.api.bbc.co.uk\/hit.xiti\/?s=598346&amp;p=serbian.articles.c8x8880neq5o.lat.page&amp;x1=%5Burn%3Abbc%3Aoptimo%3Aasset%3Ac8x8880neq5o%5D&amp;x4=%5Bsr-latn%5D&amp;x5=%5Bhttps%3A%2F%2Fwww.bbc.com%2Fserbian%2Farticles%2Fc8x8880neq5o%2Flat%5D&amp;x7=%5Barticle%5D&amp;x8=%5Bsynd_nojs_ISAPI%5D&amp;x9=%5B%C5%A0ta+ka%C5%BEe+ruska+tajna+slu%C5%BEba+o+%27jakom+zvuku%27+na+protestu+u+Beogradu+15.+marta%5D&amp;x11=%5B2025-04-09T18%3A29%3A45.586Z%5D&amp;x12=%5B2025-04-17T15%3A13%3A53.228Z%5D&amp;x19=%5Bboom93.com%5D\"\/><\/noscript>\n                        <\/div>\n<p><script async defer src=\"https:\/\/platform.instagram.com\/en_US\/embeds.js\"><\/script><br \/>\n<br \/><a href=\"https:\/\/boom93.rs\/article\/44826\/sta-kaze-ruska-tajna-sluzba-o-jakom-zvuku-na-protestu-u-beogradu-15-marta\" target=\"_blank\" rel=\"noopener\">Source link <\/a><br \/>\n\n\u0160ta ka\u017ee ruska tajna slu\u017eba o &#8216;jakom zvuku&#8217; na protestu u Beogradu 15. marta<\/p>\n","protected":false},"excerpt":{"rendered":"<p>Na osnovu svedo\u010denja ljudi koji su bili na protestu 15. marta, mo\u017ee se zaklju\u010diti da je &#8220;postojala namera da se&hellip;<\/p>\n","protected":false},"author":1,"featured_media":6588,"comment_status":"open","ping_status":"open","sticky":false,"template":"","format":"standard","meta":{"footnotes":""},"categories":[1],"tags":[],"class_list":["post-6587","post","type-post","status-publish","format-standard","has-post-thumbnail","hentry","category-oglasi-svilajnac"],"_links":{"self":[{"href":"https:\/\/oglasi.infooglasi.rs\/oglasi\/oglasisvilajnac\/wp-json\/wp\/v2\/posts\/6587","targetHints":{"allow":["GET"]}}],"collection":[{"href":"https:\/\/oglasi.infooglasi.rs\/oglasi\/oglasisvilajnac\/wp-json\/wp\/v2\/posts"}],"about":[{"href":"https:\/\/oglasi.infooglasi.rs\/oglasi\/oglasisvilajnac\/wp-json\/wp\/v2\/types\/post"}],"author":[{"embeddable":true,"href":"https:\/\/oglasi.infooglasi.rs\/oglasi\/oglasisvilajnac\/wp-json\/wp\/v2\/users\/1"}],"replies":[{"embeddable":true,"href":"https:\/\/oglasi.infooglasi.rs\/oglasi\/oglasisvilajnac\/wp-json\/wp\/v2\/comments?post=6587"}],"version-history":[{"count":0,"href":"https:\/\/oglasi.infooglasi.rs\/oglasi\/oglasisvilajnac\/wp-json\/wp\/v2\/posts\/6587\/revisions"}],"wp:featuredmedia":[{"embeddable":true,"href":"https:\/\/oglasi.infooglasi.rs\/oglasi\/oglasisvilajnac\/wp-json\/wp\/v2\/media\/6588"}],"wp:attachment":[{"href":"https:\/\/oglasi.infooglasi.rs\/oglasi\/oglasisvilajnac\/wp-json\/wp\/v2\/media?parent=6587"}],"wp:term":[{"taxonomy":"category","embeddable":true,"href":"https:\/\/oglasi.infooglasi.rs\/oglasi\/oglasisvilajnac\/wp-json\/wp\/v2\/categories?post=6587"},{"taxonomy":"post_tag","embeddable":true,"href":"https:\/\/oglasi.infooglasi.rs\/oglasi\/oglasisvilajnac\/wp-json\/wp\/v2\/tags?post=6587"}],"curies":[{"name":"wp","href":"https:\/\/api.w.org\/{rel}","templated":true}]}}