{"id":6509,"date":"2023-11-03T20:32:22","date_gmt":"2023-11-03T19:32:22","guid":{"rendered":"https:\/\/oglasi.infooglasi.rs\/oglasi\/oglasitrgoviste\/kud-bora-stankovic-na-danima-preobrazenja-u-trgovistu-lola-radio-odzaci-oglasi-trgoviste\/"},"modified":"2023-11-03T20:32:22","modified_gmt":"2023-11-03T19:32:22","slug":"kud-bora-stankovic-na-danima-preobrazenja-u-trgovistu-lola-radio-odzaci-oglasi-trgoviste","status":"publish","type":"post","link":"https:\/\/oglasi.infooglasi.rs\/oglasi\/oglasitrgoviste\/kud-bora-stankovic-na-danima-preobrazenja-u-trgovistu-lola-radio-odzaci-oglasi-trgoviste\/","title":{"rendered":"KUD Bora Stankovi\u0107 na Danima preobra\u017eenja u Trgovi\u0161tu-Lola Radio Od\u017eaci &#8211; OGLASI TRGOVI\u0160TE"},"content":{"rendered":"<p><\/p>\n<div id=\"post-100591\">\n<div class=\"hentry-container clear\">\n<div class=\"hentry-middle\">\n<div class=\"hentry-content clear\">\n<p>Kulturno-umetni\u010dko dru\u0161tvo \u201cBora Stankovi\u0107\u201d iz Karavukova u\u010destvova\u0107e na \u201cDanima preobra\u017eenja 2016\u201d u Trgovi\u0161tu. <\/p>\n<p><a href=\"https:\/\/i0.wp.com\/www.ico.rs\/wp-content\/uploads\/2016\/08\/1100.jpg\" target=\"_blank\" rel=\"noopener\"><img decoding=\"async\" fetchpriority=\"high\" src=\"https:\/\/i0.wp.com\/www.ico.rs\/wp-content\/uploads\/2016\/08\/1100.jpg?resize=400%2C300\" alt=\"1\" width=\"400\" height=\"300\" class=\"aligncenter size-full wp-image-100592\" srcset=\"https:\/\/i0.wp.com\/www.ico.rs\/wp-content\/uploads\/2016\/08\/1100.jpg?w=400&amp;ssl=1 400w, https:\/\/i0.wp.com\/www.ico.rs\/wp-content\/uploads\/2016\/08\/1100.jpg?resize=150%2C112&amp;ssl=1 150w, https:\/\/i0.wp.com\/www.ico.rs\/wp-content\/uploads\/2016\/08\/1100.jpg?resize=300%2C225&amp;ssl=1 300w\" sizes=\"(max-width: 400px) 100vw, 400px\" data-recalc-dims=\"1\"\/><\/a>Manifestacija se odr\u017eava od 17. do 19. avgusta, a Karavukov\u010dani \u0107e se u zvani\u010dnom programu predstaviti sa dve izvo\u0111a\u010dke grupe i tri koreografije u petak, 19. avgusta, zajedno sa jo\u0161 nekoliko folklornih ansambala. Put Trgovi\u0161ta kre\u0107u sutra ujutro, a vra\u0107aju se u subotu. <\/p>\n<p>U delegaciji iz Karavukova nalaze se 23 folklora\u0161a. <\/p>\n<p>Organizator \u201cDana preobra\u017eenja\u201d je op\u0161tina Trgovi\u0161te u saradnji sa tamo\u0161njom Turisti\u010dkom organizacijom. <\/p>\n<\/p><\/div>\n<\/p><\/div>\n<\/p><\/div>\n<p>    <!-- #comments --><br \/>\n\t<!-- \n\n<p class=\"warning\">Radio Od&#382;aci zadr&#382;avaju pravo da ne objave komentare ili delove komentara koji sadr&#382;e uvrede, nepristojan govor, svaki oblik netolerancije ili stavove u kojima se propagira rasna, verska, nacionalna ili polna diskriminacija. Stavovi izneti u komentarima su li&#269;ni stavovi autora komentara, a ne redakcije Radio Od&#382;aka. Komentari u kojima ukazujete na slovne ili neke druge tehni&#269;ke gre&scaron;ke u vezi objavljenog teksta ili slike bi&#263;e prosle&#273;eni redakciji koja &#263;e ih razmotriti, ali takvi komentari ne&#263;e biti objavljeni. Unapred vam se zahvaljujemo na svim komentarima.<\/p>\n\n --><\/p>\n<\/div>\n<p><a href=\"https:\/\/www.ico.rs\/kud-bora-stankovic-na-danima-preobrazenja-u-trgovistu\/\" target=\"_blank\" rel=\"noopener\">Source link <\/a><br \/>\n\nKUD Bora Stankovi\u0107 na Danima preobra\u017eenja u Trgovi\u0161tu-Lola Radio Od\u017eaci<\/p>\n","protected":false},"excerpt":{"rendered":"<p>Kulturno-umetni\u010dko dru\u0161tvo \u201cBora Stankovi\u0107\u201d iz Karavukova u\u010destvova\u0107e na \u201cDanima preobra\u017eenja 2016\u201d u Trgovi\u0161tu. Manifestacija se odr\u017eava od 17. do 19.&hellip;<\/p>\n","protected":false},"author":1,"featured_media":6510,"comment_status":"open","ping_status":"open","sticky":false,"template":"","format":"standard","meta":{"footnotes":""},"categories":[1],"tags":[],"class_list":["post-6509","post","type-post","status-publish","format-standard","has-post-thumbnail","hentry","category-oglasi-trgoviste"],"_links":{"self":[{"href":"https:\/\/oglasi.infooglasi.rs\/oglasi\/oglasitrgoviste\/wp-json\/wp\/v2\/posts\/6509","targetHints":{"allow":["GET"]}}],"collection":[{"href":"https:\/\/oglasi.infooglasi.rs\/oglasi\/oglasitrgoviste\/wp-json\/wp\/v2\/posts"}],"about":[{"href":"https:\/\/oglasi.infooglasi.rs\/oglasi\/oglasitrgoviste\/wp-json\/wp\/v2\/types\/post"}],"author":[{"embeddable":true,"href":"https:\/\/oglasi.infooglasi.rs\/oglasi\/oglasitrgoviste\/wp-json\/wp\/v2\/users\/1"}],"replies":[{"embeddable":true,"href":"https:\/\/oglasi.infooglasi.rs\/oglasi\/oglasitrgoviste\/wp-json\/wp\/v2\/comments?post=6509"}],"version-history":[{"count":0,"href":"https:\/\/oglasi.infooglasi.rs\/oglasi\/oglasitrgoviste\/wp-json\/wp\/v2\/posts\/6509\/revisions"}],"wp:featuredmedia":[{"embeddable":true,"href":"https:\/\/oglasi.infooglasi.rs\/oglasi\/oglasitrgoviste\/wp-json\/wp\/v2\/media\/6510"}],"wp:attachment":[{"href":"https:\/\/oglasi.infooglasi.rs\/oglasi\/oglasitrgoviste\/wp-json\/wp\/v2\/media?parent=6509"}],"wp:term":[{"taxonomy":"category","embeddable":true,"href":"https:\/\/oglasi.infooglasi.rs\/oglasi\/oglasitrgoviste\/wp-json\/wp\/v2\/categories?post=6509"},{"taxonomy":"post_tag","embeddable":true,"href":"https:\/\/oglasi.infooglasi.rs\/oglasi\/oglasitrgoviste\/wp-json\/wp\/v2\/tags?post=6509"}],"curies":[{"name":"wp","href":"https:\/\/api.w.org\/{rel}","templated":true}]}}