{"id":6514,"date":"2023-11-03T20:32:45","date_gmt":"2023-11-03T19:32:45","guid":{"rendered":"https:\/\/oglasi.infooglasi.rs\/oglasi\/oglasitrgoviste\/stravicna-nesreca-pronadjeno-tijelo-muskarca-u-rijeci-oglasi-trgoviste\/"},"modified":"2023-11-03T20:32:45","modified_gmt":"2023-11-03T19:32:45","slug":"stravicna-nesreca-pronadjeno-tijelo-muskarca-u-rijeci-oglasi-trgoviste","status":"publish","type":"post","link":"https:\/\/oglasi.infooglasi.rs\/oglasi\/oglasitrgoviste\/stravicna-nesreca-pronadjeno-tijelo-muskarca-u-rijeci-oglasi-trgoviste\/","title":{"rendered":"STRAVI\u010cNA NESRE\u0106A Prona\u0111eno tijelo mu\u0161karca u rijeci &#8211; OGLASI TRGOVI\u0160TE"},"content":{"rendered":"<p><\/p>\n<div>\n                            <a class=\"categoryPageNameLink\" href=\"https:\/\/srpskainfo.com\/hronika\/\" title=\"Hronika\" target=\"_blank\" rel=\"noopener\">Hronika<\/a><\/p>\n<p>\nU op\u0161tini Trgovi\u0161te na mjestu gdje se spajaju Kozjedolska i Lesni\u010dka rijeka prona\u0111eno je tijelo mu\u0161karca koji se najverovatnije utopio u rijeci potvrdila ja za Novosti tu\u017eilac Vi\u0161eg javnog tu\u017eila\u0161tva Danijela Trajkovi\u0107.\n<\/p>\n<\/p><\/div>\n<p><script async>\n        !function(f,b,e,v,n,t,s)\n        {if(f.fbq)return;n=f.fbq=function(){n.callMethod?\n            n.callMethod.apply(n,arguments):n.queue.push(arguments)};\n            if(!f._fbq)f._fbq=n;n.push=n;n.loaded=!0;n.version='2.0';\n            n.queue=[];t=b.createElement(e);t.async=!0;\n            t.src=v;s=b.getElementsByTagName(e)[0];\n            s.parentNode.insertBefore(t,s)}(window, document,'script',\n            'https:\/\/connect.facebook.net\/en_US\/fbevents.js');\n        fbq('init', '344652463724127');\n        fbq('track', 'PageView');\n    <\/script><br \/>\n<br \/><a href=\"https:\/\/srpskainfo.com\/stravicna-nesreca-pronadjeno-tijelo-muskarca-u-rijeci\/\" target=\"_blank\" rel=\"noopener\">Source link <\/a><br \/>\n\nSTRAVI\u010cNA NESRE\u0106A Prona\u0111eno tijelo mu\u0161karca u rijeci<\/p>\n","protected":false},"excerpt":{"rendered":"<p>Hronika U op\u0161tini Trgovi\u0161te na mjestu gdje se spajaju Kozjedolska i Lesni\u010dka rijeka prona\u0111eno je tijelo mu\u0161karca koji se najverovatnije&hellip;<\/p>\n","protected":false},"author":1,"featured_media":6515,"comment_status":"open","ping_status":"open","sticky":false,"template":"","format":"standard","meta":{"footnotes":""},"categories":[1],"tags":[],"class_list":["post-6514","post","type-post","status-publish","format-standard","has-post-thumbnail","hentry","category-oglasi-trgoviste"],"_links":{"self":[{"href":"https:\/\/oglasi.infooglasi.rs\/oglasi\/oglasitrgoviste\/wp-json\/wp\/v2\/posts\/6514","targetHints":{"allow":["GET"]}}],"collection":[{"href":"https:\/\/oglasi.infooglasi.rs\/oglasi\/oglasitrgoviste\/wp-json\/wp\/v2\/posts"}],"about":[{"href":"https:\/\/oglasi.infooglasi.rs\/oglasi\/oglasitrgoviste\/wp-json\/wp\/v2\/types\/post"}],"author":[{"embeddable":true,"href":"https:\/\/oglasi.infooglasi.rs\/oglasi\/oglasitrgoviste\/wp-json\/wp\/v2\/users\/1"}],"replies":[{"embeddable":true,"href":"https:\/\/oglasi.infooglasi.rs\/oglasi\/oglasitrgoviste\/wp-json\/wp\/v2\/comments?post=6514"}],"version-history":[{"count":0,"href":"https:\/\/oglasi.infooglasi.rs\/oglasi\/oglasitrgoviste\/wp-json\/wp\/v2\/posts\/6514\/revisions"}],"wp:featuredmedia":[{"embeddable":true,"href":"https:\/\/oglasi.infooglasi.rs\/oglasi\/oglasitrgoviste\/wp-json\/wp\/v2\/media\/6515"}],"wp:attachment":[{"href":"https:\/\/oglasi.infooglasi.rs\/oglasi\/oglasitrgoviste\/wp-json\/wp\/v2\/media?parent=6514"}],"wp:term":[{"taxonomy":"category","embeddable":true,"href":"https:\/\/oglasi.infooglasi.rs\/oglasi\/oglasitrgoviste\/wp-json\/wp\/v2\/categories?post=6514"},{"taxonomy":"post_tag","embeddable":true,"href":"https:\/\/oglasi.infooglasi.rs\/oglasi\/oglasitrgoviste\/wp-json\/wp\/v2\/tags?post=6514"}],"curies":[{"name":"wp","href":"https:\/\/api.w.org\/{rel}","templated":true}]}}