{"id":6532,"date":"2023-11-14T09:45:23","date_gmt":"2023-11-14T08:45:23","guid":{"rendered":"https:\/\/oglasi.infooglasi.rs\/oglasi\/oglasitrgoviste\/aleksinac-trgoviste-i-sokobanja-u-zalosti-zbog-pogibije-rudara-oglasi-trgoviste\/"},"modified":"2023-11-14T09:45:23","modified_gmt":"2023-11-14T08:45:23","slug":"aleksinac-trgoviste-i-sokobanja-u-zalosti-zbog-pogibije-rudara-oglasi-trgoviste","status":"publish","type":"post","link":"https:\/\/oglasi.infooglasi.rs\/oglasi\/oglasitrgoviste\/aleksinac-trgoviste-i-sokobanja-u-zalosti-zbog-pogibije-rudara-oglasi-trgoviste\/","title":{"rendered":"Aleksinac, Trgovi\u0161te i Sokobanja u \u017ealosti zbog pogibije rudara &#8211; OGLASI TRGOVI\u0160TE"},"content":{"rendered":"<p><\/p>\n<div>\n<div class=\"td-post-featured-image\">\n<figure><a href=\"https:\/\/www.glas-zajecara.com\/wp-content\/uploads\/2020\/04\/rudnik.jpg?x54103\" data-caption=\"Foto: pixabay\" target=\"_blank\" rel=\"noopener\"><img decoding=\"async\" width=\"696\" height=\"397\" class=\"entry-thumb td-modal-image lazyload\" src=\"data:image\/png;base64,iVBORw0KGgoAAAANSUhEUgAAArgAAAGNAQMAAADAUZDvAAAABlBMVEUAAAD\/\/\/+l2Z\/dAAAAAXRSTlMAQObYZgAAAAlwSFlzAAAOxAAADsQBlSsOGwAAADlJREFUeNrtwTEBAAAAwqD1T20LL6AAAAAAAAAAAAAAAAAAAAAAAAAAAAAAAAAAAAAAAAAAAACAlwGIeAABb0MRtgAAAABJRU5ErkJggg==\" alt=\"\" title=\"rudnik\" data-src=\"https:\/\/www.glas-zajecara.com\/wp-content\/uploads\/2020\/04\/rudnik-696x397.jpg?x54103\" loading=\"lazy\" data-srcset=\"https:\/\/www.glas-zajecara.com\/wp-content\/uploads\/2020\/04\/rudnik-696x397.jpg 696w, https:\/\/www.glas-zajecara.com\/wp-content\/uploads\/2020\/04\/rudnik-300x171.jpg 300w, https:\/\/www.glas-zajecara.com\/wp-content\/uploads\/2020\/04\/rudnik-526x300.jpg 526w, https:\/\/www.glas-zajecara.com\/wp-content\/uploads\/2020\/04\/rudnik-640x365.jpg 640w, https:\/\/www.glas-zajecara.com\/wp-content\/uploads\/2020\/04\/rudnik.jpg 700w\" data-sizes=\"auto\"\/><noscript><img loading=\"lazy\" decoding=\"async\" width=\"696\" height=\"397\" class=\"entry-thumb td-modal-image\" src=\"https:\/\/www.glas-zajecara.com\/wp-content\/uploads\/2020\/04\/rudnik-696x397.jpg?x54103\" srcset=\"https:\/\/www.glas-zajecara.com\/wp-content\/uploads\/2020\/04\/rudnik-696x397.jpg 696w, https:\/\/www.glas-zajecara.com\/wp-content\/uploads\/2020\/04\/rudnik-300x171.jpg 300w, https:\/\/www.glas-zajecara.com\/wp-content\/uploads\/2020\/04\/rudnik-526x300.jpg 526w, https:\/\/www.glas-zajecara.com\/wp-content\/uploads\/2020\/04\/rudnik-640x365.jpg 640w, https:\/\/www.glas-zajecara.com\/wp-content\/uploads\/2020\/04\/rudnik.jpg 700w\" sizes=\"auto, (max-width: 696px) 100vw, 696px\" alt=\"\" title=\"rudnik\" data-eio=\"l\"\/><\/noscript><\/a><figcaption class=\"wp-caption-text\">Foto: pixabay<\/figcaption><\/figure>\n<\/div>\n<div class=\"td-a-rec td-a-rec-id-content_top  tdi_31_056 td_block_template_4\">Reklame<br \/>\n<\/p>\n<div class=\"td-all-devices\">\n<a href=\"https:\/\/www.tehnomedia.rs\/\" target=\"_blank\" rel=\"noopener\"><img decoding=\"async\" src=\"https:\/\/www.glas-zajecara.com\/wp-content\/uploads\/2023\/05\/glas-zajecara-728x90-1.jpg?x54103\"\/><\/a><\/div>\n<\/div>\n<p><em><strong>Dan \u017ealosti je u mestima gde su \u017eivela osmorica rudara koja su ju\u010de poginula u jami rudnika uglja \u201eSoko\u201c. \u0160estorica poginulih rudara su iz Aleksinca, jedan iz Sokobanje, jedan iz Trgovi\u0161ta.<\/strong><\/em><\/p>\n<p>Osam rudara je poginulo, a 21 je povre\u0111en u rudniku \u201eSoko\u201c. U aleksina\u010dkoj bolnici zbrinuto je njih 17 sa lak\u0161im povredama, a dvojica u Klini\u010dkom centru u Ni\u0161u. Nisu \u017eivotno ugro\u017eeni, javlja RTS.<\/p>\n<p>Svi pacijenti sme\u0161teni u bolnici u Aleksincu proveli su no\u0107 mirno, a direktor Goran Vidi\u0107 o\u010dekuje da \u0107e u toku dana ve\u0107i broj pacijenata biti pu\u0161ten na ku\u0107no le\u010denje.<\/p>\n<p>U univerzitetskom klini\u010dkom centru su trojica rudara sme\u0161tena na Kliniku za endokrinologiju, odeljenje toksikologije i njihovo zdravstveno stanje je, tako\u0111e, stabilno, saop\u0161teno je iz ni\u0161kog Klini\u010dkog centra.<\/p>\n<p>Preminuli su Darko Zlatkovi\u0107 (1979), Nenad Trivunac (1985), Radovan Gruji\u0107 (1975), Petar Petrovi\u0107 (1991), Branko \u010cokorilo (1966), Branislav Zlatanovi\u0107 (1967), Bratislav \u017divkovi\u0107 (1963) i Bojan Staji\u0107 (1988).<\/p>\n<p>Prvi deo istrage je pokazao da su se stradali rudari ugu\u0161ili od velike koli\u010dine metana. Njihova tela su na Institutu za sudsku medicinu u Ni\u0161u.<\/p>\n<p>Resorna ministarka Zorana Mihajlovi\u0107 rekla je ju\u010de da imaju snimljen svaki sekund de\u0161avanja u rudniku, kao i da nije bilo eksplozije.<\/p>\n<p>Naglasila je da \u0107e dr\u017eava pomo\u0107i porodicama stradalih, kao \u0161to \u0107e i rudari \u201eResavice\u201c pomo\u0107i svojim kolegama.<\/p>\n<p>\u201eIza osam rudara ostalo je 12-oro dece, jedna beba koja se rodila po\u010detkom ove godine. Na\u0161a je obaveza da u\u010dinimo apsolutno sve za njihove porodice i naravno da nikada ne budu zaboravljeni\u201c, rekla je ju\u010de Mihajlovi\u0107eva.<\/p>\n<p>Izvor: <a href=\"https:\/\/rs.n1info.com\/vesti\/aleksinac-trgoviste-i-sokobanja-u-zalosti-zbog-pogibije-rudara\/\" target=\"_blank\" rel=\"noopener\">N1<\/a><\/p>\n<\/div>\n<p><script type=text\/javascript>!function(f,b,e,v,n,t,s){if(f.fbq)return;n=f.fbq=function(){n.callMethod?\nn.callMethod.apply(n,arguments):n.queue.push(arguments)};if(!f._fbq)f._fbq=n;\nn.push=n;n.loaded=!0;n.version='2.0';n.queue=[];t=b.createElement(e);t.async=!0;\nt.src=v;s=b.getElementsByTagName(e)[0];s.parentNode.insertBefore(t,s)}(window,\ndocument,'script','https:\/\/connect.facebook.net\/en_US\/fbevents.js');<\/script><script>(function (d, s, id) {\n                var js, fjs = d.getElementsByTagName(s)[0];\n                if (d.getElementById(id)) return;\n                js = d.createElement(s);\n                js.id = id;\n                js.src = \"\/\/connect.facebook.net\/en_US\/sdk.js#xfbml=1&version=v2.4&appID=182766229139400\";\n                fjs.parentNode.insertBefore(js, fjs);\n            }(document, 'script', 'facebook-jssdk'));<\/script><br \/>\n<br \/><a href=\"https:\/\/www.glas-zajecara.com\/aleksinac-trgoviste-i-sokobanja-u-zalosti-zbog-pogibije-rudara\/\" target=\"_blank\" rel=\"noopener\">Source link <\/a><br \/>\n\nAleksinac, Trgovi\u0161te i Sokobanja u \u017ealosti zbog pogibije rudara<\/p>\n","protected":false},"excerpt":{"rendered":"<p>Foto: pixabay Reklame Dan \u017ealosti je u mestima gde su \u017eivela osmorica rudara koja su ju\u010de poginula u jami rudnika&hellip;<\/p>\n","protected":false},"author":1,"featured_media":5883,"comment_status":"open","ping_status":"open","sticky":false,"template":"","format":"standard","meta":{"footnotes":""},"categories":[1],"tags":[],"class_list":["post-6532","post","type-post","status-publish","format-standard","has-post-thumbnail","hentry","category-oglasi-trgoviste"],"_links":{"self":[{"href":"https:\/\/oglasi.infooglasi.rs\/oglasi\/oglasitrgoviste\/wp-json\/wp\/v2\/posts\/6532","targetHints":{"allow":["GET"]}}],"collection":[{"href":"https:\/\/oglasi.infooglasi.rs\/oglasi\/oglasitrgoviste\/wp-json\/wp\/v2\/posts"}],"about":[{"href":"https:\/\/oglasi.infooglasi.rs\/oglasi\/oglasitrgoviste\/wp-json\/wp\/v2\/types\/post"}],"author":[{"embeddable":true,"href":"https:\/\/oglasi.infooglasi.rs\/oglasi\/oglasitrgoviste\/wp-json\/wp\/v2\/users\/1"}],"replies":[{"embeddable":true,"href":"https:\/\/oglasi.infooglasi.rs\/oglasi\/oglasitrgoviste\/wp-json\/wp\/v2\/comments?post=6532"}],"version-history":[{"count":0,"href":"https:\/\/oglasi.infooglasi.rs\/oglasi\/oglasitrgoviste\/wp-json\/wp\/v2\/posts\/6532\/revisions"}],"wp:featuredmedia":[{"embeddable":true,"href":"https:\/\/oglasi.infooglasi.rs\/oglasi\/oglasitrgoviste\/wp-json\/wp\/v2\/media\/5883"}],"wp:attachment":[{"href":"https:\/\/oglasi.infooglasi.rs\/oglasi\/oglasitrgoviste\/wp-json\/wp\/v2\/media?parent=6532"}],"wp:term":[{"taxonomy":"category","embeddable":true,"href":"https:\/\/oglasi.infooglasi.rs\/oglasi\/oglasitrgoviste\/wp-json\/wp\/v2\/categories?post=6532"},{"taxonomy":"post_tag","embeddable":true,"href":"https:\/\/oglasi.infooglasi.rs\/oglasi\/oglasitrgoviste\/wp-json\/wp\/v2\/tags?post=6532"}],"curies":[{"name":"wp","href":"https:\/\/api.w.org\/{rel}","templated":true}]}}