{"id":6548,"date":"2023-12-02T16:23:44","date_gmt":"2023-12-02T15:23:44","guid":{"rendered":"https:\/\/oglasi.infooglasi.rs\/oglasi\/oglasitrgoviste\/bujanovacka-pozorisna-trupa-odusevila-trgoviste-oglasi-trgoviste\/"},"modified":"2023-12-02T16:23:44","modified_gmt":"2023-12-02T15:23:44","slug":"bujanovacka-pozorisna-trupa-odusevila-trgoviste-oglasi-trgoviste","status":"publish","type":"post","link":"https:\/\/oglasi.infooglasi.rs\/oglasi\/oglasitrgoviste\/bujanovacka-pozorisna-trupa-odusevila-trgoviste-oglasi-trgoviste\/","title":{"rendered":"Bujanova\u010dka pozori\u0161na trupa odu\u0161evila Trgovi\u0161te &#8211; OGLASI TRGOVI\u0160TE"},"content":{"rendered":"<p><img decoding=\"async\" width=\"400\" height=\"268\" src=\"https:\/\/bujanovacke.co.rs\/wordpress\/wp-content\/uploads\/2023\/10\/WhatsApp-Image-2023-10-09-at-10.33.38-400x268.jpeg\" class=\"webfeedsFeaturedVisual wp-post-image\" alt=\"\" style=\"display: block;margin-bottom: 10px;clear:both;max-width: 100%\" loading=\"lazy\" \/><\/p>\n<h3>Bujanovac, 9. oktobar 2023. Predstavom \u201eSve o \u017eenama\u201c Bujanova\u010dko amatersko pozori\u0161te (BAP) odu\u0161evilo je publiku u Trgovi\u0161tu. Dom kulture bio je pun, a bujanova\u010dki pozori\u0161ni amateri nagra\u0111eni su gromoglasnim aplauzom.<\/h3>\n<p><strong>-U Trgovi\u0161tu smo super pro\u0161li na \u010demu se zahvaljujemo svima koji su omogu\u0107ili i doprineli ovom gostovanju, pre svega predsedniku op\u0161tine Nenadu Krsti\u0107u i direktorki biblioteke Dragani, u \u010dijem je sklopu i Dom kulture \u2013 ka\u017ee za Bujanova\u010dke prvi \u010dovek BAP-a Ljubi\u0161a \u010colovi\u0107.<\/strong><\/p>\n<p><img decoding=\"async\" loading=\"lazy\" class=\"alignnone wp-image-70744 size-large\" src=\"https:\/\/bujanovacke.co.rs\/wordpress\/wp-content\/uploads\/2023\/10\/WhatsApp-Image-2023-10-09-at-10.32.31-1024x461.jpeg\" alt=\"\" width=\"960\" height=\"432\" \/><\/p>\n<p>Veliku zahvalnost, kako ka\u017ee, duguju i publici koja ih je lepo prihvatila, sa pa\u017enjom gledala i nagradila aplauzom\u00a0na\u00a0kraju.<\/p>\n<p><strong>-Ovo je bilo na\u0161e drugo igranje predstave i ujedno prvo gostovanje, tako da smo prezadovoljni kako je sve proteklo \u2013 dodaje \u010colovi\u0107.<\/strong><\/p>\n<p>Plan je da u oktobru, kako je ranije rekao, jo\u0161 jednom odigraju predstavu za Bujanov\u010dane u na\u0161em Domu kulture, a onda\u00a0 krajem ovog meseca i po\u010detkom novembra sledi u\u010de\u0161\u0107e na festivalima u Leskovcu i Surdulici.<\/p>\n<p><strong>-Plan nam je da se prijavimo na takmi\u010darski festival u Leskovcu, pa \u0107emo videti da li \u0107emo pro\u0107i selekciju. Pored toga trebalo bi da u\u010destvujemo i na revijalni festival u Surdulici \u2013 rekao je \u010colovi\u0107 ranije za na\u0161 portal.<\/strong><\/p>\n<p>Dinami\u010dna i vedra predstava \u201eSve o \u017eenama\u201c, koja donosi svet \u017eena u njihovom punom sjaju, ra\u0111ena je po tekstu Mira Gavrana, a re\u017eiju i adaptaciju potpisuje Ljubi\u0161a \u010colovi\u0107.<\/p>\n<p><strong>Uloge tuma\u010de Suzana Trajkovi\u0107, Marija Backi\u0107 i Sanja Stojanovi\u0107 Tasi\u0107, dok je za muziku u predstavi zadu\u017een \u0110or\u0111e Stoiljkovi\u0107.<\/strong><\/p>\n<p>&nbsp;<\/p>\n<p>The post <a href=\"https:\/\/bujanovacke.co.rs\/2023\/10\/09\/bujanovacka-pozorisna-trupa-odusevila-trgoviste\/\" data-wpel-link=\"internal\" target=\"_blank\" rel=\"noopener\">Bujanova\u010dka pozori\u0161na trupa odu\u0161evila Trgovi\u0161te<\/a> appeared first on <a href=\"https:\/\/bujanovacke.co.rs\" data-wpel-link=\"internal\" target=\"_blank\" rel=\"noopener\">Bujanova\u010dke<\/a>.<\/p>\n<p><a href=\"https:\/\/bujanovacke.co.rs\/2023\/10\/09\/bujanovacka-pozorisna-trupa-odusevila-trgoviste\/\" target=\"_blank\" rel=\"noopener\">Source link <\/a><br \/>\n\nBujanova\u010dka pozori\u0161na trupa odu\u0161evila Trgovi\u0161te<\/p>\n","protected":false},"excerpt":{"rendered":"<p>Bujanovac, 9. oktobar 2023. Predstavom \u201eSve o \u017eenama\u201c Bujanova\u010dko amatersko pozori\u0161te (BAP) odu\u0161evilo je publiku u Trgovi\u0161tu. Dom kulture bio&hellip;<\/p>\n","protected":false},"author":1,"featured_media":6549,"comment_status":"open","ping_status":"open","sticky":false,"template":"","format":"standard","meta":{"footnotes":""},"categories":[1],"tags":[],"class_list":["post-6548","post","type-post","status-publish","format-standard","has-post-thumbnail","hentry","category-oglasi-trgoviste"],"_links":{"self":[{"href":"https:\/\/oglasi.infooglasi.rs\/oglasi\/oglasitrgoviste\/wp-json\/wp\/v2\/posts\/6548","targetHints":{"allow":["GET"]}}],"collection":[{"href":"https:\/\/oglasi.infooglasi.rs\/oglasi\/oglasitrgoviste\/wp-json\/wp\/v2\/posts"}],"about":[{"href":"https:\/\/oglasi.infooglasi.rs\/oglasi\/oglasitrgoviste\/wp-json\/wp\/v2\/types\/post"}],"author":[{"embeddable":true,"href":"https:\/\/oglasi.infooglasi.rs\/oglasi\/oglasitrgoviste\/wp-json\/wp\/v2\/users\/1"}],"replies":[{"embeddable":true,"href":"https:\/\/oglasi.infooglasi.rs\/oglasi\/oglasitrgoviste\/wp-json\/wp\/v2\/comments?post=6548"}],"version-history":[{"count":0,"href":"https:\/\/oglasi.infooglasi.rs\/oglasi\/oglasitrgoviste\/wp-json\/wp\/v2\/posts\/6548\/revisions"}],"wp:featuredmedia":[{"embeddable":true,"href":"https:\/\/oglasi.infooglasi.rs\/oglasi\/oglasitrgoviste\/wp-json\/wp\/v2\/media\/6549"}],"wp:attachment":[{"href":"https:\/\/oglasi.infooglasi.rs\/oglasi\/oglasitrgoviste\/wp-json\/wp\/v2\/media?parent=6548"}],"wp:term":[{"taxonomy":"category","embeddable":true,"href":"https:\/\/oglasi.infooglasi.rs\/oglasi\/oglasitrgoviste\/wp-json\/wp\/v2\/categories?post=6548"},{"taxonomy":"post_tag","embeddable":true,"href":"https:\/\/oglasi.infooglasi.rs\/oglasi\/oglasitrgoviste\/wp-json\/wp\/v2\/tags?post=6548"}],"curies":[{"name":"wp","href":"https:\/\/api.w.org\/{rel}","templated":true}]}}