{"id":6550,"date":"2023-12-04T21:38:02","date_gmt":"2023-12-04T20:38:02","guid":{"rendered":"https:\/\/oglasi.infooglasi.rs\/oglasi\/oglasitrgoviste\/predsednik-srbije-aleksandar-vucic-posetice-11-marta-pcinjski-okrug-i-bosilegrad-oglasi-trgoviste\/"},"modified":"2023-12-04T21:38:02","modified_gmt":"2023-12-04T20:38:02","slug":"predsednik-srbije-aleksandar-vucic-posetice-11-marta-pcinjski-okrug-i-bosilegrad-oglasi-trgoviste","status":"publish","type":"post","link":"https:\/\/oglasi.infooglasi.rs\/oglasi\/oglasitrgoviste\/predsednik-srbije-aleksandar-vucic-posetice-11-marta-pcinjski-okrug-i-bosilegrad-oglasi-trgoviste\/","title":{"rendered":"Predsednik Srbije Aleksandar Vu\u010di\u0107 poseti\u0107e 11. marta P\u010dinjski okrug i Bosilegrad &#8211; OGLASI TRGOVI\u0160TE"},"content":{"rendered":"<p><\/p>\n<div>\n<p style=\"text-align: justify;\"><strong>Predsednik Srbije Aleksandar Vu\u010di\u0107 poseti\u0107e u subotu, 11. marta P\u010dinjski okrug i Bosilegrad.<\/strong><\/p>\n<p style=\"text-align: justify;\">Kako je objavljeno<strong> <a href=\"https:\/\/www.predsednik.rs\/pres-centar\/najave-obavestenja\/najava-za-medije-za-11032023-pcinjski-okrug\" target=\"_blank\" rel=\"noopener\">na zvani\u010dnom sajtu predsednika Srbije<\/a><\/strong>, Vu\u010di\u0107 \u0107e svoju posetu po\u010deti u 11:00 \u010dasova u Vranju gde \u0107e se obratiti gra\u0111anima, Zatim \u0107e posetiti Bujanovac i Trgovi\u0161te, a u 13:45 planiniran je dolazak u Bosilegrad. Vu\u010di\u0107 \u0107e u Bosilegradu obi\u0107i zavr\u0161ne radove na rekonstrukciji objekta Pred\u0161kolske ustanove \u201cDe\u010dija radost\u201d, nakon \u010dega \u0107e se obratiti gra\u0111anima.<\/p>\n<p style=\"text-align: justify;\">Svoju posetu P\u010dinjskom okrugu predsednik Srbije zavr\u0161i\u0107e na Vlasinskom jezeru gde \u0107e najaviti radove na izgradnji kolektora otpadnih voda, saop\u0161teno je iz kabineta predsednika Srbije.<\/p>\n<p style=\"text-align: justify;\"><em>A. Todorov<\/em><\/p>\n<p style=\"text-align: justify;\"><em>Foto: Vladimir Krojf Zahariev<\/em><\/p>\n<\/p><\/div>\n<p><a href=\"https:\/\/far.rs\/sr\/2023\/03\/10\/predsednik-srbije-aleksandar-vucic-posetice-11-marta-pcinjski-okrug-i-bosilegrad\/\" target=\"_blank\" rel=\"noopener\">Source link <\/a><br \/>\n\nPredsednik Srbije Aleksandar Vu\u010di\u0107 poseti\u0107e 11. marta P\u010dinjski okrug i Bosilegrad<\/p>\n","protected":false},"excerpt":{"rendered":"<p>Predsednik Srbije Aleksandar Vu\u010di\u0107 poseti\u0107e u subotu, 11. marta P\u010dinjski okrug i Bosilegrad. Kako je objavljeno na zvani\u010dnom sajtu predsednika&hellip;<\/p>\n","protected":false},"author":1,"featured_media":6551,"comment_status":"open","ping_status":"open","sticky":false,"template":"","format":"standard","meta":{"footnotes":""},"categories":[1],"tags":[],"class_list":["post-6550","post","type-post","status-publish","format-standard","has-post-thumbnail","hentry","category-oglasi-trgoviste"],"_links":{"self":[{"href":"https:\/\/oglasi.infooglasi.rs\/oglasi\/oglasitrgoviste\/wp-json\/wp\/v2\/posts\/6550","targetHints":{"allow":["GET"]}}],"collection":[{"href":"https:\/\/oglasi.infooglasi.rs\/oglasi\/oglasitrgoviste\/wp-json\/wp\/v2\/posts"}],"about":[{"href":"https:\/\/oglasi.infooglasi.rs\/oglasi\/oglasitrgoviste\/wp-json\/wp\/v2\/types\/post"}],"author":[{"embeddable":true,"href":"https:\/\/oglasi.infooglasi.rs\/oglasi\/oglasitrgoviste\/wp-json\/wp\/v2\/users\/1"}],"replies":[{"embeddable":true,"href":"https:\/\/oglasi.infooglasi.rs\/oglasi\/oglasitrgoviste\/wp-json\/wp\/v2\/comments?post=6550"}],"version-history":[{"count":0,"href":"https:\/\/oglasi.infooglasi.rs\/oglasi\/oglasitrgoviste\/wp-json\/wp\/v2\/posts\/6550\/revisions"}],"wp:featuredmedia":[{"embeddable":true,"href":"https:\/\/oglasi.infooglasi.rs\/oglasi\/oglasitrgoviste\/wp-json\/wp\/v2\/media\/6551"}],"wp:attachment":[{"href":"https:\/\/oglasi.infooglasi.rs\/oglasi\/oglasitrgoviste\/wp-json\/wp\/v2\/media?parent=6550"}],"wp:term":[{"taxonomy":"category","embeddable":true,"href":"https:\/\/oglasi.infooglasi.rs\/oglasi\/oglasitrgoviste\/wp-json\/wp\/v2\/categories?post=6550"},{"taxonomy":"post_tag","embeddable":true,"href":"https:\/\/oglasi.infooglasi.rs\/oglasi\/oglasitrgoviste\/wp-json\/wp\/v2\/tags?post=6550"}],"curies":[{"name":"wp","href":"https:\/\/api.w.org\/{rel}","templated":true}]}}