{"id":6552,"date":"2023-12-09T09:35:38","date_gmt":"2023-12-09T08:35:38","guid":{"rendered":"https:\/\/oglasi.infooglasi.rs\/oglasi\/oglasitrgoviste\/ceka-se-milenkovic-ostavke-podneli-i-predsednici-opstina-vranjska-banja-i-vladicin-han-oglasi-trgoviste\/"},"modified":"2023-12-09T09:35:38","modified_gmt":"2023-12-09T08:35:38","slug":"ceka-se-milenkovic-ostavke-podneli-i-predsednici-opstina-vranjska-banja-i-vladicin-han-oglasi-trgoviste","status":"publish","type":"post","link":"https:\/\/oglasi.infooglasi.rs\/oglasi\/oglasitrgoviste\/ceka-se-milenkovic-ostavke-podneli-i-predsednici-opstina-vranjska-banja-i-vladicin-han-oglasi-trgoviste\/","title":{"rendered":"\u010ceka se Milenkovi\u0107: Ostavke podneli i predsednici op\u0161tina Vranjska Banja i Vladi\u010din Han &#8211; OGLASI TRGOVI\u0160TE"},"content":{"rendered":"<p><img decoding=\"async\" src=\"https:\/\/slobodnarec.eu\/wp-content\/uploads\/2023\/07\/DSC_0303.jpg\" \/><\/p>\n<div data-td-block-uid=\"tdi_104\">\n<div class=\"tdb-block-inner td-fix-index\">\n<p>VRANJSKA BANJA \/ VLADI\u010cIN HAN \u2013 Predsednici dveju op\u0161tina, Vranjske Banje i Vladi\u010dinog Hana \u2013 <a href=\"https:\/\/infovranjske.rs\/vranjska-banja-dragan-sentic-senta-podneo-ostavku\/\" target=\"_blank\" rel=\"noopener\"><strong>Dragan Senti\u0107<\/strong><\/a> i <a href=\"https:\/\/infovranjske.rs\/vladicin-han-goran-mladenovic-podneo-ostavku\/\" target=\"_blank\" rel=\"noopener\"><strong>Goran Mladenovi\u0107<\/strong><\/a> \u2013 podneli su danas ostavke na funkcije, pi\u0161e portal InfoVranjske.<\/p>\n<p>Senti\u0107 je na mesto prvog \u010doveka Vranjske Banje do\u0161ao 2016. i ovo mu je bio drugi mandat, dok je Mladenovi\u0107 na mesto predsednika Op\u0161tine Vladi\u010din Han do\u0161ao 2020.<\/p>\n<p>Kako javljaju InfoVranjske, Mladenovi\u0107 je ostavku prosledio Skup\u0161tini op\u0161tine Vladi\u010din Han.<\/p>\n<p>\u201eOvim putem podnosim ostavku na funkciju predsednika Op\u0161tine Vladi\u010din Han pre isteka mandata na koji sam izabran, kako bi prevremeni lokalni izbori mogli da budu raspisani u Op\u0161tini Vladi\u010din Han\u201c, napisao je, izme\u0111u ostalog, u obrazlo\u017eenju svoje ostavke Goran Mladenovi\u0107.<\/p>\n<p>Ne o\u010dekuju se ostavke predsednika op\u0161tina Surdulica, ba\u0161 kao \u0161to ne treba o\u010dekivati ni ostavke \u010delnih ljudi Bujanovca i Pre\u0161eva.<\/p>\n<p>Jo\u0161 uvek nema informacija da li \u0107e predsednik Op\u0161tine Bosilegrad podneti ostavku, uprkos \u010dinjenici da je, u toku dosada\u0161njeg politi\u010dkog delovanja, bio blizak sa Srpskom naprednom strankom (SNS).<\/p>\n<p>Podsetimo, ranije u toku dana ostavku je podneo jo\u0161 jedan lider neke od lokalnih samouprava u P\u010dinjskom okrugu \u2013 Nenad Krsti\u0107, predsednik Op\u0161tine Trgovi\u0161te.<\/p>\n<p><strong>\u010citajte vi\u0161e:<\/strong><\/p>\n<blockquote class=\"wp-embedded-content\" data-secret=\"Jh2yVFTxgC\">\n<p><a href=\"https:\/\/slobodnarec.eu\/hoce-li-gradonacelnik-vranja-podneti-ostavku\/\" target=\"_blank\" rel=\"noopener\">Ho\u0107e li gradona\u010delnik Vranja podneti ostavku?<\/a><\/p>\n<\/blockquote>\n<p><iframe loading=\"lazy\" class=\"wp-embedded-content\" sandbox=\"allow-scripts\" security=\"restricted\" style=\"position: absolute; clip: rect(1px, 1px, 1px, 1px);\" title=\"\u0084Ho\u0107e li gradona\u010delnik Vranja podneti ostavku?\u0093 \u2014 Slobodna re\u010d\" src=\"https:\/\/slobodnarec.eu\/ceka-se-milenkovic-ostavke-podneli-i-predsednici-opstina-vranjska-banja-i-vladicin-han\/about:blank\" data-secret=\"Jh2yVFTxgC\" width=\"600\" height=\"338\" frameborder=\"0\" marginwidth=\"0\" marginheight=\"0\" scrolling=\"no\" data-rocket-lazyload=\"fitvidscompatible\" data-lazy-src=\"https:\/\/slobodnarec.eu\/hoce-li-gradonacelnik-vranja-podneti-ostavku\/embed\/#?secret=NDVcRqpp81#?secret=Jh2yVFTxgC\"><\/iframe><noscript><iframe loading=\"lazy\" class=\"wp-embedded-content\" sandbox=\"allow-scripts\" security=\"restricted\" style=\"position: absolute; clip: rect(1px, 1px, 1px, 1px);\" title=\"\u0084Ho\u0107e li gradona\u010delnik Vranja podneti ostavku?\u0093 \u2014 Slobodna re\u010d\" src=\"https:\/\/slobodnarec.eu\/hoce-li-gradonacelnik-vranja-podneti-ostavku\/embed\/#?secret=NDVcRqpp81#?secret=Jh2yVFTxgC\" data-secret=\"Jh2yVFTxgC\" width=\"600\" height=\"338\" frameborder=\"0\" marginwidth=\"0\" marginheight=\"0\" scrolling=\"no\"><\/iframe><\/noscript><\/p>\n<p>\u00a0<\/p>\n<\/div>\n<\/div>\n<p><script type=\"text\/javascript\">\n!function(f,b,e,v,n,t,s){if(f.fbq)return;n=f.fbq=function(){n.callMethod?\nn.callMethod.apply(n,arguments):n.queue.push(arguments)};if(!f._fbq)f._fbq=n;\nn.push=n;n.loaded=!0;n.version='2.0';n.queue=[];t=b.createElement(e);t.async=!0;\nt.src=v;s=b.getElementsByTagName(e)[0];s.parentNode.insertBefore(t,s)}(window,\ndocument,'script','https:\/\/connect.facebook.net\/en_US\/fbevents.js');\n<\/script><br \/>\n<br \/><a href=\"https:\/\/slobodnarec.eu\/ceka-se-milenkovic-ostavke-podneli-i-predsednici-opstina-vranjska-banja-i-vladicin-han\/\" target=\"_blank\" rel=\"noopener\">Source link <\/a><br \/>\n\n\u010ceka se Milenkovi\u0107: Ostavke podneli i predsednici op\u0161tina Vranjska Banja i Vladi\u010din Han<\/p>\n","protected":false},"excerpt":{"rendered":"<p>VRANJSKA BANJA \/ VLADI\u010cIN HAN \u2013 Predsednici dveju op\u0161tina, Vranjske Banje i Vladi\u010dinog Hana \u2013 Dragan Senti\u0107 i Goran Mladenovi\u0107&hellip;<\/p>\n","protected":false},"author":1,"featured_media":6553,"comment_status":"open","ping_status":"open","sticky":false,"template":"","format":"standard","meta":{"footnotes":""},"categories":[1],"tags":[],"class_list":["post-6552","post","type-post","status-publish","format-standard","has-post-thumbnail","hentry","category-oglasi-trgoviste"],"_links":{"self":[{"href":"https:\/\/oglasi.infooglasi.rs\/oglasi\/oglasitrgoviste\/wp-json\/wp\/v2\/posts\/6552","targetHints":{"allow":["GET"]}}],"collection":[{"href":"https:\/\/oglasi.infooglasi.rs\/oglasi\/oglasitrgoviste\/wp-json\/wp\/v2\/posts"}],"about":[{"href":"https:\/\/oglasi.infooglasi.rs\/oglasi\/oglasitrgoviste\/wp-json\/wp\/v2\/types\/post"}],"author":[{"embeddable":true,"href":"https:\/\/oglasi.infooglasi.rs\/oglasi\/oglasitrgoviste\/wp-json\/wp\/v2\/users\/1"}],"replies":[{"embeddable":true,"href":"https:\/\/oglasi.infooglasi.rs\/oglasi\/oglasitrgoviste\/wp-json\/wp\/v2\/comments?post=6552"}],"version-history":[{"count":0,"href":"https:\/\/oglasi.infooglasi.rs\/oglasi\/oglasitrgoviste\/wp-json\/wp\/v2\/posts\/6552\/revisions"}],"wp:featuredmedia":[{"embeddable":true,"href":"https:\/\/oglasi.infooglasi.rs\/oglasi\/oglasitrgoviste\/wp-json\/wp\/v2\/media\/6553"}],"wp:attachment":[{"href":"https:\/\/oglasi.infooglasi.rs\/oglasi\/oglasitrgoviste\/wp-json\/wp\/v2\/media?parent=6552"}],"wp:term":[{"taxonomy":"category","embeddable":true,"href":"https:\/\/oglasi.infooglasi.rs\/oglasi\/oglasitrgoviste\/wp-json\/wp\/v2\/categories?post=6552"},{"taxonomy":"post_tag","embeddable":true,"href":"https:\/\/oglasi.infooglasi.rs\/oglasi\/oglasitrgoviste\/wp-json\/wp\/v2\/tags?post=6552"}],"curies":[{"name":"wp","href":"https:\/\/api.w.org\/{rel}","templated":true}]}}