{"id":6591,"date":"2024-01-25T03:50:28","date_gmt":"2024-01-25T02:50:28","guid":{"rendered":"https:\/\/oglasi.infooglasi.rs\/oglasi\/oglasitrgoviste\/pitali-smo-ministra-tonceva-zbog-cega-je-ceo-pcinjski-okrug-i-dalje-devastiran-oglasi-trgoviste\/"},"modified":"2024-01-25T03:50:28","modified_gmt":"2024-01-25T02:50:28","slug":"pitali-smo-ministra-tonceva-zbog-cega-je-ceo-pcinjski-okrug-i-dalje-devastiran-oglasi-trgoviste","status":"publish","type":"post","link":"https:\/\/oglasi.infooglasi.rs\/oglasi\/oglasitrgoviste\/pitali-smo-ministra-tonceva-zbog-cega-je-ceo-pcinjski-okrug-i-dalje-devastiran-oglasi-trgoviste\/","title":{"rendered":"Pitali smo ministra Ton\u010deva zbog \u010dega je ceo P\u010dinjski okrug i dalje devastiran &#8211; OGLASI TRGOVI\u0160TE"},"content":{"rendered":"<p><img decoding=\"async\" src=\"https:\/\/slobodnarec.eu\/wp-content\/uploads\/2023\/07\/Untitled-design-23.jpg\" \/><\/p>\n<div>\n<p>VRANJE \u2013 <strong>Od 19 devastiranih op\u0161tina u celoj zemlji, \u010dak 15 nalazi se na jugu, a prednja\u010di P\u010dinjski okrug u kojem je od ukupno sedam lokalnih samouprava \u2013 devastirano \u010dak \u0161est. \u017divotni standard, lo\u0161a infrastruktura, ukidanje sudova, poreskih uprava i ambulanti \u2013 ovo su, prema re\u010dima ministra Novice Ton\u010deva,\u00a0 glavni razlozi za ovakvo stanje.<\/strong><\/p>\n<p>Ako se uzme u obzir da je prose\u010dna plata Vranjanaca, prema poslednjim zvani\u010dnim podacima, manja od plate u Surdulici i Vladi\u010dinom Hanu, moglo bi se re\u0107i da je pravo \u010dudo \u0161to Grad Vranje nije na spisku \u201edevastiranih\u201c, poput svih ostalih op\u0161tina P\u010dinjskog okruga \u2013 pomenute Surdulice i Vladi\u010dinog Hana, kao i Pre\u0161eva, Trgovi\u0161ta, Bujanovca i Bosilegrada.<\/p>\n<h3>Ton\u010dev: Zaustaviti odlazak mladih i ulagati vi\u0161e novca u jug<\/h3>\n<p>Novica Ton\u010dev, ministar za razvoj nedovoljno razvijenih op\u0161tina, za portal <span style=\"color: #a12d2e;\"><em><strong>Slobodna re\u010d<\/strong> <\/em><\/span>ka\u017ee da \u201eza sada nema novije uredbe o klasifikaciji razvijenosti op\u0161tina u Srbiji\u201c, ali da \u201everuje da \u0107e nadle\u017ene institucije napraviti novi presek stanja\u201c.<\/p>\n<p>Kako je objasnio, \u201ekriterijum za rangiranje nerazvijenih op\u0161tina je ako je vrednost bruto doma\u0107eg proizvoda (BDP) po glavi stanovnika ispod vrednosti republi\u010dkog proseka za referentni period, a to su regioni \u0160umadije i zapadne Srbije, i region ju\u017ene i isto\u010dne Srbije\u201c.<\/p>\n<p>Stepen razvijenosti za gradske op\u0161tine utvr\u0111uje se na osnovu podataka organa nadle\u017enog za poslove statistike koji se odnose na stepen razvijenosti grada.<\/p>\n<p>Ministar je dodao da je \u201epolazna ta\u010dka u sagledavanju stepena razvijenosti lokalnih samouprava \u2013 njihov status na osnovu Uredbe o utvr\u0111ivanju jedinstvene liste razvijenosti regiona i jedinica lokalne samouprave za 2014, kao i Uredbe o utvr\u0111ivanju metodologije za izra\u010dunavanje stepena razvijenosti regiona i jedinica lokalne samouprave za 2015. godinu\u201c.<\/p>\n<p>Kako je istakao, \u201evi\u0161estruki su razlozi zbog kojih je jug na\u0161e zemlje nerazvijen, po\u010dev od starijeg stanovni\u0161tva, posebno u ruralnim sredinama, sve do unutra\u0161njih i spoljnih migracija\u201c.<\/p>\n<blockquote>\n<p><strong>\u201eKretanje ljudi, posebno mladih, od malih ka ve\u0107im mestima, mora da se zaustavi, jer poslednji podaci sa popisa stanovni\u0161tva govore da je za jednu deceniju oko 11.000 ljudi napustilo jug. Glavni uzroci su \u017eivotni standard, lo\u0161a infrastruktura, ukidanje sudova, poreskih uprava i ambulanti\u201c \u2013 rekao je Ton\u010dev.<\/strong><\/p>\n<\/blockquote>\n<p>Prema re\u010dima ministra \u2013 koji je ro\u0111en u Surdulici, jednoj od devastiranih op\u0161tina \u2013 \u201eneophodno je raditi na decentralizaciji, kako bi nerazvijene op\u0161tine imale sve \u0161to i Beograd, Ni\u0161 i Novi Sad\u201c.<\/p>\n<p>\u201eNeophodno je ulagati u infrastrukturu i privredni potencijal koji nerazvijena podru\u010dja nude. O tome sam razgovarao i sa predsednikom Vu\u010di\u0107em i tra\u017eio da se dodatno obrati pa\u017enja na privredni i turisti\u010dki potencijal nerazvijenih op\u0161tina, kao i da se obezbede besplatni ud\u017ebenici za svu decu u Srbiji\u201c \u2013 kazao je ministar.<\/p>\n<p>Kao primer turisti\u010dkog potencijala naveo je podru\u010dje Vlasine, \u201e\u010diji bi razvoj uticao i na razvoj \u010ditavog P\u010dinjskog i Jablani\u010dkog okruga\u201c, i posebno se osvrnuo na Vlasinsko jezero, \u201eogroman turisti\u010dki dragulj\u201c, i na obe\u0107anje predsednika Srbije da \u0107e biti izgra\u0111en kanalizacioni prsten na Vlasini.<\/p>\n<p>Kako ka\u017ee, od kada je postao ministar, Kabinet za razvoj\u00a0nedovoljno razvijenih op\u0161tina podelio je preko milijardu dinara lokalnim samoupravama i udru\u017eenjima iz nerazvijenih podru\u010dja kroz programe za unapre\u0111enje razvoja izrazito nedovoljno razvijenih op\u0161tina.<\/p>\n<p>\u201eSredstva su\u201c, prema njegovim re\u010dima, \u201ebila usmerena za projekte izgradnje i rekonstrukcije komunalne infrastrukture, objekata iz oblasti obrazovanja, zdravstva, turizma, socijalne za\u0161tite, kulture, sporta, vodoprivrede i nabavku opreme u funkciji obavljanja delatnosti iz nadle\u017enosti jedinica lokalne samouprave\u201c.<\/p>\n<blockquote>\n<p><strong>\u201eNeki od realizovanih projekata su: nabavka opreme za upravljanje komunalnim otpadom na teritoriji op\u0161tine Mero\u0161ina, pro\u0161irenje kanalizacione mre\u017ee na teritoriji op\u0161tine Knja\u017eevac, rekonstrukcija Centra za kulturu u Dimitrovgradu, izgradnja lifta u Domu zdravlja u Ra\u0161koj, izgradnja dnevne zelene pijace u Pre\u0161evu ili rekonstrukcija drumskog mosta u Doljevcu\u201c \u2013 zaklju\u010dio je Ton\u010dev.<\/strong><\/p>\n<\/blockquote>\n<h3>Stevanovi\u0107: Dr\u017eavi jug va\u017ean, ali pre svega politi\u010dki<\/h3>\n<p>Ekonomista iz Vranja, Dragoljub Stevanovi\u0107, apostrofirao je da su \u201esvuda u svetu ju\u017eni delovi dr\u017eava uvek slabije razvijeni od onih na severu\u201c, te da \u201epostoji milion razloga za\u0161to je to tako\u201c.<\/p>\n<p>Prema njegovim re\u010dima, na nivou dr\u017eave ne postoji strategijsko promi\u0161ljanje o tome koliko je jug va\u017ean, pre svega strate\u0161ki, odnosno politi\u010dki, a mora se raditi na ekonomskom razvoju, pre svega, zbog strate\u0161kog polo\u017eaja P\u010dinjskog okruga, ali i zbog demografskih faktora:<\/p>\n<blockquote>\n<p><strong>\u201eDr\u017eava iz Vranja i P\u010dinjskog okruga ispumpava novac od PDV-a, akciza, carina\u2026 umesto da ga upumpava preko projekata ekonomske infrastrukture. Sve te prihode uzima, pa ovde ostaju samo mali, izvorni, prihodi, sa kojima ove op\u0161tine ne mogu da re\u0161e svoje teku\u0107e tro\u0161kove, a kamoli da imaju neke velike investicione projekte\u201c \u2013 rekao je Stevanovi\u0107.<\/strong><\/p>\n<\/blockquote>\n<p>Na pitanje da li \u0107e dr\u017eava da prepozna zna\u010daj juga i da ulo\u017ei novac u op\u0161tine P\u010dinjskog okruga, ovaj ekonomista odgovara da \u201etu dolazimo na teren politike\u201c.<\/p>\n<h6><strong>Kada ju\u017enjaci do\u0111u do republi\u010dke vlasti, \u201ene talasaju previ\u0161e u Beogradu\u201c<\/strong><\/h6>\n<p>\u201ePredstavnici naroda koji do\u0111u iz perifernih regiona u republi\u010dku vlast, oni tamo ne idu delegirani od svog naroda, nego izabrani od svoje politi\u010dke stranke. I njihov je zadatak da, u okviru svoje politi\u010dke partije, \u2018ne talasaju\u2019 previ\u0161e u Beogradu. To je pravilo, stoprocentno pravilo za sve politi\u010dare koji su iz Vranja i P\u010dinjskog okruga da bi, uop\u0161te, bili deo neke republi\u010dke vlasti, od zakonodavne do izvr\u0161ne\u201c \u2013 ka\u017ee Stevanovi\u0107 za portal <span style=\"color: #a12d2e;\"><strong><em>Slobodna re\u010d<\/em><\/strong><\/span>.<\/p>\n<p>On smatra da politi\u010dari iz P\u010dinjskog okruga u Beogradu \u201esede i niko od njih ne sme da digne glas i ka\u017ee kakva je situacija ovde, na jugu\u201c.<\/p>\n<blockquote>\n<p><strong>\u201eNe\u0161to \u0161to uspeju \u2018na ka\u0161i\u010dicu\u2019 da izbore na kraju godine, koji milion, iz nekih teku\u0107ih bud\u017eetskih rezervi, samo je kap u moru potreba ovog regiona. Su\u0161tina je u politici. I sada da mi \u010dekamo da se neko iz Beograda seti da je i jugu neophodan novac \u2013 to je te\u0161ka rabota\u201c \u2013 istakao je Stevanovi\u0107.<\/strong><\/p>\n<\/blockquote>\n<h6><strong>Zvani\u010dna klasifikacija stara skoro 10 godina<\/strong><\/h6>\n<p>Pomenuto razvrstavanje je iz <a href=\"https:\/\/ras.gov.rs\/uploads\/2019\/01\/uredba-o-utvrdivanju-jedinstvene-liste-razvijenosti-regiona-i-jedinica-l-2.pdf\" target=\"_blank\" rel=\"noopener\">Uredbe o utvr\u0111ivanju jedinstvene liste razvijenosti regiona i jedinica lokalne samouprave za 2014. godinu<\/a> (\u201eSl. glasnik RS\u201c, br. 104\/2014).<\/p>\n<p>U \u010dlanu 11 Zakona o regionalnom razvoju (\u201eSl. glasnik RS\u201c, br. 51\/2009, 30\/2010 i 89\/2015 \u2013 dr. zakon) navedeno je da se lokalne samouprave u Srbiji, prema stepenu razvijenosti, razvrstavaju u \u010detiri grupe: u prvu grupu spadaju jedinice lokalne samouprave \u010diji je stepen razvijenosti iznad republi\u010dkog proseka, u drugu grupu one \u010diji je stepen razvijenosti od 80 do 100 odsto republi\u010dkog proseka, u tre\u0107u \u2013 lokalne samouprave koje su razvijene u rasponu od 60 do 80 odsto republi\u010dkog proseka, a \u010detvrtoj grupi pripadaju one \u010diji je stepen razvijenosti ispod 60 odsto republi\u010dkog proseka.<\/p>\n<p>Kako se navodi u \u010dlanu 12 istog Zakona, \u201enedovoljno razvijene lokalne samouprave\u201c su one iz tre\u0107e grupe, dok se one koje pripadaju \u010detvrtoj grupi nazivaju \u201eizrazito nedovoljno razvijene\u201c lokalne samouprave.<\/p>\n<\/div>\n<p><script type=\"text\/javascript\">\n!function(f,b,e,v,n,t,s){if(f.fbq)return;n=f.fbq=function(){n.callMethod?\nn.callMethod.apply(n,arguments):n.queue.push(arguments)};if(!f._fbq)f._fbq=n;\nn.push=n;n.loaded=!0;n.version='2.0';n.queue=[];t=b.createElement(e);t.async=!0;\nt.src=v;s=b.getElementsByTagName(e)[0];s.parentNode.insertBefore(t,s)}(window,\ndocument,'script','https:\/\/connect.facebook.net\/en_US\/fbevents.js?v=next');\n<\/script><br \/>\n<br \/><a href=\"https:\/\/slobodnarec.eu\/pitali-smo-ministra-tonceva-zbog-cega-je-ceo-pcinjski-okrug-i-dalje-devastiran\/\" target=\"_blank\" rel=\"noopener\">Source link <\/a><br \/>\n\nPitali smo ministra Ton\u010deva zbog \u010dega je ceo P\u010dinjski okrug i dalje devastiran<\/p>\n","protected":false},"excerpt":{"rendered":"<p>VRANJE \u2013 Od 19 devastiranih op\u0161tina u celoj zemlji, \u010dak 15 nalazi se na jugu, a prednja\u010di P\u010dinjski okrug u&hellip;<\/p>\n","protected":false},"author":1,"featured_media":6592,"comment_status":"open","ping_status":"open","sticky":false,"template":"","format":"standard","meta":{"footnotes":""},"categories":[1],"tags":[],"class_list":["post-6591","post","type-post","status-publish","format-standard","has-post-thumbnail","hentry","category-oglasi-trgoviste"],"_links":{"self":[{"href":"https:\/\/oglasi.infooglasi.rs\/oglasi\/oglasitrgoviste\/wp-json\/wp\/v2\/posts\/6591","targetHints":{"allow":["GET"]}}],"collection":[{"href":"https:\/\/oglasi.infooglasi.rs\/oglasi\/oglasitrgoviste\/wp-json\/wp\/v2\/posts"}],"about":[{"href":"https:\/\/oglasi.infooglasi.rs\/oglasi\/oglasitrgoviste\/wp-json\/wp\/v2\/types\/post"}],"author":[{"embeddable":true,"href":"https:\/\/oglasi.infooglasi.rs\/oglasi\/oglasitrgoviste\/wp-json\/wp\/v2\/users\/1"}],"replies":[{"embeddable":true,"href":"https:\/\/oglasi.infooglasi.rs\/oglasi\/oglasitrgoviste\/wp-json\/wp\/v2\/comments?post=6591"}],"version-history":[{"count":0,"href":"https:\/\/oglasi.infooglasi.rs\/oglasi\/oglasitrgoviste\/wp-json\/wp\/v2\/posts\/6591\/revisions"}],"wp:featuredmedia":[{"embeddable":true,"href":"https:\/\/oglasi.infooglasi.rs\/oglasi\/oglasitrgoviste\/wp-json\/wp\/v2\/media\/6592"}],"wp:attachment":[{"href":"https:\/\/oglasi.infooglasi.rs\/oglasi\/oglasitrgoviste\/wp-json\/wp\/v2\/media?parent=6591"}],"wp:term":[{"taxonomy":"category","embeddable":true,"href":"https:\/\/oglasi.infooglasi.rs\/oglasi\/oglasitrgoviste\/wp-json\/wp\/v2\/categories?post=6591"},{"taxonomy":"post_tag","embeddable":true,"href":"https:\/\/oglasi.infooglasi.rs\/oglasi\/oglasitrgoviste\/wp-json\/wp\/v2\/tags?post=6591"}],"curies":[{"name":"wp","href":"https:\/\/api.w.org\/{rel}","templated":true}]}}