{"id":6595,"date":"2024-02-04T23:41:37","date_gmt":"2024-02-04T22:41:37","guid":{"rendered":"https:\/\/oglasi.infooglasi.rs\/oglasi\/oglasitrgoviste\/krstic-bi-da-izabere-sve-i-odmah-trgoviste-dobija-nove-funkcionere-oglasi-trgoviste\/"},"modified":"2024-02-04T23:41:37","modified_gmt":"2024-02-04T22:41:37","slug":"krstic-bi-da-izabere-sve-i-odmah-trgoviste-dobija-nove-funkcionere-oglasi-trgoviste","status":"publish","type":"post","link":"https:\/\/oglasi.infooglasi.rs\/oglasi\/oglasitrgoviste\/krstic-bi-da-izabere-sve-i-odmah-trgoviste-dobija-nove-funkcionere-oglasi-trgoviste\/","title":{"rendered":"Krsti\u0107 bi da IZABERE sve i ODMAH: Trgovi\u0161te dobija (NOVE) funkcionere &#8211; OGLASI TRGOVI\u0160TE"},"content":{"rendered":"<p><\/p>\n<div>\n<p>Odbornicima op\u0161tine Trgovi\u0161te, stigla je i dopuna i izmena dnevnog reda Prve sednice koja je zakazana za 5. februar, iako je prvobitno bila zakazana za dan kasnije. <\/p>\n<p>Pored izbora predsednika Skup\u0161tine op\u0161tine Trgovi\u0161te, Nenad Krsti\u0107 \u017du\u0107a, prvi \u010dovek ovog mesta \u017eeli da naprednjaci izaberu i prvog \u010doveka ovog mesta. <\/p>\n<p>Pored predsednika Op\u0161tine Trgovi\u0161te, na dnevni red stavljeno i i rezre\u0161enje i biranje v.d. direktora javnih preduze\u0107a, ustanova i organizacija. <\/p>\n<p>Dopuna Dnevnog reda: <\/p>\n<ol>\n<li>Postavljanje zamenika sekretara SO Trgovi\u0161te<\/li>\n<li>Izbor Predsednika op\u0161tine Trgovi\u0161te, zamenika predsednika i op\u0161tinsko ve\u0107e Trgovi\u0161ta; <\/li>\n<li>Izbor i imenovanje radnih tela Skup\u0161tine op\u0161tine Trgovi\u0161te; <\/li>\n<li>Razre\u0161enje i imenovanje v.d. direktora javnih ustanova, preduze\u017ea i organizacija; <\/li>\n<li>Razre\u0161enje i imenovanje Upravnih odbora;<\/li>\n<li>Razre\u0161enje i imenovanje Nazdornih odbora. <\/li>\n<\/ol>\n<p>Podse\u0107amo, u Op\u0161tini Trgovi\u0161te, samo su dve liste pre\u0161le izborni cenzus, i to Srpska napredna stranke i Narodni pokret Srbije \u2013 Trgovi\u0161te. <\/p>\n<\/p><\/div>\n<p><a href=\"https:\/\/infovranjske.rs\/krstic-bi-da-izabere-sve-i-odmah-trgoviste-dobija-nove-funkcionere\/\" target=\"_blank\" rel=\"noopener\">Source link <\/a><br \/>\n\nKrsti\u0107 bi da IZABERE sve i ODMAH: Trgovi\u0161te dobija (NOVE) funkcionere<\/p>\n","protected":false},"excerpt":{"rendered":"<p>Odbornicima op\u0161tine Trgovi\u0161te, stigla je i dopuna i izmena dnevnog reda Prve sednice koja je zakazana za 5. februar, iako&hellip;<\/p>\n","protected":false},"author":1,"featured_media":6596,"comment_status":"open","ping_status":"open","sticky":false,"template":"","format":"standard","meta":{"footnotes":""},"categories":[1],"tags":[],"class_list":["post-6595","post","type-post","status-publish","format-standard","has-post-thumbnail","hentry","category-oglasi-trgoviste"],"_links":{"self":[{"href":"https:\/\/oglasi.infooglasi.rs\/oglasi\/oglasitrgoviste\/wp-json\/wp\/v2\/posts\/6595","targetHints":{"allow":["GET"]}}],"collection":[{"href":"https:\/\/oglasi.infooglasi.rs\/oglasi\/oglasitrgoviste\/wp-json\/wp\/v2\/posts"}],"about":[{"href":"https:\/\/oglasi.infooglasi.rs\/oglasi\/oglasitrgoviste\/wp-json\/wp\/v2\/types\/post"}],"author":[{"embeddable":true,"href":"https:\/\/oglasi.infooglasi.rs\/oglasi\/oglasitrgoviste\/wp-json\/wp\/v2\/users\/1"}],"replies":[{"embeddable":true,"href":"https:\/\/oglasi.infooglasi.rs\/oglasi\/oglasitrgoviste\/wp-json\/wp\/v2\/comments?post=6595"}],"version-history":[{"count":0,"href":"https:\/\/oglasi.infooglasi.rs\/oglasi\/oglasitrgoviste\/wp-json\/wp\/v2\/posts\/6595\/revisions"}],"wp:featuredmedia":[{"embeddable":true,"href":"https:\/\/oglasi.infooglasi.rs\/oglasi\/oglasitrgoviste\/wp-json\/wp\/v2\/media\/6596"}],"wp:attachment":[{"href":"https:\/\/oglasi.infooglasi.rs\/oglasi\/oglasitrgoviste\/wp-json\/wp\/v2\/media?parent=6595"}],"wp:term":[{"taxonomy":"category","embeddable":true,"href":"https:\/\/oglasi.infooglasi.rs\/oglasi\/oglasitrgoviste\/wp-json\/wp\/v2\/categories?post=6595"},{"taxonomy":"post_tag","embeddable":true,"href":"https:\/\/oglasi.infooglasi.rs\/oglasi\/oglasitrgoviste\/wp-json\/wp\/v2\/tags?post=6595"}],"curies":[{"name":"wp","href":"https:\/\/api.w.org\/{rel}","templated":true}]}}