{"id":6627,"date":"2024-02-29T04:46:48","date_gmt":"2024-02-29T03:46:48","guid":{"rendered":"https:\/\/oglasi.infooglasi.rs\/oglasi\/oglasitrgoviste\/poceli-dani-preobrazenja-u-trgovistu-kultura-oglasi-trgoviste\/"},"modified":"2024-02-29T04:46:48","modified_gmt":"2024-02-29T03:46:48","slug":"poceli-dani-preobrazenja-u-trgovistu-kultura-oglasi-trgoviste","status":"publish","type":"post","link":"https:\/\/oglasi.infooglasi.rs\/oglasi\/oglasitrgoviste\/poceli-dani-preobrazenja-u-trgovistu-kultura-oglasi-trgoviste\/","title":{"rendered":"Po\u010deli Dani preobra\u017eenja u Trgovi\u0161tu &#8211; Kultura &#8211; OGLASI TRGOVI\u0160TE"},"content":{"rendered":"<p><\/p>\n<div>\n<div class=\"font-medium post-intro-content content\">\n<p>Kulturno turisti\u010dka manifestacija Dani preobra\u017eenja u Trgovi\u0161tu i ove godine okupila je veliki broj gostiju sa juga Srbije na tradicionalnom vi\u0161ednevnom dru\u017eenju u Kozjem dolu, gde se organizuju sva de\u0161avanja.<\/p>\n<\/div>\n<p>Ve\u010deras \u0107e biti organizovano takmi\u010denje u nadvla\u010denju konopca, a potom \u0107e uslediti i dva rok koncerta na kojima \u0107e nastupiti vranjski bend Jolli d\u017eamper, a potom i Ni\u0161ki sastav Kerber.<\/p>\n<p>Na praznik Preobra\u017eenja gospodnjeg u petak 19. avgusta bi\u0107e slu\u017eena sveta arhijerejska liturgija, nakon \u010dega \u0107e biti otvoren tradicionalni narodni sabor i predstavljena kuhinja ovog kraja.<\/p>\n<p>Popodne je rezervisano za nastupe kulturno umetni\u010dkih dru\u0161tava iz Trgovi\u0161ta, Karavukova i Bosilegrada, a svoj nastup ima\u0107e i narodni umetnik Kole Car koji svira vi\u0161e duva\u010dkih instrumenata iz ovog kraja.<\/p>\n<p>Manifestacija se zavr\u0161ava u ve\u010dernjim satima nastupom truba\u010da i koncertom Amadeus benda.<\/p>\n<p>I ove godine organizator manifestacije je Op\u0161tina Trgovi\u0161te uz podr\u0161ku sponzora.<\/p>\n<p>Vi\u0161e vesti iz ovog grada \u010ditajte na posebnom\u00a0<strong><a href=\"https:\/\/www.danas.rs\/mesto\/vranje\/\" data-wpel-link=\"internal\" target=\"_blank\" rel=\"noopener\">linku<\/a><\/strong>.<\/p>\n<\/div>\n<p><a href=\"https:\/\/www.danas.rs\/kultura\/poceli-dani-preobrazenja-u-trgovistu\/\" target=\"_blank\" rel=\"noopener\">Source link <\/a><br \/>\n\nPo\u010deli Dani preobra\u017eenja u Trgovi\u0161tu &#8211; Kultura<\/p>\n","protected":false},"excerpt":{"rendered":"<p>Kulturno turisti\u010dka manifestacija Dani preobra\u017eenja u Trgovi\u0161tu i ove godine okupila je veliki broj gostiju sa juga Srbije na tradicionalnom&hellip;<\/p>\n","protected":false},"author":1,"featured_media":6628,"comment_status":"open","ping_status":"open","sticky":false,"template":"","format":"standard","meta":{"footnotes":""},"categories":[1],"tags":[],"class_list":["post-6627","post","type-post","status-publish","format-standard","has-post-thumbnail","hentry","category-oglasi-trgoviste"],"_links":{"self":[{"href":"https:\/\/oglasi.infooglasi.rs\/oglasi\/oglasitrgoviste\/wp-json\/wp\/v2\/posts\/6627","targetHints":{"allow":["GET"]}}],"collection":[{"href":"https:\/\/oglasi.infooglasi.rs\/oglasi\/oglasitrgoviste\/wp-json\/wp\/v2\/posts"}],"about":[{"href":"https:\/\/oglasi.infooglasi.rs\/oglasi\/oglasitrgoviste\/wp-json\/wp\/v2\/types\/post"}],"author":[{"embeddable":true,"href":"https:\/\/oglasi.infooglasi.rs\/oglasi\/oglasitrgoviste\/wp-json\/wp\/v2\/users\/1"}],"replies":[{"embeddable":true,"href":"https:\/\/oglasi.infooglasi.rs\/oglasi\/oglasitrgoviste\/wp-json\/wp\/v2\/comments?post=6627"}],"version-history":[{"count":0,"href":"https:\/\/oglasi.infooglasi.rs\/oglasi\/oglasitrgoviste\/wp-json\/wp\/v2\/posts\/6627\/revisions"}],"wp:featuredmedia":[{"embeddable":true,"href":"https:\/\/oglasi.infooglasi.rs\/oglasi\/oglasitrgoviste\/wp-json\/wp\/v2\/media\/6628"}],"wp:attachment":[{"href":"https:\/\/oglasi.infooglasi.rs\/oglasi\/oglasitrgoviste\/wp-json\/wp\/v2\/media?parent=6627"}],"wp:term":[{"taxonomy":"category","embeddable":true,"href":"https:\/\/oglasi.infooglasi.rs\/oglasi\/oglasitrgoviste\/wp-json\/wp\/v2\/categories?post=6627"},{"taxonomy":"post_tag","embeddable":true,"href":"https:\/\/oglasi.infooglasi.rs\/oglasi\/oglasitrgoviste\/wp-json\/wp\/v2\/tags?post=6627"}],"curies":[{"name":"wp","href":"https:\/\/api.w.org\/{rel}","templated":true}]}}