{"id":6635,"date":"2024-03-19T22:23:58","date_gmt":"2024-03-19T21:23:58","guid":{"rendered":"https:\/\/oglasi.infooglasi.rs\/oglasi\/oglasitrgoviste\/ko-je-natasa-manasijevic-krstic-postavio-sestru-za-predsednika-trgovista-oglasi-trgoviste\/"},"modified":"2024-03-19T22:23:58","modified_gmt":"2024-03-19T21:23:58","slug":"ko-je-natasa-manasijevic-krstic-postavio-sestru-za-predsednika-trgovista-oglasi-trgoviste","status":"publish","type":"post","link":"https:\/\/oglasi.infooglasi.rs\/oglasi\/oglasitrgoviste\/ko-je-natasa-manasijevic-krstic-postavio-sestru-za-predsednika-trgovista-oglasi-trgoviste\/","title":{"rendered":"Ko je Nata\u0161a Manasijevi\u0107: Krsti\u0107 postavio SESTRU za predsednika TRGOVI\u0160TA &#8211; OGLASI TRGOVI\u0160TE"},"content":{"rendered":"<p><\/p>\n<div>\n<p>U toku ju\u010dera\u0161nje sednice Skup\u0161tine Op\u0161tine Trgovi\u0161te, za predsednica ovog mesta izabrana je Nata\u0161a Manasijevi\u0107. <\/p>\n<p>Portal InfoVranjske.rs saznaje da je Manasijevi\u0107 bliska sestra doju\u010dera\u0161njem presedniku Privremenog organa Op\u0161tine Trgovi\u0161te, Nenadu Krsti\u0107u \u017du\u0107i. <\/p>\n<p>Prema na\u0161im saznanjima, u samom odboru Srpske napredne stranke u Trgovi\u0161tu do\u0161lo je do sukoba izme\u0111u Krsti\u0107a i ostalih odbornika koji nisu \u017eeleli da Manasijevi\u0107eva upravlja op\u0161tinom. <\/p>\n<p>Podse\u0107amo, Manasijevi\u0107eva je po obrazovanju strukovna medicinska sestra iz sela Donji Stajevac u blizni Trgovi\u0161ta. <\/p>\n<p>Na izborima 17. decembra, 2023. godine, republi\u010dka lista \u201eAleksandar Vu\u010di\u0107 \u2013 Srbija ne sme da stane\u201c u Op\u0161tini Trgovi\u0161te osvojila je 2.949 od ukupno 3.446 bira\u010da u ovom mestu. <\/p>\n<p>Nenad Krsti\u0107 \u017du\u0107a izabran je za narodnog poslanika u Skup\u0161tini Republike Srbije, sa izborne liste \u201eAleksandar Vu\u010di\u0107 \u2013 Srbije ne sme da stane\u201c. <\/p>\n<p>NIV<\/p>\n<\/p><\/div>\n<p><a href=\"https:\/\/infovranjske.rs\/ko-je-natasa-manasijevic-krstic-postavio-sestru-za-predsednika-trgovista\/\" target=\"_blank\" rel=\"noopener\">Source link <\/a><br \/>\n\nKo je Nata\u0161a Manasijevi\u0107: Krsti\u0107 postavio SESTRU za predsednika TRGOVI\u0160TA<\/p>\n","protected":false},"excerpt":{"rendered":"<p>U toku ju\u010dera\u0161nje sednice Skup\u0161tine Op\u0161tine Trgovi\u0161te, za predsednica ovog mesta izabrana je Nata\u0161a Manasijevi\u0107. Portal InfoVranjske.rs saznaje da je&hellip;<\/p>\n","protected":false},"author":1,"featured_media":6636,"comment_status":"open","ping_status":"open","sticky":false,"template":"","format":"standard","meta":{"footnotes":""},"categories":[1],"tags":[],"class_list":["post-6635","post","type-post","status-publish","format-standard","has-post-thumbnail","hentry","category-oglasi-trgoviste"],"_links":{"self":[{"href":"https:\/\/oglasi.infooglasi.rs\/oglasi\/oglasitrgoviste\/wp-json\/wp\/v2\/posts\/6635","targetHints":{"allow":["GET"]}}],"collection":[{"href":"https:\/\/oglasi.infooglasi.rs\/oglasi\/oglasitrgoviste\/wp-json\/wp\/v2\/posts"}],"about":[{"href":"https:\/\/oglasi.infooglasi.rs\/oglasi\/oglasitrgoviste\/wp-json\/wp\/v2\/types\/post"}],"author":[{"embeddable":true,"href":"https:\/\/oglasi.infooglasi.rs\/oglasi\/oglasitrgoviste\/wp-json\/wp\/v2\/users\/1"}],"replies":[{"embeddable":true,"href":"https:\/\/oglasi.infooglasi.rs\/oglasi\/oglasitrgoviste\/wp-json\/wp\/v2\/comments?post=6635"}],"version-history":[{"count":0,"href":"https:\/\/oglasi.infooglasi.rs\/oglasi\/oglasitrgoviste\/wp-json\/wp\/v2\/posts\/6635\/revisions"}],"wp:featuredmedia":[{"embeddable":true,"href":"https:\/\/oglasi.infooglasi.rs\/oglasi\/oglasitrgoviste\/wp-json\/wp\/v2\/media\/6636"}],"wp:attachment":[{"href":"https:\/\/oglasi.infooglasi.rs\/oglasi\/oglasitrgoviste\/wp-json\/wp\/v2\/media?parent=6635"}],"wp:term":[{"taxonomy":"category","embeddable":true,"href":"https:\/\/oglasi.infooglasi.rs\/oglasi\/oglasitrgoviste\/wp-json\/wp\/v2\/categories?post=6635"},{"taxonomy":"post_tag","embeddable":true,"href":"https:\/\/oglasi.infooglasi.rs\/oglasi\/oglasitrgoviste\/wp-json\/wp\/v2\/tags?post=6635"}],"curies":[{"name":"wp","href":"https:\/\/api.w.org\/{rel}","templated":true}]}}