{"id":6639,"date":"2024-03-24T02:53:13","date_gmt":"2024-03-24T01:53:13","guid":{"rendered":"https:\/\/oglasi.infooglasi.rs\/oglasi\/oglasitrgoviste\/izbor-predsednice-opstine-trgoviste-na-ujninu-strinu-tetkina-devericina-oglasi-trgoviste\/"},"modified":"2024-03-24T02:53:13","modified_gmt":"2024-03-24T01:53:13","slug":"izbor-predsednice-opstine-trgoviste-na-ujninu-strinu-tetkina-devericina-oglasi-trgoviste","status":"publish","type":"post","link":"https:\/\/oglasi.infooglasi.rs\/oglasi\/oglasitrgoviste\/izbor-predsednice-opstine-trgoviste-na-ujninu-strinu-tetkina-devericina-oglasi-trgoviste\/","title":{"rendered":"Izbor predsednice op\u0161tine Trgovi\u0161te: Na ujninu strinu tetkina deveri\u010dina &#8211; OGLASI TRGOVI\u0160TE"},"content":{"rendered":"<p><\/p>\n<div>\n<p>Pi\u0161e: N. Stevanovi\u0107<\/p>\n<h3>Bujanovac, 7. mart 2024. (foto Op\u0161tina Trgovi\u0161te) \u2013 Za predsednicu op\u0161tine Trgovi\u0161te u sredu je izabrana Nata\u0161a Manasijevi\u0107 (SNS). Ovo ne bi bilo \u010dudno da ona nije sestra od ujaka dosada\u0161njeg predsednika, narodnog poslanika i \u0161efa SNS u ovom mestu Nenada Krsti\u0107a \u017du\u0107e. Po re\u010dima lidera grupe opozicionih odbornika Marka Krsti\u0107a, izbor nove predsednice je klasi\u010dan primer nepotizma, \u201epo \u010demu je \u017du\u0107a Krsti\u0107 poznat\u201c.<\/h3>\n<h4>\n<blockquote class=\"quote_content\"><p><span><span style=\"color: #800000;\"><em>On je ro\u0111enu sestru postavio za predsednicu Nadzornog odbora preduze\u0107a IN, odnosno biv\u0161e Direkcije za izgradnju\u201c, rekao je danas Marko Krsti\u0107 za Bujanova\u010dke<\/em><\/span><\/span><\/p><\/blockquote>\n<\/h4>\n<p>Nova predsednica op\u0161tine izabrana je na predlog izborne liste \u201eAleksandar Vu\u010di\u0107 \u2013 Trgovi\u0161te ne sme da stane\u201d, koja je na izborima u decembru osvojila 22 od 25 odborni\u010dkih mesta. Tri preostala mandata pripali su opozicionoj listi \u201eZa na\u0161u P\u010dinju\u201c, \u010diji je jedan od nosilaca Marko Krsti\u0107, \u0161ef odbora Narodnog pokreta Srbije.<\/p>\n<p><strong>Manasijevi\u0107, po struci strukovna medicinska sestra, tako je postala druga \u017eena na \u010delu op\u0161tine, posle Miljane Zlatkovi\u0107 Stojanovi\u0107 koja je ovu funkciju obavljala od 2020. do kraja 2022. godine. Tada se Krsti\u0107, koji je u me\u0111uvremenu ostao bez mandata narodnog poslanika, i formalno vratio na \u010delo Trgovi\u0161ta. Sada, ponovo formalno, tu poziciju napu\u0161ta zbog povratka u poslani\u010dke klupe.<\/strong><\/p>\n<blockquote class=\"wp-embedded-content\" data-secret=\"iNJLTr3943\">\n<p><a href=\"https:\/\/bujanovacke.co.rs\/2022\/12\/05\/krstic-ponovo-izabran-za-predsednika-trgovista\/\" data-wpel-link=\"internal\" target=\"_blank\" rel=\"noopener\">Krsti\u0107 ponovo izabran za predsednika Trgovi\u0161ta<\/a><\/p>\n<\/blockquote>\n<p><iframe loading=\"lazy\" data-lazyloaded=\"1\" src=\"https:\/\/bujanovacke.co.rs\/2024\/03\/07\/trgoviste\/about:blank\" class=\"wp-embedded-content\" sandbox=\"allow-scripts\" security=\"restricted\" style=\"position: absolute; clip: rect(1px, 1px, 1px, 1px);\" title=\"\u0084Krsti\u0107 ponovo izabran za predsednika Trgovi\u0161ta\u0093 \u2014 Bujanova\u010dke\" data-litespeed-src=\"https:\/\/bujanovacke.co.rs\/2022\/12\/05\/krstic-ponovo-izabran-za-predsednika-trgovista\/embed\/#?secret=IjFH5L17rE#?secret=iNJLTr3943\" data-secret=\"iNJLTr3943\" width=\"600\" height=\"338\" frameborder=\"0\" marginwidth=\"0\" marginheight=\"0\" scrolling=\"no\"><\/iframe><\/p>\n<p>Krsti\u0107 je op\u0161tinu vodio i od 2013. do 2020. godine.<\/p>\n<p>Na ju\u010dera\u0161njoj sednici je za zamenika predsednice op\u0161tine izabran \u00a0Bratislav Krsti\u0107.<\/p>\n<p><span style=\"color: #800000;\"><strong>-Za njega su rekli da je diplomirani ekonomista po struci, mada ja stvarno ne znam kad je on to zavr\u0161io fakultet, kad je diplomirao \u2013 ka\u017ee lider opozicije u Trgovi\u0161tu.<\/strong><\/span><\/p>\n<div id=\"attachment_78070\" style=\"width: 323px\" class=\"wp-caption alignleft\"><img loading=\"lazy\" data-lazyloaded=\"1\" decoding=\"async\" aria-describedby=\"caption-attachment-78070\" class=\"wp-image-78070\" src=\"https:\/\/bujanovacke.co.rs\/wordpress\/wp-content\/uploads\/2024\/03\/viber_image_2024-03-07_11-37-41-531.jpg\" alt=\"\" width=\"313\" height=\"220\"\/><\/p>\n<p id=\"caption-attachment-78070\" class=\"wp-caption-text\">Marko Krsti\u0107<\/p>\n<\/div>\n<p>Najavio je da \u0107e opozicioni odbornici nastaviti svoju borbu u lokalnom parlamentu u kojem naprednjaci imaju ogromnu ve\u0107inu.<\/p>\n<p><span style=\"color: #800000;\"><strong>-Ja sam ju\u010de na sednici rekao da je izbor Manasijevi\u0107eve za predsednicu op\u0161tine klasi\u010dan primer nepotizma. Oni su jednostavno navikli da sednice skup\u0161tine odr\u017eavaju reda radi, da sve zavr\u0161avaju jako brzo, jer imaju apsolutnu ve\u0107inu, a mi im sada sve to remetimo i tek smo po\u010deli. Njihova je praksa da kr\u0161e poslovnik iz minuta u minut, \u0161to smo mi ju\u010de poku\u0161ali da spre\u010dimo, da ka\u017eemo da tako vi\u0161e ne mo\u017ee da se radi \u2013 ka\u017ee Marko Krsti\u0107.\u00a0\u00a0<\/strong><\/span><\/p>\n<p>Naglasio je da nijedna sednice skup\u0161tine u Trgovi\u0161tu nije bila u\u017eivo preno\u0161ena, \u0161to je zakonska obaveza.<\/p>\n<p><strong>-Nikada nijedan snimak, makar i tonski, nije iza\u0161ao u javnost, o video prenosu da ne govorimo. To smo tra\u017eili ju\u010de, da se omogu\u0107i prenos, da se makar snimak oka\u010di na sajt Op\u0161tine ili da se pozovu novinari da prate sednicu, kako bi me\u0161tani videli \u0161ta se radi \u2013 ka\u017ee on.<\/strong><\/p>\n<p>\u00a0<\/p>\n<p>\u00a0<\/p>\n<p>\u00a0<\/p>\n<p>\u00a0<\/p>\n<p>\u00a0<\/p>\n<\/div>\n<p><a href=\"https:\/\/bujanovacke.co.rs\/2024\/03\/07\/trgoviste\/\" target=\"_blank\" rel=\"noopener\">Source link <\/a><br \/>\n\nIzbor predsednice op\u0161tine Trgovi\u0161te: Na ujninu strinu tetkina deveri\u010dina<\/p>\n","protected":false},"excerpt":{"rendered":"<p>Pi\u0161e: N. Stevanovi\u0107 Bujanovac, 7. mart 2024. (foto Op\u0161tina Trgovi\u0161te) \u2013 Za predsednicu op\u0161tine Trgovi\u0161te u sredu je izabrana Nata\u0161a&hellip;<\/p>\n","protected":false},"author":1,"featured_media":6640,"comment_status":"open","ping_status":"open","sticky":false,"template":"","format":"standard","meta":{"footnotes":""},"categories":[1],"tags":[],"class_list":["post-6639","post","type-post","status-publish","format-standard","has-post-thumbnail","hentry","category-oglasi-trgoviste"],"_links":{"self":[{"href":"https:\/\/oglasi.infooglasi.rs\/oglasi\/oglasitrgoviste\/wp-json\/wp\/v2\/posts\/6639","targetHints":{"allow":["GET"]}}],"collection":[{"href":"https:\/\/oglasi.infooglasi.rs\/oglasi\/oglasitrgoviste\/wp-json\/wp\/v2\/posts"}],"about":[{"href":"https:\/\/oglasi.infooglasi.rs\/oglasi\/oglasitrgoviste\/wp-json\/wp\/v2\/types\/post"}],"author":[{"embeddable":true,"href":"https:\/\/oglasi.infooglasi.rs\/oglasi\/oglasitrgoviste\/wp-json\/wp\/v2\/users\/1"}],"replies":[{"embeddable":true,"href":"https:\/\/oglasi.infooglasi.rs\/oglasi\/oglasitrgoviste\/wp-json\/wp\/v2\/comments?post=6639"}],"version-history":[{"count":0,"href":"https:\/\/oglasi.infooglasi.rs\/oglasi\/oglasitrgoviste\/wp-json\/wp\/v2\/posts\/6639\/revisions"}],"wp:featuredmedia":[{"embeddable":true,"href":"https:\/\/oglasi.infooglasi.rs\/oglasi\/oglasitrgoviste\/wp-json\/wp\/v2\/media\/6640"}],"wp:attachment":[{"href":"https:\/\/oglasi.infooglasi.rs\/oglasi\/oglasitrgoviste\/wp-json\/wp\/v2\/media?parent=6639"}],"wp:term":[{"taxonomy":"category","embeddable":true,"href":"https:\/\/oglasi.infooglasi.rs\/oglasi\/oglasitrgoviste\/wp-json\/wp\/v2\/categories?post=6639"},{"taxonomy":"post_tag","embeddable":true,"href":"https:\/\/oglasi.infooglasi.rs\/oglasi\/oglasitrgoviste\/wp-json\/wp\/v2\/tags?post=6639"}],"curies":[{"name":"wp","href":"https:\/\/api.w.org\/{rel}","templated":true}]}}