{"id":6662,"date":"2024-05-13T04:14:53","date_gmt":"2024-05-13T02:14:53","guid":{"rendered":"https:\/\/oglasi.infooglasi.rs\/oglasi\/oglasitrgoviste\/lakicevic-covek-iz-trgovista-nije-zlostavljao-svog-psa-odgurnuo-ga-je-da-bi-spasao-dete-koje-mu-je-islo-u-susret-oglasi-trgoviste\/"},"modified":"2024-05-13T04:14:53","modified_gmt":"2024-05-13T02:14:53","slug":"lakicevic-covek-iz-trgovista-nije-zlostavljao-svog-psa-odgurnuo-ga-je-da-bi-spasao-dete-koje-mu-je-islo-u-susret-oglasi-trgoviste","status":"publish","type":"post","link":"https:\/\/oglasi.infooglasi.rs\/oglasi\/oglasitrgoviste\/lakicevic-covek-iz-trgovista-nije-zlostavljao-svog-psa-odgurnuo-ga-je-da-bi-spasao-dete-koje-mu-je-islo-u-susret-oglasi-trgoviste\/","title":{"rendered":"Laki\u0107evi\u0107: \u010covek iz Trgovi\u0161ta nije zlostavljao svog psa, odgurnuo ga je da bi spasao dete koje mu je i\u0161lo u susret &#8211; OGLASI TRGOVI\u0160TE"},"content":{"rendered":"<p><\/p>\n<div>\n<p>TRGOVI\u0160TE \u2013 Tanja Laki\u0107evi\u0107, predsednica Udru\u017eenja \u201eBorba za \u017eivot\u201c iz Vranja, demantovala je navode medija u kojima se tvrdi da je mu\u0161karac, u selu Donji Kozji Dol kod Trgovi\u0161ta, zlostavljao svog psa pa ga, potom, bacio u reku. Nije istina da je on zlostavljao svog psa, upravo sam se vratila sa lica mesta, ka\u017ee Laki\u0107evi\u0107 za <span style=\"color: #a12d2e;\"><strong>Slobodnu re\u010d<\/strong><\/span>.<\/p>\n<p>Izvor iz Trgovi\u0161ta je, <a href=\"https:\/\/slobodnarec.com\/ok-radio-zlostavljao-psa-pa-ga-bacio-u-reku\/\" target=\"_blank\" rel=\"noopener\"><strong>pojedinim lokalnim medijima<\/strong><\/a>, preneo da je \u201eu nedelju, oko 20 \u010dasova, u prisustvu vi\u0161e o\u010devidaca, vlasnik zlostavljao, najverovatnije, svog psa, me\u0161anca, tako \u0161to ga je vi\u0161e puta \u0161utnuo, a zatim uhvatio za lanac i sa mosta ga bacio u Lesni\u010dku reku\u201c.<\/p>\n<p>\u201eJa se upravo vra\u0107am iz Trgovi\u0161ta, bila sam na licu mesta, sve sam slikala i snimila. Nije to tako bilo kako su novine napisale. Nije taj \u010dovek zlostavljao svog psa. Vlasnik je po\u0161ao u grad, a pas se odvezao sa lanca i krenuo za njim. U susret im je i\u0161la \u017eena sa detetom. Dete je ugledalo psa i po\u010delo da vri\u0161ti; deca ko deca \u2013 pla\u0161e se. Pas, koji je veoma miroljubiv, u \u0161ta sam se uverila, je krenuo prema detetu da bi se igrao. Me\u0111utim, kad je dete po\u010delo da vri\u0161ti, vlasnik psa ga je uhvatio za ogrlicu i odgurnuo ga, a pas je upao u reku koja je do pojasa. Odmah je vlasnik si\u0161ao i izvadio psa iz reke i ponovo ga vezao. To su videli i drugi ljudi\u201c, rekla je Laki\u0107evi\u0107 za <strong><span style=\"color: #a12d2e;\">Slobodnu re\u010d<\/span><\/strong><span style=\"color: #333333;\">.<\/span><\/p>\n<p>Pas je dobro, prema njenom svedo\u010denju.<\/p>\n<p>\u201ePas je dobro, super izgleda, nije mr\u0161av. Mladi pas je u pitanju. Vlasnik mi je \u010dak pokazao dokumentaciju da ga je vakcinisao. U pitanju je \u010dovek romske nacionalnosti koji stvarno voli svog psa. \u010covek pla\u010de, uop\u0161te ga ne zanima ni kazna koju \u0107e da plati. Rekao mi je \u2013 \u2018ja \u0107u kaznu da platim kako znam i umem, ja volim svog psa\u2019. To, uop\u0161te, nije bilo tako kako su mediji preneli. Nego su kom\u0161ije, koje ga mrze, ispri\u010dale takvu pri\u010du. Nije to bilo tako kao \u0161to je neko ispri\u010dao, ko je ve\u0107 to ispri\u010dao \u2013 ne znam i ne ulazim u to. Totalne dezinformacije\u201c, kazala je Laki\u0107evi\u0107.<\/p>\n<p>Dodala je da je krenula put Trgovi\u0161ta, u pratnji policije, sa namerom da psa oduzme od vlasnika.<\/p>\n<p>\u201ePolicija je krenula sa mnom, kao pratnja, da obavimo razgovor sa vlasnikom. Ve\u0107ina ljudi, i kod nas, u Vranju, a pogotovo u okolnim selima, \u010duva pse na kratkim lancima. Ovaj pas je na du\u017eem lancu. Uop\u0161te nije mr\u0161av. Ka\u017ee \u010dovek \u2013 \u2018ono \u0161to jedem ja, jede i on\u2019. Ja stvarno ne mogu nekome da oduzem psa ako vidim da ga on voli\u201c, istakla je na\u0161a sagovornica.<\/p>\n<p>Objasnila je da se \u201edigla velika pra\u0161ina\u201c oko ovog slu\u010daja.<\/p>\n<p>\u201eAli ne mo\u017eemo tako da se pona\u0161amo ako ne\u0161to nije ta\u010dno, i ako izvori nisu ta\u010dno preneli ili rekli. Moram da istaknem da sam imala dobru saradnju sa policijom u Trgovi\u0161tu, sa na\u010delnikom i komandirom. Ostavila sam svoj broj telefona policiji, rekla sam im, ako se \u010dovek predomisli, ili mu neke \u017eivotne okolnosti tako urede da on vi\u0161e ne mo\u017ee da brine o svom psu, da sam voljna da ga zbrinem u svom prihvatili\u0161tu\u201c, zaklju\u010dila je Laki\u0107evi\u0107.<\/p>\n<\/div>\n<p><script type=\"text\/javascript\">\n!function(f,b,e,v,n,t,s){if(f.fbq)return;n=f.fbq=function(){n.callMethod?\nn.callMethod.apply(n,arguments):n.queue.push(arguments)};if(!f._fbq)f._fbq=n;\nn.push=n;n.loaded=!0;n.version='2.0';n.queue=[];t=b.createElement(e);t.async=!0;\nt.src=v;s=b.getElementsByTagName(e)[0];s.parentNode.insertBefore(t,s)}(window,\ndocument,'script','https:\/\/connect.facebook.net\/en_US\/fbevents.js?v=next');\n<\/script><br \/>\n<br \/><a href=\"https:\/\/slobodnarec.com\/lakicevic-covek-iz-trgovista-nije-zlostavljao-svog-psa-odgurnuo-ga-je-da-bi-spasao-dete-koje-mu-je-islo-u-susret\/\" target=\"_blank\" rel=\"noopener\">Source link <\/a><br \/>\n\nLaki\u0107evi\u0107: \u010covek iz Trgovi\u0161ta nije zlostavljao svog psa, odgurnuo ga je da bi spasao dete koje mu je i\u0161lo u susret<\/p>\n","protected":false},"excerpt":{"rendered":"<p>TRGOVI\u0160TE \u2013 Tanja Laki\u0107evi\u0107, predsednica Udru\u017eenja \u201eBorba za \u017eivot\u201c iz Vranja, demantovala je navode medija u kojima se tvrdi da&hellip;<\/p>\n","protected":false},"author":1,"featured_media":6663,"comment_status":"open","ping_status":"open","sticky":false,"template":"","format":"standard","meta":{"footnotes":""},"categories":[1],"tags":[],"class_list":["post-6662","post","type-post","status-publish","format-standard","has-post-thumbnail","hentry","category-oglasi-trgoviste"],"_links":{"self":[{"href":"https:\/\/oglasi.infooglasi.rs\/oglasi\/oglasitrgoviste\/wp-json\/wp\/v2\/posts\/6662","targetHints":{"allow":["GET"]}}],"collection":[{"href":"https:\/\/oglasi.infooglasi.rs\/oglasi\/oglasitrgoviste\/wp-json\/wp\/v2\/posts"}],"about":[{"href":"https:\/\/oglasi.infooglasi.rs\/oglasi\/oglasitrgoviste\/wp-json\/wp\/v2\/types\/post"}],"author":[{"embeddable":true,"href":"https:\/\/oglasi.infooglasi.rs\/oglasi\/oglasitrgoviste\/wp-json\/wp\/v2\/users\/1"}],"replies":[{"embeddable":true,"href":"https:\/\/oglasi.infooglasi.rs\/oglasi\/oglasitrgoviste\/wp-json\/wp\/v2\/comments?post=6662"}],"version-history":[{"count":0,"href":"https:\/\/oglasi.infooglasi.rs\/oglasi\/oglasitrgoviste\/wp-json\/wp\/v2\/posts\/6662\/revisions"}],"wp:featuredmedia":[{"embeddable":true,"href":"https:\/\/oglasi.infooglasi.rs\/oglasi\/oglasitrgoviste\/wp-json\/wp\/v2\/media\/6663"}],"wp:attachment":[{"href":"https:\/\/oglasi.infooglasi.rs\/oglasi\/oglasitrgoviste\/wp-json\/wp\/v2\/media?parent=6662"}],"wp:term":[{"taxonomy":"category","embeddable":true,"href":"https:\/\/oglasi.infooglasi.rs\/oglasi\/oglasitrgoviste\/wp-json\/wp\/v2\/categories?post=6662"},{"taxonomy":"post_tag","embeddable":true,"href":"https:\/\/oglasi.infooglasi.rs\/oglasi\/oglasitrgoviste\/wp-json\/wp\/v2\/tags?post=6662"}],"curies":[{"name":"wp","href":"https:\/\/api.w.org\/{rel}","templated":true}]}}