{"id":6674,"date":"2024-06-11T20:53:40","date_gmt":"2024-06-11T18:53:40","guid":{"rendered":"https:\/\/oglasi.infooglasi.rs\/oglasi\/oglasitrgoviste\/plate-prosvjetarima-nece-biti-smanjene-oglasi-trgoviste\/"},"modified":"2024-06-11T20:53:40","modified_gmt":"2024-06-11T18:53:40","slug":"plate-prosvjetarima-nece-biti-smanjene-oglasi-trgoviste","status":"publish","type":"post","link":"https:\/\/oglasi.infooglasi.rs\/oglasi\/oglasitrgoviste\/plate-prosvjetarima-nece-biti-smanjene-oglasi-trgoviste\/","title":{"rendered":"Plate prosvjetarima ne\u0107e biti smanjene &#8211; OGLASI TRGOVI\u0160TE"},"content":{"rendered":"<p><\/p>\n<div>\n<div class=\"post-media post-image\">\n<img loading=\"lazy\" decoding=\"async\" data-lazyloaded=\"1\" width=\"850\" height=\"560\" class=\"img-fluid\" src=\"https:\/\/i0.wp.com\/primorski.me\/wp-content\/uploads\/2024\/01\/ucionica.jpg?resize=850%2C560&amp;ssl=1\" alt=\" Plate prosvjetarima ne\u0107e biti smanjene\"\/><\/div>\n<p><strong>Nema smanjenja plata prosvjetarima, ali bi\u0107e vi\u0161e reda, poru\u010dili su danas iz Ministarstva finansija nakon \u0161to su iz \u00a0Sindikata prosvjete saop\u0161tili da \u0107e nastavnicima biti manje plate 20 do 30%, i da im se ukidaju dodaci.<\/strong><\/p>\n<p><strong>U odnosu na navode Sindikata prosvjete da \u0107e nastavnicima zarade biti manje 20 do 30%, te da im se ukidaju dodaci \u2013 u cilju objektivnog informisanja javnosti i spre\u010davanja daljeg \u0161irenja dezinformacija obavje\u0161tavamo da dono\u0161enje novog zakona ne\u0107e uticati na smanjenje zarada\u201c, navode iz Ministarstva finansija.<\/strong><\/p>\n<p>Iz resora Novice Vukovi\u0107a isti\u010du da su neta\u010dni navodi predsjednika Sindikata prosvjete o ukidanju dodataka zaposlenim u prosvjeti, a samim tim i smanjenju njihovih zarada.<\/p>\n<p>\u201eNema govora o smanjenju zarada za 20 do 30%, odnosno o bilo kakvom smanjenju, jer je ova Vlada podr\u017eala upravo pove\u0107anje zarada zaposlenih u prosvjeti od jula ove godine i u kontinuitetu se zala\u017ee za pobolj\u0161anje standarda i bolji socijalni status ove va\u017ene i brojne kategorije zaposlenih u javnom sektoru\u201c, navode iz Ministarstva finansija.<\/p>\n<p>Namjera Ministarstva finansija je, siti\u010du, da se bolje uredi oblast zarada u javnom sektoru kako bi se eliminisale postoje\u0107e evidentirane neujedna\u010denosti u ovoj oblasti.<\/p>\n<p>\u201eKada su u pitanju dodaci na zaradu, cilj je da se racionalizacijom brojnih dodataka na zaradu (nikako njihovim ukidanjem) unaprijedi transparentnost sistema zarada, i to na na\u010din da se trajni dodatni koeficijenti i dodaci uvedu u osnovni koeficijent, \u010dime \u0107e do\u0107i do uve\u0107anja osnovnog koeficijenta za visinu dodatka\u201c, poja\u0161njavaju iz Ministarstva finansija.<\/p>\n<p>Poja\u0161njenja radi, predstavnici Ministarstva finansija su, poru\u010duju, pripremili polazne osnove za rad Radne grupe u formi radne verzije nacrta Zakona o zaradama zaposlenih u javnom sektoru.<\/p>\n<p>\u201eOvim povodom u Ministarstvu finansija 29. i 30. maja odr\u017eani su sastanci sa svim \u010dlanovima radne grupe na kojima je prezentovan predvi\u0111eni koncept zakona, u skladu sa preporukama Svjetske banke koje su rezultat detaljne analize i sagledavanja manjkavosti postoje\u0107e regulative\u201c, navode u reagovanju.<\/p>\n<p>Na sastancima je, dodaju iz resora Vukovi\u0107a, istaknuta intencija Ministarstva finansija da se izvr\u0161i racionalizacija brojnih dodataka na zaradu \u0161to nikako ne zna\u010di njihovo ukidanje.<\/p>\n<p>\u201eNaime, decentralizovano pregovaranje o raznim dodacima za razli\u010dite sektore dovelo je do vi\u0161ih nivoa zarada od onih koji se ogledaju u osnovnim koeficijentima i naru\u0161avanja vertikalne pravi\u010dnosti u javnom sektoru, kao i netransparentnosti sistema zarada. Konkretno, kada je u pitanju resor prosvjete, na sastanku kom su prisustvovali, kako predstavnici resornog Ministarstva, tako i reprezentativnog sindikata, predstavnici predlaga\u010da zakona predlo\u017eili su da se izvr\u0161i analiza mogu\u0107nosti uklju\u010divanja trajnih dodataka (za ste\u010dena zvanja, odjeljensko starje\u0161instvo, rad u dvije ili vi\u0161e ustanova, rad u kombinovanim odjeljenjima i drugih dodataka utvr\u0111enih granskim kolektivnim ugovorom) u koeficijente odnosno uve\u0107anja koeficijenata za pripadaju\u0107e trajne dodatke\u201c, poru\u010duju iz Ministarstva finansija.<\/p>\n<p>Tako\u0111e je, poja\u0161njavaju, predlo\u017eeno da dodaci koji ne budu uklju\u010deni u koeficijente, ostanu prepoznati i utvr\u0111eni kroz propise kojima se ure\u0111uju zarade zaposlenih u oblasti prosvjete.<\/p>\n<p>\u201eNa samom sastanku predsjednik Sindikata prosvjete nije imao primjedbi na ovaj predlog, pa je time i iznena\u0111uju\u0107a naknadna reakcija u medijima, a naro\u010dito \u0161to je bazirana na neta\u010dnim navodima o ukidanju dodataka. Isti\u010demo da je u pitanju radna verzija teksta Zakona koja je podlo\u017ena izmjenama i koja \u0107e se uobli\u010diti kroz rad radne grupe\u201c, navode iz Ministarstva finansija.<\/p>\n<p>Stoga je, poru\u010duju, preuranjeno informisanje javnosti o rje\u0161enjima koja se razmatraju i koja nijesu kona\u010dna.<\/p>\n<p>\u201ePozivamo sve \u010dlanove radne grupe, a posebno predstavnike sindikata koji se prethodnih dana ovim povodom ogla\u0161avaju u medijima, da se uzdr\u017ee od medijskih izjava koje sadr\u017ee neta\u010dne navode i interpretacije predlo\u017eenih zakonskih rje\u0161enja, kako ne bi dezinformisali i zabrinjavali javnost, a prevashodno zaposlene \u010dije interese zastupaju. Ovim putem jo\u0161 jednom apelujemo na sve \u010dlanove pomenute radne grupe, da daju konstruktivan doprinos u izradi teksta Zakona o zaradama zaposlenih u javnom sektoru, u cilju sistemskog ure\u0111enja ove oblasti\u201c, zaklju\u010duje se u saop\u0161tenju Ministarstva finansija.<\/p>\n<\/div>\n<p><a href=\"https:\/\/primorski.me\/info\/plate-prosvjetarima-nece-biti-smanjene\/?utm_source=rss&#038;utm_medium=rss&#038;utm_campaign=plate-prosvjetarima-nece-biti-smanjene\" target=\"_blank\" rel=\"noopener\">Source link <\/a><br \/>\n\nPlate prosvjetarima ne\u0107e biti smanjene<\/p>\n","protected":false},"excerpt":{"rendered":"<p>Nema smanjenja plata prosvjetarima, ali bi\u0107e vi\u0161e reda, poru\u010dili su danas iz Ministarstva finansija nakon \u0161to su iz \u00a0Sindikata prosvjete&hellip;<\/p>\n","protected":false},"author":1,"featured_media":6675,"comment_status":"open","ping_status":"open","sticky":false,"template":"","format":"standard","meta":{"footnotes":""},"categories":[1],"tags":[],"class_list":["post-6674","post","type-post","status-publish","format-standard","has-post-thumbnail","hentry","category-oglasi-trgoviste"],"_links":{"self":[{"href":"https:\/\/oglasi.infooglasi.rs\/oglasi\/oglasitrgoviste\/wp-json\/wp\/v2\/posts\/6674","targetHints":{"allow":["GET"]}}],"collection":[{"href":"https:\/\/oglasi.infooglasi.rs\/oglasi\/oglasitrgoviste\/wp-json\/wp\/v2\/posts"}],"about":[{"href":"https:\/\/oglasi.infooglasi.rs\/oglasi\/oglasitrgoviste\/wp-json\/wp\/v2\/types\/post"}],"author":[{"embeddable":true,"href":"https:\/\/oglasi.infooglasi.rs\/oglasi\/oglasitrgoviste\/wp-json\/wp\/v2\/users\/1"}],"replies":[{"embeddable":true,"href":"https:\/\/oglasi.infooglasi.rs\/oglasi\/oglasitrgoviste\/wp-json\/wp\/v2\/comments?post=6674"}],"version-history":[{"count":0,"href":"https:\/\/oglasi.infooglasi.rs\/oglasi\/oglasitrgoviste\/wp-json\/wp\/v2\/posts\/6674\/revisions"}],"wp:featuredmedia":[{"embeddable":true,"href":"https:\/\/oglasi.infooglasi.rs\/oglasi\/oglasitrgoviste\/wp-json\/wp\/v2\/media\/6675"}],"wp:attachment":[{"href":"https:\/\/oglasi.infooglasi.rs\/oglasi\/oglasitrgoviste\/wp-json\/wp\/v2\/media?parent=6674"}],"wp:term":[{"taxonomy":"category","embeddable":true,"href":"https:\/\/oglasi.infooglasi.rs\/oglasi\/oglasitrgoviste\/wp-json\/wp\/v2\/categories?post=6674"},{"taxonomy":"post_tag","embeddable":true,"href":"https:\/\/oglasi.infooglasi.rs\/oglasi\/oglasitrgoviste\/wp-json\/wp\/v2\/tags?post=6674"}],"curies":[{"name":"wp","href":"https:\/\/api.w.org\/{rel}","templated":true}]}}