{"id":6679,"date":"2024-06-24T16:11:51","date_gmt":"2024-06-24T14:11:51","guid":{"rendered":"https:\/\/oglasi.infooglasi.rs\/oglasi\/oglasitrgoviste\/ugasen-pozar-kod-trgovista-ukinuto-vanredno-stanje-u-radovnici-oglasi-trgoviste\/"},"modified":"2024-06-24T16:11:51","modified_gmt":"2024-06-24T14:11:51","slug":"ugasen-pozar-kod-trgovista-ukinuto-vanredno-stanje-u-radovnici-oglasi-trgoviste","status":"publish","type":"post","link":"https:\/\/oglasi.infooglasi.rs\/oglasi\/oglasitrgoviste\/ugasen-pozar-kod-trgovista-ukinuto-vanredno-stanje-u-radovnici-oglasi-trgoviste\/","title":{"rendered":"Uga\u0161en po\u017ear kod Trgovi\u0161ta, ukinuto vanredno stanje u Radovnici &#8211; OGLASI TRGOVI\u0160TE"},"content":{"rendered":"<p><img decoding=\"async\" src=\"https:\/\/slobodnarec.com\/wp-content\/uploads\/2024\/04\/436419497_233598533175142_6691182018266962713_n.jpg\" \/><\/p>\n<div data-td-block-uid=\"tdi_104\">\n<div class=\"tdb-block-inner td-fix-index\">\n<p>TRGOVI\u0160TE \u2013 U Trgovi\u0161tu je danas ukinuto vanredno stanje na teritoriji Radovnice, budu\u0107i da je \u0161umski po\u017ear uga\u0161en, odlu\u010deno je na sednici \u0160taba za vanredne situacije ove op\u0161tine, pi\u0161e <a href=\"https:\/\/www.okradio.rs\/vesti\/lokalne\/ukinata-vanredna-situacija-u-radovnici-kod-trgovista_94028.html\" target=\"_blank\" rel=\"noopener\"><strong>OK radio<\/strong><\/a>.<\/p>\n<p>Na sednici je razmatrano stanje o terenu na podru\u010dju mesne zajednice Radovnica, a povodom \u0161umskog po\u017eara koji traje danima.<\/p>\n<p>Sednicom je predsedavao zamenik komandanta \u0160taba za vanredne situacije, Bratislav Krsti\u0107.<\/p>\n<p><strong>\u010citajte vi\u0161e:<\/strong><\/p>\n<blockquote class=\"wp-embedded-content\" data-secret=\"hpDFDNvw4K\">\n<p><a href=\"https:\/\/slobodnarec.com\/gore-planine-oko-trgovista-uvedena-vanredna-situacija\/\" target=\"_blank\" rel=\"noopener\">Gore planine oko Trgovi\u0161ta, uvedena vanredna situacija<\/a><\/p>\n<\/blockquote>\n<p><iframe loading=\"lazy\" class=\"wp-embedded-content\" sandbox=\"allow-scripts\" security=\"restricted\" style=\"position: absolute; clip: rect(1px, 1px, 1px, 1px);\" title=\"\u0084Gore planine oko Trgovi\u0161ta, uvedena vanredna situacija\u0093 \u2014 Slobodna re\u010d\" src=\"https:\/\/slobodnarec.com\/ugasen-pozar-kod-trgovista-ukinuto-vanredno-stanje-u-radovnici\/about:blank\" data-secret=\"hpDFDNvw4K\" width=\"600\" height=\"338\" frameborder=\"0\" marginwidth=\"0\" marginheight=\"0\" scrolling=\"no\" data-rocket-lazyload=\"fitvidscompatible\" data-lazy-src=\"https:\/\/slobodnarec.com\/gore-planine-oko-trgovista-uvedena-vanredna-situacija\/embed\/#?secret=aKYisxHIjV#?secret=hpDFDNvw4K\"><\/iframe><noscript><iframe loading=\"lazy\" class=\"wp-embedded-content\" sandbox=\"allow-scripts\" security=\"restricted\" style=\"position: absolute; clip: rect(1px, 1px, 1px, 1px);\" title=\"\u0084Gore planine oko Trgovi\u0161ta, uvedena vanredna situacija\u0093 \u2014 Slobodna re\u010d\" src=\"https:\/\/slobodnarec.com\/gore-planine-oko-trgovista-uvedena-vanredna-situacija\/embed\/#?secret=aKYisxHIjV#?secret=hpDFDNvw4K\" data-secret=\"hpDFDNvw4K\" width=\"600\" height=\"338\" frameborder=\"0\" marginwidth=\"0\" marginheight=\"0\" scrolling=\"no\"><\/iframe><\/noscript><\/p>\n<p>\u00a0<\/p>\n<\/div>\n<\/div>\n<p><script type=\"text\/javascript\">\n!function(f,b,e,v,n,t,s){if(f.fbq)return;n=f.fbq=function(){n.callMethod?\nn.callMethod.apply(n,arguments):n.queue.push(arguments)};if(!f._fbq)f._fbq=n;\nn.push=n;n.loaded=!0;n.version='2.0';n.queue=[];t=b.createElement(e);t.async=!0;\nt.src=v;s=b.getElementsByTagName(e)[0];s.parentNode.insertBefore(t,s)}(window,\ndocument,'script','https:\/\/connect.facebook.net\/en_US\/fbevents.js?v=next');\n<\/script><br \/>\n<br \/><a href=\"https:\/\/slobodnarec.com\/ugasen-pozar-kod-trgovista-ukinuto-vanredno-stanje-u-radovnici\/\" target=\"_blank\" rel=\"noopener\">Source link <\/a><br \/>\n\nUga\u0161en po\u017ear kod Trgovi\u0161ta, ukinuto vanredno stanje u Radovnici<\/p>\n","protected":false},"excerpt":{"rendered":"<p>TRGOVI\u0160TE \u2013 U Trgovi\u0161tu je danas ukinuto vanredno stanje na teritoriji Radovnice, budu\u0107i da je \u0161umski po\u017ear uga\u0161en, odlu\u010deno je&hellip;<\/p>\n","protected":false},"author":1,"featured_media":6680,"comment_status":"open","ping_status":"open","sticky":false,"template":"","format":"standard","meta":{"footnotes":""},"categories":[1],"tags":[],"class_list":["post-6679","post","type-post","status-publish","format-standard","has-post-thumbnail","hentry","category-oglasi-trgoviste"],"_links":{"self":[{"href":"https:\/\/oglasi.infooglasi.rs\/oglasi\/oglasitrgoviste\/wp-json\/wp\/v2\/posts\/6679","targetHints":{"allow":["GET"]}}],"collection":[{"href":"https:\/\/oglasi.infooglasi.rs\/oglasi\/oglasitrgoviste\/wp-json\/wp\/v2\/posts"}],"about":[{"href":"https:\/\/oglasi.infooglasi.rs\/oglasi\/oglasitrgoviste\/wp-json\/wp\/v2\/types\/post"}],"author":[{"embeddable":true,"href":"https:\/\/oglasi.infooglasi.rs\/oglasi\/oglasitrgoviste\/wp-json\/wp\/v2\/users\/1"}],"replies":[{"embeddable":true,"href":"https:\/\/oglasi.infooglasi.rs\/oglasi\/oglasitrgoviste\/wp-json\/wp\/v2\/comments?post=6679"}],"version-history":[{"count":0,"href":"https:\/\/oglasi.infooglasi.rs\/oglasi\/oglasitrgoviste\/wp-json\/wp\/v2\/posts\/6679\/revisions"}],"wp:featuredmedia":[{"embeddable":true,"href":"https:\/\/oglasi.infooglasi.rs\/oglasi\/oglasitrgoviste\/wp-json\/wp\/v2\/media\/6680"}],"wp:attachment":[{"href":"https:\/\/oglasi.infooglasi.rs\/oglasi\/oglasitrgoviste\/wp-json\/wp\/v2\/media?parent=6679"}],"wp:term":[{"taxonomy":"category","embeddable":true,"href":"https:\/\/oglasi.infooglasi.rs\/oglasi\/oglasitrgoviste\/wp-json\/wp\/v2\/categories?post=6679"},{"taxonomy":"post_tag","embeddable":true,"href":"https:\/\/oglasi.infooglasi.rs\/oglasi\/oglasitrgoviste\/wp-json\/wp\/v2\/tags?post=6679"}],"curies":[{"name":"wp","href":"https:\/\/api.w.org\/{rel}","templated":true}]}}