{"id":6681,"date":"2024-07-03T04:26:18","date_gmt":"2024-07-03T02:26:18","guid":{"rendered":"https:\/\/oglasi.infooglasi.rs\/oglasi\/oglasitrgoviste\/pomorac-iz-bara-marko-nikic-izabran-za-predstavnika-pomoraca-u-sindikatu-oglasi-trgoviste\/"},"modified":"2024-07-03T04:26:18","modified_gmt":"2024-07-03T02:26:18","slug":"pomorac-iz-bara-marko-nikic-izabran-za-predstavnika-pomoraca-u-sindikatu-oglasi-trgoviste","status":"publish","type":"post","link":"https:\/\/oglasi.infooglasi.rs\/oglasi\/oglasitrgoviste\/pomorac-iz-bara-marko-nikic-izabran-za-predstavnika-pomoraca-u-sindikatu-oglasi-trgoviste\/","title":{"rendered":"Pomorac iz Bara Marko Niki\u0107 izabran za predstavnika pomoraca u Sindikatu &#8211; OGLASI TRGOVI\u0160TE"},"content":{"rendered":"<p><\/p>\n<div>\n<div class=\"post-media post-image\">\n<img loading=\"lazy\" decoding=\"async\" data-lazyloaded=\"1\" width=\"850\" height=\"560\" class=\"img-fluid\" src=\"https:\/\/i0.wp.com\/primorski.me\/wp-content\/uploads\/2024\/07\/viber_image_2024-07-02_10-09-39-795.jpg?resize=850%2C560&amp;ssl=1\" alt=\" Pomorac iz Bara Marko Niki\u0107 \u00a0izabran za predstavnika pomoraca u Sindikatu\"\/><\/div>\n<p>Za predstavnika pomoraca u Sindikatu pomoraca i dokera Crne Gore izabran je pomorac iz Bara Marko Niki\u0107. On je nakon izbora postao \u010dlan Glavnog odbora Sindikata. Izbori su sprovedeni elektronskim putem.\u00a0U \u010detvrtak na sjednici Glavnog odbora \u0107e biti verifikovan Niki\u0107ev izbor<\/p>\n<p>-Sa velikim zadovoljstvom i zahvalno\u0161\u0107u obavije\u0161tavam vas da sam izabran za predstavnika pomoraca u Sindikatu pomoraca i dokera Crne Gore. U predstoje\u0107em periodu, zalaga\u0107u se \u00a0za interese svih pomoraca, da unaprijedimo na\u0161e radne uslove i da osiguramo da se na\u0161 glas \u010duje i po\u0161tuje. Mi\u0161ljenje i podr\u0161ka \u00a0kolega su mi od izuzetne va\u017enosti.\u00a0 Radujem se saradnji u postizanju zajedni\u010dkih ciljeva, naveo je Niki\u0107.<\/p>\n<\/div>\n<p><a href=\"https:\/\/primorski.me\/info\/pomorac-iz-bara-marko-nikic-izabran-za-predstavnika-pomoraca-u-sindikatu\/?utm_source=rss&#038;utm_medium=rss&#038;utm_campaign=pomorac-iz-bara-marko-nikic-izabran-za-predstavnika-pomoraca-u-sindikatu\" target=\"_blank\" rel=\"noopener\">Source link <\/a><br \/>\n\nPomorac iz Bara Marko Niki\u0107 izabran za predstavnika pomoraca u Sindikatu<\/p>\n","protected":false},"excerpt":{"rendered":"<p>Za predstavnika pomoraca u Sindikatu pomoraca i dokera Crne Gore izabran je pomorac iz Bara Marko Niki\u0107. On je nakon&hellip;<\/p>\n","protected":false},"author":1,"featured_media":6682,"comment_status":"open","ping_status":"open","sticky":false,"template":"","format":"standard","meta":{"footnotes":""},"categories":[1],"tags":[],"class_list":["post-6681","post","type-post","status-publish","format-standard","has-post-thumbnail","hentry","category-oglasi-trgoviste"],"_links":{"self":[{"href":"https:\/\/oglasi.infooglasi.rs\/oglasi\/oglasitrgoviste\/wp-json\/wp\/v2\/posts\/6681","targetHints":{"allow":["GET"]}}],"collection":[{"href":"https:\/\/oglasi.infooglasi.rs\/oglasi\/oglasitrgoviste\/wp-json\/wp\/v2\/posts"}],"about":[{"href":"https:\/\/oglasi.infooglasi.rs\/oglasi\/oglasitrgoviste\/wp-json\/wp\/v2\/types\/post"}],"author":[{"embeddable":true,"href":"https:\/\/oglasi.infooglasi.rs\/oglasi\/oglasitrgoviste\/wp-json\/wp\/v2\/users\/1"}],"replies":[{"embeddable":true,"href":"https:\/\/oglasi.infooglasi.rs\/oglasi\/oglasitrgoviste\/wp-json\/wp\/v2\/comments?post=6681"}],"version-history":[{"count":0,"href":"https:\/\/oglasi.infooglasi.rs\/oglasi\/oglasitrgoviste\/wp-json\/wp\/v2\/posts\/6681\/revisions"}],"wp:featuredmedia":[{"embeddable":true,"href":"https:\/\/oglasi.infooglasi.rs\/oglasi\/oglasitrgoviste\/wp-json\/wp\/v2\/media\/6682"}],"wp:attachment":[{"href":"https:\/\/oglasi.infooglasi.rs\/oglasi\/oglasitrgoviste\/wp-json\/wp\/v2\/media?parent=6681"}],"wp:term":[{"taxonomy":"category","embeddable":true,"href":"https:\/\/oglasi.infooglasi.rs\/oglasi\/oglasitrgoviste\/wp-json\/wp\/v2\/categories?post=6681"},{"taxonomy":"post_tag","embeddable":true,"href":"https:\/\/oglasi.infooglasi.rs\/oglasi\/oglasitrgoviste\/wp-json\/wp\/v2\/tags?post=6681"}],"curies":[{"name":"wp","href":"https:\/\/api.w.org\/{rel}","templated":true}]}}