{"id":6722,"date":"2024-09-16T05:10:01","date_gmt":"2024-09-16T03:10:01","guid":{"rendered":"https:\/\/oglasi.infooglasi.rs\/oglasi\/oglasitrgoviste\/trgoviste-bez-struje-u-nedelju-oglasi-trgoviste\/"},"modified":"2024-09-16T05:10:01","modified_gmt":"2024-09-16T03:10:01","slug":"trgoviste-bez-struje-u-nedelju-oglasi-trgoviste","status":"publish","type":"post","link":"https:\/\/oglasi.infooglasi.rs\/oglasi\/oglasitrgoviste\/trgoviste-bez-struje-u-nedelju-oglasi-trgoviste\/","title":{"rendered":"Trgovi\u0161te bez struje u nedelju &#8211; OGLASI TRGOVI\u0160TE"},"content":{"rendered":"<p><img decoding=\"async\" src=\"https:\/\/slobodnarec.com\/wp-content\/uploads\/2023\/08\/power-lines-1868352_1280.jpg\" \/><\/p>\n<div data-td-block-uid=\"tdi_104\">\n<div class=\"tdb-block-inner td-fix-index\">\n<p>TRGOVI\u0160TE \u2013 Trgovi\u0161te i okolna sela u nedelju, 8. septembra, bi\u0107e bez struje, u periodu od osam do 17 \u010dasova, saop\u0161tila je Elektrodistribucija Vranje.<\/p>\n<p>Struje ne\u0107e biti na podru\u010dje Op\u0161tine Trgovi\u0161te \u2013 u Trgovi\u0161tu, Radovnici i okolnim selima \u2013 zbog planiranih radova na elektroenergetskim objektima, radi unapre\u0111enja kvaliteta napajanja elektri\u010dnom energijom.<\/p>\n<p>\u201eTokom trajanja radova molimo korisnike da isklju\u010de svoje ure\u0111aje sa mre\u017ee i da ih ponovo uklju\u010de po obnavljanju snabdevanja elektri\u010dnom energijom. U slu\u010daju lo\u0161ih vremenskih uslova, radovi \u0107e biti odlo\u017eeni za drugi termin, o \u010demu \u0107e korisnici biti na vreme obave\u0161teni\u201c, saop\u0161tila je vranjska Elektrodistribucija.<\/p>\n<\/div>\n<\/div>\n<p><script type=\"text\/javascript\">\n!function(f,b,e,v,n,t,s){if(f.fbq)return;n=f.fbq=function(){n.callMethod?\nn.callMethod.apply(n,arguments):n.queue.push(arguments)};if(!f._fbq)f._fbq=n;\nn.push=n;n.loaded=!0;n.version='2.0';n.queue=[];t=b.createElement(e);t.async=!0;\nt.src=v;s=b.getElementsByTagName(e)[0];s.parentNode.insertBefore(t,s)}(window,\ndocument,'script','https:\/\/connect.facebook.net\/en_US\/fbevents.js?v=next');\n<\/script><br \/>\n<br \/><a href=\"https:\/\/slobodnarec.com\/trgoviste-bez-struje-u-nedelju\/\" target=\"_blank\" rel=\"noopener\">Source link <\/a><br \/>\n\nTrgovi\u0161te bez struje u nedelju<\/p>\n","protected":false},"excerpt":{"rendered":"<p>TRGOVI\u0160TE \u2013 Trgovi\u0161te i okolna sela u nedelju, 8. septembra, bi\u0107e bez struje, u periodu od osam do 17 \u010dasova,&hellip;<\/p>\n","protected":false},"author":1,"featured_media":6723,"comment_status":"open","ping_status":"open","sticky":false,"template":"","format":"standard","meta":{"footnotes":""},"categories":[1],"tags":[],"class_list":["post-6722","post","type-post","status-publish","format-standard","has-post-thumbnail","hentry","category-oglasi-trgoviste"],"_links":{"self":[{"href":"https:\/\/oglasi.infooglasi.rs\/oglasi\/oglasitrgoviste\/wp-json\/wp\/v2\/posts\/6722","targetHints":{"allow":["GET"]}}],"collection":[{"href":"https:\/\/oglasi.infooglasi.rs\/oglasi\/oglasitrgoviste\/wp-json\/wp\/v2\/posts"}],"about":[{"href":"https:\/\/oglasi.infooglasi.rs\/oglasi\/oglasitrgoviste\/wp-json\/wp\/v2\/types\/post"}],"author":[{"embeddable":true,"href":"https:\/\/oglasi.infooglasi.rs\/oglasi\/oglasitrgoviste\/wp-json\/wp\/v2\/users\/1"}],"replies":[{"embeddable":true,"href":"https:\/\/oglasi.infooglasi.rs\/oglasi\/oglasitrgoviste\/wp-json\/wp\/v2\/comments?post=6722"}],"version-history":[{"count":0,"href":"https:\/\/oglasi.infooglasi.rs\/oglasi\/oglasitrgoviste\/wp-json\/wp\/v2\/posts\/6722\/revisions"}],"wp:featuredmedia":[{"embeddable":true,"href":"https:\/\/oglasi.infooglasi.rs\/oglasi\/oglasitrgoviste\/wp-json\/wp\/v2\/media\/6723"}],"wp:attachment":[{"href":"https:\/\/oglasi.infooglasi.rs\/oglasi\/oglasitrgoviste\/wp-json\/wp\/v2\/media?parent=6722"}],"wp:term":[{"taxonomy":"category","embeddable":true,"href":"https:\/\/oglasi.infooglasi.rs\/oglasi\/oglasitrgoviste\/wp-json\/wp\/v2\/categories?post=6722"},{"taxonomy":"post_tag","embeddable":true,"href":"https:\/\/oglasi.infooglasi.rs\/oglasi\/oglasitrgoviste\/wp-json\/wp\/v2\/tags?post=6722"}],"curies":[{"name":"wp","href":"https:\/\/api.w.org\/{rel}","templated":true}]}}