{"id":6751,"date":"2024-09-24T15:31:01","date_gmt":"2024-09-24T13:31:01","guid":{"rendered":"https:\/\/oglasi.infooglasi.rs\/oglasi\/oglasitrgoviste\/izvrseno-ciscenje-i-kosenje-trave-u-pjesackom-podvoznjaku-kod-os-meksiko-oglasi-trgoviste\/"},"modified":"2024-09-24T15:31:01","modified_gmt":"2024-09-24T13:31:01","slug":"izvrseno-ciscenje-i-kosenje-trave-u-pjesackom-podvoznjaku-kod-os-meksiko-oglasi-trgoviste","status":"publish","type":"post","link":"https:\/\/oglasi.infooglasi.rs\/oglasi\/oglasitrgoviste\/izvrseno-ciscenje-i-kosenje-trave-u-pjesackom-podvoznjaku-kod-os-meksiko-oglasi-trgoviste\/","title":{"rendered":"Izvr\u0161eno \u010di\u0161\u0107enje i ko\u0161enje trave u pje\u0161a\u010dkom podvo\u017enjaku kod O\u0160 \u201eMeksiko\u201c &#8211; OGLASI TRGOVI\u0160TE"},"content":{"rendered":"<p><\/p>\n<div>\n<div class=\"post-media post-image\">\n<img loading=\"lazy\" decoding=\"async\" data-lazyloaded=\"1\" width=\"721\" height=\"560\" class=\"img-fluid\" src=\"https:\/\/i0.wp.com\/primorski.me\/wp-content\/uploads\/2024\/09\/FB_IMG_1727183694781.jpg?resize=721%2C560&amp;ssl=1\" alt=\" Izvr\u0161eno \u010di\u0161\u0107enje i ko\u0161enje trave u pje\u0161a\u010dkom podvo\u017enjaku kod O\u0160 \u201eMeksiko\u201c\"\/><\/div>\n<p><strong>Radnici RJ Gradska \u010disto\u0107a DOO Komunalne djelatnosti Bar izvr\u0161ili su \u010di\u0161\u0107enje i ko\u0161enje trave u pje\u0161a\u010dkom podvo\u017enjaku kod O\u0160 \u201eMeksiko\u201c.<\/strong><\/p>\n<figure data-carousel-extra=\"{\" blog_id=\"\" class=\"wp-block-gallery has-nested-images columns-default is-cropped wp-block-gallery-2 is-layout-flex wp-block-gallery-is-layout-flex\">\n<figure class=\"wp-block-image size-large\"><img data-lazyloaded=\"1\" data-recalc-dims=\"1\" loading=\"lazy\" decoding=\"async\" width=\"800\" height=\"800\" data-attachment-id=\"98776\" data-permalink=\"https:\/\/primorski.me\/info\/drustvo\/izvrseno-ciscenje-i-kosenje-trave-u-pjesackom-podvoznjaku-kod-os-meksiko\/attachment\/fb_img_1727183683557\/\" data-orig-file=\"https:\/\/i0.wp.com\/primorski.me\/wp-content\/uploads\/2024\/09\/FB_IMG_1727183683557.jpg?fit=1080%2C1080&amp;ssl=1\" data-orig-size=\"1080,1080\" data-comments-opened=\"1\" data-image-meta=\"{&quot;aperture&quot;:&quot;0&quot;,&quot;credit&quot;:&quot;&quot;,&quot;camera&quot;:&quot;&quot;,&quot;caption&quot;:&quot;&quot;,&quot;created_timestamp&quot;:&quot;0&quot;,&quot;copyright&quot;:&quot;&quot;,&quot;focal_length&quot;:&quot;0&quot;,&quot;iso&quot;:&quot;0&quot;,&quot;shutter_speed&quot;:&quot;0&quot;,&quot;title&quot;:&quot;&quot;,&quot;orientation&quot;:&quot;0&quot;}\" data-image-title=\"FB_IMG_1727183683557\" data-image-description=\"\" data-image-caption=\"\" data-medium-file=\"https:\/\/i0.wp.com\/primorski.me\/wp-content\/uploads\/2024\/09\/FB_IMG_1727183683557.jpg?fit=300%2C300&amp;ssl=1\" data-large-file=\"https:\/\/i0.wp.com\/primorski.me\/wp-content\/uploads\/2024\/09\/FB_IMG_1727183683557.jpg?fit=800%2C800&amp;ssl=1\" tabindex=\"0\" role=\"button\" data-id=\"98776\" src=\"https:\/\/i0.wp.com\/primorski.me\/wp-content\/uploads\/2024\/09\/FB_IMG_1727183683557.jpg?resize=800%2C800&amp;ssl=1\" alt=\"\" class=\"wp-image-98776\" srcset=\"https:\/\/i0.wp.com\/primorski.me\/wp-content\/uploads\/2024\/09\/FB_IMG_1727183683557.jpg?w=1080&amp;ssl=1 1080w, https:\/\/i0.wp.com\/primorski.me\/wp-content\/uploads\/2024\/09\/FB_IMG_1727183683557.jpg?resize=150%2C150&amp;ssl=1 150w\" data-sizes=\"(max-width: 800px) 100vw, 800px\"\/><\/figure>\n<figure class=\"wp-block-image size-large\"><img data-lazyloaded=\"1\" data-recalc-dims=\"1\" loading=\"lazy\" decoding=\"async\" width=\"721\" height=\"721\" data-attachment-id=\"98777\" data-permalink=\"https:\/\/primorski.me\/info\/drustvo\/izvrseno-ciscenje-i-kosenje-trave-u-pjesackom-podvoznjaku-kod-os-meksiko\/attachment\/fb_img_1727183697536\/\" data-orig-file=\"https:\/\/i0.wp.com\/primorski.me\/wp-content\/uploads\/2024\/09\/FB_IMG_1727183697536.jpg?fit=721%2C721&amp;ssl=1\" data-orig-size=\"721,721\" data-comments-opened=\"1\" data-image-meta=\"{&quot;aperture&quot;:&quot;0&quot;,&quot;credit&quot;:&quot;&quot;,&quot;camera&quot;:&quot;&quot;,&quot;caption&quot;:&quot;&quot;,&quot;created_timestamp&quot;:&quot;0&quot;,&quot;copyright&quot;:&quot;&quot;,&quot;focal_length&quot;:&quot;0&quot;,&quot;iso&quot;:&quot;0&quot;,&quot;shutter_speed&quot;:&quot;0&quot;,&quot;title&quot;:&quot;&quot;,&quot;orientation&quot;:&quot;0&quot;}\" data-image-title=\"FB_IMG_1727183697536\" data-image-description=\"\" data-image-caption=\"\" data-medium-file=\"https:\/\/i0.wp.com\/primorski.me\/wp-content\/uploads\/2024\/09\/FB_IMG_1727183697536.jpg?fit=300%2C300&amp;ssl=1\" data-large-file=\"https:\/\/i0.wp.com\/primorski.me\/wp-content\/uploads\/2024\/09\/FB_IMG_1727183697536.jpg?fit=721%2C721&amp;ssl=1\" tabindex=\"0\" role=\"button\" data-id=\"98777\" src=\"https:\/\/i0.wp.com\/primorski.me\/wp-content\/uploads\/2024\/09\/FB_IMG_1727183697536.jpg?resize=721%2C721&amp;ssl=1\" alt=\"\" class=\"wp-image-98777\" srcset=\"https:\/\/i0.wp.com\/primorski.me\/wp-content\/uploads\/2024\/09\/FB_IMG_1727183697536.jpg?w=721&amp;ssl=1 721w, https:\/\/i0.wp.com\/primorski.me\/wp-content\/uploads\/2024\/09\/FB_IMG_1727183697536.jpg?resize=150%2C150&amp;ssl=1 150w\" data-sizes=\"(max-width: 721px) 100vw, 721px\"\/><\/figure>\n<\/figure>\n<p>\u201ePored toga, odra\u0111eni su molerski radovi na kre\u010denju grafita na zidovima podvo\u017enjaka. Imaju\u0107i u vidu da je \u0161kolska godina ve\u0107 po\u010dela, aktivnosti su intenzivirane kako bi prostor bio ure\u0111en i siguran za u\u010denike i prolaznike\u201c, stoji u saop\u0161tenju.<\/p>\n<\/div>\n<p><a href=\"https:\/\/primorski.me\/info\/drustvo\/izvrseno-ciscenje-i-kosenje-trave-u-pjesackom-podvoznjaku-kod-os-meksiko\/?utm_source=rss&#038;utm_medium=rss&#038;utm_campaign=izvrseno-ciscenje-i-kosenje-trave-u-pjesackom-podvoznjaku-kod-os-meksiko\" target=\"_blank\" rel=\"noopener\">Source link <\/a><br \/>\n\nIzvr\u0161eno \u010di\u0161\u0107enje i ko\u0161enje trave u pje\u0161a\u010dkom podvo\u017enjaku kod O\u0160 \u201eMeksiko\u201c<\/p>\n","protected":false},"excerpt":{"rendered":"<p>Radnici RJ Gradska \u010disto\u0107a DOO Komunalne djelatnosti Bar izvr\u0161ili su \u010di\u0161\u0107enje i ko\u0161enje trave u pje\u0161a\u010dkom podvo\u017enjaku kod O\u0160 \u201eMeksiko\u201c.&hellip;<\/p>\n","protected":false},"author":1,"featured_media":6752,"comment_status":"open","ping_status":"open","sticky":false,"template":"","format":"standard","meta":{"footnotes":""},"categories":[1],"tags":[],"class_list":["post-6751","post","type-post","status-publish","format-standard","has-post-thumbnail","hentry","category-oglasi-trgoviste"],"_links":{"self":[{"href":"https:\/\/oglasi.infooglasi.rs\/oglasi\/oglasitrgoviste\/wp-json\/wp\/v2\/posts\/6751","targetHints":{"allow":["GET"]}}],"collection":[{"href":"https:\/\/oglasi.infooglasi.rs\/oglasi\/oglasitrgoviste\/wp-json\/wp\/v2\/posts"}],"about":[{"href":"https:\/\/oglasi.infooglasi.rs\/oglasi\/oglasitrgoviste\/wp-json\/wp\/v2\/types\/post"}],"author":[{"embeddable":true,"href":"https:\/\/oglasi.infooglasi.rs\/oglasi\/oglasitrgoviste\/wp-json\/wp\/v2\/users\/1"}],"replies":[{"embeddable":true,"href":"https:\/\/oglasi.infooglasi.rs\/oglasi\/oglasitrgoviste\/wp-json\/wp\/v2\/comments?post=6751"}],"version-history":[{"count":0,"href":"https:\/\/oglasi.infooglasi.rs\/oglasi\/oglasitrgoviste\/wp-json\/wp\/v2\/posts\/6751\/revisions"}],"wp:featuredmedia":[{"embeddable":true,"href":"https:\/\/oglasi.infooglasi.rs\/oglasi\/oglasitrgoviste\/wp-json\/wp\/v2\/media\/6752"}],"wp:attachment":[{"href":"https:\/\/oglasi.infooglasi.rs\/oglasi\/oglasitrgoviste\/wp-json\/wp\/v2\/media?parent=6751"}],"wp:term":[{"taxonomy":"category","embeddable":true,"href":"https:\/\/oglasi.infooglasi.rs\/oglasi\/oglasitrgoviste\/wp-json\/wp\/v2\/categories?post=6751"},{"taxonomy":"post_tag","embeddable":true,"href":"https:\/\/oglasi.infooglasi.rs\/oglasi\/oglasitrgoviste\/wp-json\/wp\/v2\/tags?post=6751"}],"curies":[{"name":"wp","href":"https:\/\/api.w.org\/{rel}","templated":true}]}}