{"id":6816,"date":"2025-02-10T14:11:20","date_gmt":"2025-02-10T13:11:20","guid":{"rendered":"https:\/\/oglasi.infooglasi.rs\/oglasi\/oglasitrgoviste\/krstic-mozda-se-protest-u-trgovistu-cini-skromnim-ali-ovo-su-najhrabriji-ljudu-oglasi-trgoviste\/"},"modified":"2025-02-10T14:11:20","modified_gmt":"2025-02-10T13:11:20","slug":"krstic-mozda-se-protest-u-trgovistu-cini-skromnim-ali-ovo-su-najhrabriji-ljudu-oglasi-trgoviste","status":"publish","type":"post","link":"https:\/\/oglasi.infooglasi.rs\/oglasi\/oglasitrgoviste\/krstic-mozda-se-protest-u-trgovistu-cini-skromnim-ali-ovo-su-najhrabriji-ljudu-oglasi-trgoviste\/","title":{"rendered":"Krsti\u0107: Mo\u017eda se protest u Trgovi\u0161tu \u010dini skromnim, ali ovo su NAJHRABRIJI LJUDU &#8211; OGLASI TRGOVI\u0160TE"},"content":{"rendered":"<p><\/p>\n<div>\n<p>U subotu od 13 \u010dasova odr\u017ean je protest podr\u0161ke studentima, u\u010denicima i profesorima i u op\u0161tini Trgovi\u0161te. <\/p>\n<p>Jedan od opoziconih lidera u op\u0161tini Trgovi\u0161te, Marko Krsti\u0107 naglasio je da \u0107e na svakom narednom protestu biti sve vi\u0161e gra\u0111ana. <\/p>\n<p>Mo\u017eda se nekom \u010dini da je mali broj ljudi na protestu, ali ovo su najhrabriji ljudi u Trgovi\u0161tu i to je za veliko po\u0161tovanje, napisao je Marko Krsti\u0107. <\/p>\n<p>Podse\u0107amo, op\u0161tina Trgovi\u0161te jedan je od najsiroma\u0161nijh lokalnih zajednica na teritoriji Republike Srbije. <\/p>\n<p>Na izborima u decembru 2023. godine, u ovoj op\u0161tini za listu \u201eAleksandar Vu\u010di\u0107 \u2013 Srbije ne sme da stane\u201c glasalo je vi\u0161e od 85 odsto iza\u0161lih gra\u0111ana. <\/p>\n<\/p><\/div>\n<p><a href=\"https:\/\/infovranjske.rs\/krstic-mozda-se-protest-u-trgovistu-cini-skromnim-ali-ovo-su-najhrabriji-ljudu\/\" target=\"_blank\" rel=\"noopener\">Source link <\/a><br \/>\n\nKrsti\u0107: Mo\u017eda se protest u Trgovi\u0161tu \u010dini skromnim, ali ovo su NAJHRABRIJI LJUDU<\/p>\n","protected":false},"excerpt":{"rendered":"<p>U subotu od 13 \u010dasova odr\u017ean je protest podr\u0161ke studentima, u\u010denicima i profesorima i u op\u0161tini Trgovi\u0161te. Jedan od opoziconih&hellip;<\/p>\n","protected":false},"author":1,"featured_media":6817,"comment_status":"open","ping_status":"open","sticky":false,"template":"","format":"standard","meta":{"footnotes":""},"categories":[1],"tags":[],"class_list":["post-6816","post","type-post","status-publish","format-standard","has-post-thumbnail","hentry","category-oglasi-trgoviste"],"_links":{"self":[{"href":"https:\/\/oglasi.infooglasi.rs\/oglasi\/oglasitrgoviste\/wp-json\/wp\/v2\/posts\/6816","targetHints":{"allow":["GET"]}}],"collection":[{"href":"https:\/\/oglasi.infooglasi.rs\/oglasi\/oglasitrgoviste\/wp-json\/wp\/v2\/posts"}],"about":[{"href":"https:\/\/oglasi.infooglasi.rs\/oglasi\/oglasitrgoviste\/wp-json\/wp\/v2\/types\/post"}],"author":[{"embeddable":true,"href":"https:\/\/oglasi.infooglasi.rs\/oglasi\/oglasitrgoviste\/wp-json\/wp\/v2\/users\/1"}],"replies":[{"embeddable":true,"href":"https:\/\/oglasi.infooglasi.rs\/oglasi\/oglasitrgoviste\/wp-json\/wp\/v2\/comments?post=6816"}],"version-history":[{"count":0,"href":"https:\/\/oglasi.infooglasi.rs\/oglasi\/oglasitrgoviste\/wp-json\/wp\/v2\/posts\/6816\/revisions"}],"wp:featuredmedia":[{"embeddable":true,"href":"https:\/\/oglasi.infooglasi.rs\/oglasi\/oglasitrgoviste\/wp-json\/wp\/v2\/media\/6817"}],"wp:attachment":[{"href":"https:\/\/oglasi.infooglasi.rs\/oglasi\/oglasitrgoviste\/wp-json\/wp\/v2\/media?parent=6816"}],"wp:term":[{"taxonomy":"category","embeddable":true,"href":"https:\/\/oglasi.infooglasi.rs\/oglasi\/oglasitrgoviste\/wp-json\/wp\/v2\/categories?post=6816"},{"taxonomy":"post_tag","embeddable":true,"href":"https:\/\/oglasi.infooglasi.rs\/oglasi\/oglasitrgoviste\/wp-json\/wp\/v2\/tags?post=6816"}],"curies":[{"name":"wp","href":"https:\/\/api.w.org\/{rel}","templated":true}]}}