{"id":6820,"date":"2025-02-16T21:05:37","date_gmt":"2025-02-16T20:05:37","guid":{"rendered":"https:\/\/oglasi.infooglasi.rs\/oglasi\/oglasitrgoviste\/treci-protest-u-trgovistu-pridruzite-se-vise-nema-straha-oglasi-trgoviste\/"},"modified":"2025-02-16T21:05:37","modified_gmt":"2025-02-16T20:05:37","slug":"treci-protest-u-trgovistu-pridruzite-se-vise-nema-straha-oglasi-trgoviste","status":"publish","type":"post","link":"https:\/\/oglasi.infooglasi.rs\/oglasi\/oglasitrgoviste\/treci-protest-u-trgovistu-pridruzite-se-vise-nema-straha-oglasi-trgoviste\/","title":{"rendered":"Tre\u0107i protest u Trgovi\u0161tu: &#8220;Pridru\u017eite se, vi\u0161e nema straha&#8221; &#8211; OGLASI TRGOVI\u0160TE"},"content":{"rendered":"<p><img decoding=\"async\" src=\"https:\/\/slobodnarec.com\/wp-content\/uploads\/2025\/01\/IMG_20250103_162316.jpg\" \/><\/p>\n<div data-td-block-uid=\"tdi_104\">\n<div class=\"tdb-block-inner td-fix-index\">\n<p>TRGOVI\u0160TE \u2013 Protestna \u0161etnja u Trgovi\u0161tu, pod nazivom \u201eTrgovi\u0161te ustaje\u201c, zakazana je za subotu, 8. februar, u 16 \u010dasova, a okupljanje \u0107e biti na platou ispred Crkve Svetog Nikole.<\/p>\n<p>Ovo \u0107e biti tre\u0107i po redu protest podr\u0161ke studentima, \u0111acima i prosvetnim radnicima.<\/p>\n<p>Okupljanje \u0107e po\u010deti u 16 \u010dasova, a u 16.15 po\u010de\u0107e petnaestominutna \u0107utnja kao znak odavanja po\u0161te nastradalima u Novom Sadu.<\/p>\n<p>\u0160etnja glavnom ulicom i ulicom Patrijarha Pavla \u0107e po\u010deti u 16.30 \u010dasova.<\/p>\n<blockquote>\n<p><strong>\u010citajte vi\u0161e:<\/strong><\/p>\n<\/blockquote>\n<blockquote class=\"wp-embedded-content\" data-secret=\"CI4AECGGBr\">\n<p><a href=\"https:\/\/slobodnarec.com\/ucesnici-skupa-podrske-studentima-u-trgovistu-podrska-stize-iz-svih-krajeva-zemlje\/\" target=\"_blank\" rel=\"noopener\">U\u010desnici skupa podr\u0161ke studentima u Trgovi\u0161tu: \u201ePodr\u0161ka sti\u017ee iz svih krajeva zemlje\u201c<\/a><\/p>\n<\/blockquote>\n<p><iframe loading=\"lazy\" class=\"wp-embedded-content\" sandbox=\"allow-scripts\" security=\"restricted\" style=\"position: absolute; clip: rect(1px, 1px, 1px, 1px);\" title=\"\u0084U\u010desnici skupa podr\u0161ke studentima u Trgovi\u0161tu: \u201ePodr\u0161ka sti\u017ee iz svih krajeva zemlje\u201c\u0093 \u2014 Slobodna re\u010d\" src=\"https:\/\/slobodnarec.com\/treci-protest-u-trgovistu-pridruzite-se-vise-nema-straha\/about:blank\" data-secret=\"CI4AECGGBr\" width=\"600\" height=\"338\" frameborder=\"0\" marginwidth=\"0\" marginheight=\"0\" scrolling=\"no\" data-rocket-lazyload=\"fitvidscompatible\" data-lazy-src=\"https:\/\/slobodnarec.com\/ucesnici-skupa-podrske-studentima-u-trgovistu-podrska-stize-iz-svih-krajeva-zemlje\/embed\/#?secret=QgsJDZLbQ0#?secret=CI4AECGGBr\"><\/iframe><noscript><iframe loading=\"lazy\" class=\"wp-embedded-content\" sandbox=\"allow-scripts\" security=\"restricted\" style=\"position: absolute; clip: rect(1px, 1px, 1px, 1px);\" title=\"\u0084U\u010desnici skupa podr\u0161ke studentima u Trgovi\u0161tu: \u201ePodr\u0161ka sti\u017ee iz svih krajeva zemlje\u201c\u0093 \u2014 Slobodna re\u010d\" src=\"https:\/\/slobodnarec.com\/ucesnici-skupa-podrske-studentima-u-trgovistu-podrska-stize-iz-svih-krajeva-zemlje\/embed\/#?secret=QgsJDZLbQ0#?secret=CI4AECGGBr\" data-secret=\"CI4AECGGBr\" width=\"600\" height=\"338\" frameborder=\"0\" marginwidth=\"0\" marginheight=\"0\" scrolling=\"no\"><\/iframe><\/noscript><\/p>\n<p>\u00a0<\/p>\n<p>\u00a0<\/p>\n<\/div>\n<\/div>\n<p><script type=\"text\/javascript\">\n!function(f,b,e,v,n,t,s){if(f.fbq)return;n=f.fbq=function(){n.callMethod?\nn.callMethod.apply(n,arguments):n.queue.push(arguments)};if(!f._fbq)f._fbq=n;\nn.push=n;n.loaded=!0;n.version='2.0';n.queue=[];t=b.createElement(e);t.async=!0;\nt.src=v;s=b.getElementsByTagName(e)[0];s.parentNode.insertBefore(t,s)}(window,\ndocument,'script','https:\/\/connect.facebook.net\/en_US\/fbevents.js?v=next');\n<\/script><br \/>\n<br \/><a href=\"https:\/\/slobodnarec.com\/treci-protest-u-trgovistu-pridruzite-se-vise-nema-straha\/\" target=\"_blank\" rel=\"noopener\">Source link <\/a><br \/>\n\nTre\u0107i protest u Trgovi\u0161tu: &#8220;Pridru\u017eite se, vi\u0161e nema straha&#8221;<\/p>\n","protected":false},"excerpt":{"rendered":"<p>TRGOVI\u0160TE \u2013 Protestna \u0161etnja u Trgovi\u0161tu, pod nazivom \u201eTrgovi\u0161te ustaje\u201c, zakazana je za subotu, 8. februar, u 16 \u010dasova, a&hellip;<\/p>\n","protected":false},"author":1,"featured_media":6821,"comment_status":"open","ping_status":"open","sticky":false,"template":"","format":"standard","meta":{"footnotes":""},"categories":[1],"tags":[],"class_list":["post-6820","post","type-post","status-publish","format-standard","has-post-thumbnail","hentry","category-oglasi-trgoviste"],"_links":{"self":[{"href":"https:\/\/oglasi.infooglasi.rs\/oglasi\/oglasitrgoviste\/wp-json\/wp\/v2\/posts\/6820","targetHints":{"allow":["GET"]}}],"collection":[{"href":"https:\/\/oglasi.infooglasi.rs\/oglasi\/oglasitrgoviste\/wp-json\/wp\/v2\/posts"}],"about":[{"href":"https:\/\/oglasi.infooglasi.rs\/oglasi\/oglasitrgoviste\/wp-json\/wp\/v2\/types\/post"}],"author":[{"embeddable":true,"href":"https:\/\/oglasi.infooglasi.rs\/oglasi\/oglasitrgoviste\/wp-json\/wp\/v2\/users\/1"}],"replies":[{"embeddable":true,"href":"https:\/\/oglasi.infooglasi.rs\/oglasi\/oglasitrgoviste\/wp-json\/wp\/v2\/comments?post=6820"}],"version-history":[{"count":0,"href":"https:\/\/oglasi.infooglasi.rs\/oglasi\/oglasitrgoviste\/wp-json\/wp\/v2\/posts\/6820\/revisions"}],"wp:featuredmedia":[{"embeddable":true,"href":"https:\/\/oglasi.infooglasi.rs\/oglasi\/oglasitrgoviste\/wp-json\/wp\/v2\/media\/6821"}],"wp:attachment":[{"href":"https:\/\/oglasi.infooglasi.rs\/oglasi\/oglasitrgoviste\/wp-json\/wp\/v2\/media?parent=6820"}],"wp:term":[{"taxonomy":"category","embeddable":true,"href":"https:\/\/oglasi.infooglasi.rs\/oglasi\/oglasitrgoviste\/wp-json\/wp\/v2\/categories?post=6820"},{"taxonomy":"post_tag","embeddable":true,"href":"https:\/\/oglasi.infooglasi.rs\/oglasi\/oglasitrgoviste\/wp-json\/wp\/v2\/tags?post=6820"}],"curies":[{"name":"wp","href":"https:\/\/api.w.org\/{rel}","templated":true}]}}