{"id":6862,"date":"2025-06-21T08:47:37","date_gmt":"2025-06-21T06:47:37","guid":{"rendered":"https:\/\/oglasi.infooglasi.rs\/oglasi\/oglasitrgoviste\/lebancani-u-play-off-u-bez-poraza-radan-pobedio-pcinju-za-3-mesto-na-tabeli-zone-jug-oglasi-trgoviste\/"},"modified":"2025-06-21T08:47:37","modified_gmt":"2025-06-21T06:47:37","slug":"lebancani-u-play-off-u-bez-poraza-radan-pobedio-pcinju-za-3-mesto-na-tabeli-zone-jug-oglasi-trgoviste","status":"publish","type":"post","link":"https:\/\/oglasi.infooglasi.rs\/oglasi\/oglasitrgoviste\/lebancani-u-play-off-u-bez-poraza-radan-pobedio-pcinju-za-3-mesto-na-tabeli-zone-jug-oglasi-trgoviste\/","title":{"rendered":"Leban\u010dani u Play Off-u bez poraza: Radan pobedio P\u010dinju za 3. mesto na tabeli Zone Jug &#8211; OGLASI TRGOVI\u0160TE"},"content":{"rendered":"<p><\/p>\n<div>\n<p><!-- FB Like Button Starbit IT Solutions BEGIN --><\/p>\n<p><!-- FB Like Button Starbit IT Solutions END --><\/p>\n<figure class=\"wp-block-image size-full\"><img loading=\"lazy\" data-recalc-dims=\"1\" decoding=\"async\" width=\"750\" height=\"421\" src=\"https:\/\/i0.wp.com\/sportskastranajuga.com\/wp-content\/uploads\/2025\/06\/radan-bsk-zona-jug-01062025-2.jpg?resize=750%2C421&amp;ssl=1\" alt=\"\" class=\"wp-image-12910\" srcset=\"https:\/\/i0.wp.com\/sportskastranajuga.com\/wp-content\/uploads\/2025\/06\/radan-bsk-zona-jug-01062025-2.jpg?w=900&amp;ssl=1 900w, https:\/\/i0.wp.com\/sportskastranajuga.com\/wp-content\/uploads\/2025\/06\/radan-bsk-zona-jug-01062025-2.jpg?resize=300%2C168&amp;ssl=1 300w, https:\/\/i0.wp.com\/sportskastranajuga.com\/wp-content\/uploads\/2025\/06\/radan-bsk-zona-jug-01062025-2.jpg?resize=768%2C431&amp;ssl=1 768w\" sizes=\"auto, (max-width: 750px) 100vw, 750px\"\/><\/figure>\n<p>Pobedom nad ekipom Pi\u010dinje fudbaleri Radana su potvrdili osvajanje 3. mesta na tabeli Zone Jug i tako okon\u010dali jednu rezultatski uspe\u0161nu sezonu.<\/p>\n<p>Zona Jug \u2013 5. kola Play Off-a Zone Jug<\/p>\n<p><strong>RADAN \u2013 P\u010cINJA   3:2<\/strong><\/p>\n<p>Strelci: 1:0 Nemanja Smiljkovi\u0107 u 8.,, 1:1 Nikola Sto\u0161i\u0107 u 28., 2:1 \u017darko Aleksi\u0107 u 55., 3:1 Nemanja Smiljkovi\u0107 u 84., 3:2 Danilo Arsi\u0107 u 90. minutu \u2013 Lebane, stadion Radana, sudija: Darko Radenkovi\u0107, \u017euti kartoni: Sto\u0161i\u0107, Velinovi\u0107 (P\u010dinja).<\/p>\n<p><strong>RADAN<\/strong>: A. Zari\u0107, M. Krsti\u0107, M. Ili\u0107, \u017d. Aleksi\u0107, V. Stankovi\u0107, N. Smiljkovi\u0107, M. Cvetkovi\u0107, M. Stevanovi\u0107 (D. Ceki\u0107), D. Cvetkovi\u0107, P. Nasti\u0107, M. Mitrovi\u0107.<\/p>\n<p><strong>P\u010cINJA<\/strong>: D. Ja\u0107imovi\u0107, M. Stefanovi\u0107, A. Velinovi\u0107, N. Sto\u0161i\u0107, M. Petrovi\u0107 (N. Stankovi\u0107), P. Markovi\u0107, D. Davidovi\u0107, D. Stojiljkovi\u0107, D. Arsi\u0107, K. Taskovi\u0107, M. Nedeljkovi\u0107.<\/p>\n<p>Odili\u010dno su Leban\u010dani odigrali Play Off Zone Jug i psole startnog remija na gostovanju sa Grackom zabele\u017eili \u010detiri uzastopne pobede.<\/p>\n<p>\u010cetvrta kojom je spu\u0161tena zavesa na ovu sezonu je bila u derbiju poslednjeg 5. kola sa drugoplasiranom ekipom P\u010dinje.<\/p>\n<p>Na kraju slavlje Leban\u010dana, osvajanje tre\u0107eg mesta na zavr\u0161noj tabeli kao zalog za ulazak u sezonu u kojoj \u0107e Radan obele\u017eiti redak jubilej \u2013 100 godina od osnivanja kluba. <\/p>\n<p>Foto: FK Radan, ekipa Radana iz duelsa sa ekipom BSK iz Bujanovca<\/p>\n<\/p><\/div>\n<p><script>(function(d, s, id) {\n  var js, fjs = d.getElementsByTagName(s)[0];\n  if (d.getElementById(id)) return;\n  js = d.createElement(s); js.id = id;\n  js.src = \"\/\/connect.facebook.net\/sr_RS\/sdk.js#xfbml=1&version=v2.7&appId=1501308356848144\";\n  fjs.parentNode.insertBefore(js, fjs);\n}(document, 'script', 'facebook-jssdk'));<\/script><br \/>\n<br \/><a href=\"https:\/\/sportskastranajuga.com\/2025\/06\/15\/lebancani-u-play-off-u-bez-poraza-radan-pobedio-pcinju-za-3-mesto-na-tabeli-zone-jug\/\" target=\"_blank\" rel=\"noopener\">Source link <\/a><br \/>\n\nLeban\u010dani u Play Off-u bez poraza: Radan pobedio P\u010dinju za 3. mesto na tabeli Zone Jug<\/p>\n","protected":false},"excerpt":{"rendered":"<p>Pobedom nad ekipom Pi\u010dinje fudbaleri Radana su potvrdili osvajanje 3. mesta na tabeli Zone Jug i tako okon\u010dali jednu rezultatski&hellip;<\/p>\n","protected":false},"author":1,"featured_media":6863,"comment_status":"open","ping_status":"open","sticky":false,"template":"","format":"standard","meta":{"footnotes":""},"categories":[1],"tags":[],"class_list":["post-6862","post","type-post","status-publish","format-standard","has-post-thumbnail","hentry","category-oglasi-trgoviste"],"_links":{"self":[{"href":"https:\/\/oglasi.infooglasi.rs\/oglasi\/oglasitrgoviste\/wp-json\/wp\/v2\/posts\/6862","targetHints":{"allow":["GET"]}}],"collection":[{"href":"https:\/\/oglasi.infooglasi.rs\/oglasi\/oglasitrgoviste\/wp-json\/wp\/v2\/posts"}],"about":[{"href":"https:\/\/oglasi.infooglasi.rs\/oglasi\/oglasitrgoviste\/wp-json\/wp\/v2\/types\/post"}],"author":[{"embeddable":true,"href":"https:\/\/oglasi.infooglasi.rs\/oglasi\/oglasitrgoviste\/wp-json\/wp\/v2\/users\/1"}],"replies":[{"embeddable":true,"href":"https:\/\/oglasi.infooglasi.rs\/oglasi\/oglasitrgoviste\/wp-json\/wp\/v2\/comments?post=6862"}],"version-history":[{"count":0,"href":"https:\/\/oglasi.infooglasi.rs\/oglasi\/oglasitrgoviste\/wp-json\/wp\/v2\/posts\/6862\/revisions"}],"wp:featuredmedia":[{"embeddable":true,"href":"https:\/\/oglasi.infooglasi.rs\/oglasi\/oglasitrgoviste\/wp-json\/wp\/v2\/media\/6863"}],"wp:attachment":[{"href":"https:\/\/oglasi.infooglasi.rs\/oglasi\/oglasitrgoviste\/wp-json\/wp\/v2\/media?parent=6862"}],"wp:term":[{"taxonomy":"category","embeddable":true,"href":"https:\/\/oglasi.infooglasi.rs\/oglasi\/oglasitrgoviste\/wp-json\/wp\/v2\/categories?post=6862"},{"taxonomy":"post_tag","embeddable":true,"href":"https:\/\/oglasi.infooglasi.rs\/oglasi\/oglasitrgoviste\/wp-json\/wp\/v2\/tags?post=6862"}],"curies":[{"name":"wp","href":"https:\/\/api.w.org\/{rel}","templated":true}]}}