{"id":6635,"date":"2023-11-12T12:04:23","date_gmt":"2023-11-12T11:04:23","guid":{"rendered":"https:\/\/oglasi.infooglasi.rs\/oglasi\/oglasitutin\/hot-cestitao-dan-bosnjaka-020media-oglasi-tutin\/"},"modified":"2023-11-12T12:04:23","modified_gmt":"2023-11-12T11:04:23","slug":"hot-cestitao-dan-bosnjaka-020media-oglasi-tutin","status":"publish","type":"post","link":"https:\/\/oglasi.infooglasi.rs\/oglasi\/oglasitutin\/hot-cestitao-dan-bosnjaka-020media-oglasi-tutin\/","title":{"rendered":"Hot \u010destitao Dan Bo\u0161njaka | 020media &#8211; OGLASI TUTIN"},"content":{"rendered":"<p><\/p>\n<div id=\"post-5591\">\n<p>\t<!-- .entry-header --><\/p>\n<figure class=\"entry-thumbnail\">\n\t\t\t<img loading=\"lazy\" width=\"1260\" height=\"710\" src=\"https:\/\/020media.info\/wp-content\/uploads\/2023\/09\/TEXT-TEXT-TEXT-TEXT-TEX-TEXTT_20230930_234644_0000-1260x710.jpg\" class=\"attachment-short-news-fullwidth size-short-news-fullwidth wp-post-image\" alt=\"\" decoding=\"async\" srcset=\"https:\/\/020media.info\/wp-content\/uploads\/2023\/09\/TEXT-TEXT-TEXT-TEXT-TEX-TEXTT_20230930_234644_0000-1260x710.jpg 1260w, https:\/\/020media.info\/wp-content\/uploads\/2023\/09\/TEXT-TEXT-TEXT-TEXT-TEX-TEXTT_20230930_234644_0000-300x169.jpg 300w, https:\/\/020media.info\/wp-content\/uploads\/2023\/09\/TEXT-TEXT-TEXT-TEXT-TEX-TEXTT_20230930_234644_0000-1024x576.jpg 1024w, https:\/\/020media.info\/wp-content\/uploads\/2023\/09\/TEXT-TEXT-TEXT-TEXT-TEX-TEXTT_20230930_234644_0000-768x432.jpg 768w, https:\/\/020media.info\/wp-content\/uploads\/2023\/09\/TEXT-TEXT-TEXT-TEXT-TEX-TEXTT_20230930_234644_0000-1536x864.jpg 1536w, https:\/\/020media.info\/wp-content\/uploads\/2023\/09\/TEXT-TEXT-TEXT-TEXT-TEX-TEXTT_20230930_234644_0000.jpg 1920w\" sizes=\"auto, (max-width: 1260px) 100vw, 1260px\"\/>\t\t<\/figure>\n<div class=\"entry-content\">\n<p>Predsjednik op\u0161tine Tutin, Salih Hot, \u010destitao je Dan Bo\u0161njaka i naglasio da je jako bitno da svi u\u010destvuju u naporima u o\u010duvanju tradicije i kulture Bo\u0161njaka na ovim prostorima.<\/p>\n<p>\u201cSvim Bo\u0161njacima najsrda\u010dnije \u010destitam nacionalni praznik Dan Bo\u0161njaka. Ovaj praznik nas podsje\u0107a na 28. septembar 1993. godine kada je na Bo\u0161nja\u010dkom saboru u Sarajevu donijeta odluka da se bo\u0161nja\u010dkom narodu nakon 100 godina zabrana vrati njegovo nacionalno ime Bo\u0161njak. U svojstvu predsjednika op\u0161tine Tutin, pozivam sve Bo\u0161njake da svako na svom polju da sve od sebe za razvoj kulture, tradicije, o\u010duvanja jezika i osobenosti svoga naroda. Ba\u0161tine\u0107i svoje evropsko porijeklo i islamski identitet, njegujmo miroljubivost, uva\u017eavanje drugih, toleranciju i po\u0161tovanje demokratskih principa po \u010demu su Bo\u0161njaci poznati i veoma cijenjeni u cijelom svijetu.\u201d<\/p>\n<p>Salih Hot<br \/>Predsjednik op\u0161tine Tutin<\/p>\n<p><img loading=\"lazy\" decoding=\"async\" class=\"size-medium wp-image-5136 aligncenter\" src=\"https:\/\/020media.info\/wp-content\/uploads\/2023\/06\/Upoznaj-tutin-300x104.jpg\" alt=\"\" width=\"300\" height=\"104\" srcset=\"https:\/\/020media.info\/wp-content\/uploads\/2023\/06\/Upoznaj-tutin-300x104.jpg 300w, https:\/\/020media.info\/wp-content\/uploads\/2023\/06\/Upoznaj-tutin-1024x356.jpg 1024w, https:\/\/020media.info\/wp-content\/uploads\/2023\/06\/Upoznaj-tutin-768x267.jpg 768w, https:\/\/020media.info\/wp-content\/uploads\/2023\/06\/Upoznaj-tutin.jpg 1440w\" sizes=\"auto, (max-width: 300px) 100vw, 300px\"\/><\/p>\n<\/p><\/div>\n<p><!-- .entry-content --><\/p>\n<p>\t<!-- .entry-footer --><\/p>\n<\/div>\n<p><a href=\"https:\/\/020media.info\/2023\/09\/30\/hot-cestitao-dan-bosnjaka\/?utm_source=rss&#038;utm_medium=rss&#038;utm_campaign=hot-cestitao-dan-bosnjaka\" target=\"_blank\" rel=\"noopener\">Source link <\/a><br \/>\n\nHot \u010destitao Dan Bo\u0161njaka | 020media<\/p>\n","protected":false},"excerpt":{"rendered":"<p>Predsjednik op\u0161tine Tutin, Salih Hot, \u010destitao je Dan Bo\u0161njaka i naglasio da je jako bitno da svi u\u010destvuju u naporima&hellip;<\/p>\n","protected":false},"author":1,"featured_media":6636,"comment_status":"open","ping_status":"open","sticky":false,"template":"","format":"standard","meta":{"footnotes":""},"categories":[1],"tags":[],"class_list":["post-6635","post","type-post","status-publish","format-standard","has-post-thumbnail","hentry","category-oglasi-tutin"],"_links":{"self":[{"href":"https:\/\/oglasi.infooglasi.rs\/oglasi\/oglasitutin\/wp-json\/wp\/v2\/posts\/6635","targetHints":{"allow":["GET"]}}],"collection":[{"href":"https:\/\/oglasi.infooglasi.rs\/oglasi\/oglasitutin\/wp-json\/wp\/v2\/posts"}],"about":[{"href":"https:\/\/oglasi.infooglasi.rs\/oglasi\/oglasitutin\/wp-json\/wp\/v2\/types\/post"}],"author":[{"embeddable":true,"href":"https:\/\/oglasi.infooglasi.rs\/oglasi\/oglasitutin\/wp-json\/wp\/v2\/users\/1"}],"replies":[{"embeddable":true,"href":"https:\/\/oglasi.infooglasi.rs\/oglasi\/oglasitutin\/wp-json\/wp\/v2\/comments?post=6635"}],"version-history":[{"count":0,"href":"https:\/\/oglasi.infooglasi.rs\/oglasi\/oglasitutin\/wp-json\/wp\/v2\/posts\/6635\/revisions"}],"wp:featuredmedia":[{"embeddable":true,"href":"https:\/\/oglasi.infooglasi.rs\/oglasi\/oglasitutin\/wp-json\/wp\/v2\/media\/6636"}],"wp:attachment":[{"href":"https:\/\/oglasi.infooglasi.rs\/oglasi\/oglasitutin\/wp-json\/wp\/v2\/media?parent=6635"}],"wp:term":[{"taxonomy":"category","embeddable":true,"href":"https:\/\/oglasi.infooglasi.rs\/oglasi\/oglasitutin\/wp-json\/wp\/v2\/categories?post=6635"},{"taxonomy":"post_tag","embeddable":true,"href":"https:\/\/oglasi.infooglasi.rs\/oglasi\/oglasitutin\/wp-json\/wp\/v2\/tags?post=6635"}],"curies":[{"name":"wp","href":"https:\/\/api.w.org\/{rel}","templated":true}]}}