{"id":6840,"date":"2024-07-21T07:29:58","date_gmt":"2024-07-21T05:29:58","guid":{"rendered":"https:\/\/oglasi.infooglasi.rs\/oglasi\/oglasitutin\/video-zavrsna-faza-rekonstrukcije-puta-tutin-mehov-krs-privodi-se-kraju-oglasi-tutin\/"},"modified":"2024-07-21T07:29:58","modified_gmt":"2024-07-21T05:29:58","slug":"video-zavrsna-faza-rekonstrukcije-puta-tutin-mehov-krs-privodi-se-kraju-oglasi-tutin","status":"publish","type":"post","link":"https:\/\/oglasi.infooglasi.rs\/oglasi\/oglasitutin\/video-zavrsna-faza-rekonstrukcije-puta-tutin-mehov-krs-privodi-se-kraju-oglasi-tutin\/","title":{"rendered":"(VIDEO) Zavr\u0161na faza rekonstrukcije puta Tutin-Mehov kr\u0161 privodi se kraju &#8211; OGLASI TUTIN"},"content":{"rendered":"<p><\/p>\n<p>Narodna poslanica Selma Ku\u010devi\u0107 i predsednica op\u0161tine Tutin Refadija Ademovi\u0107, zajedno sa svojim saradnicima, obi\u0161le su radove na asfaltiranju putnog pravca Tutin-Mehov kr\u0161, koji se privode kraju. Ova deonica \u0107e uskoro biti potpuno otvorena za saobra\u0107aj \u010dime \u0107e se zna\u010dajno unaprediti saobra\u0107ajna povezanost i bezbednost u ovom podru\u010dju.<\/p>\n<figure class=\"wp-block-embed is-type-video is-provider-youtube wp-block-embed-youtube wp-embed-aspect-16-9 wp-has-aspect-ratio\">\n<div class=\"wp-block-embed__wrapper\">\n<div class=\"jeg_video_container jeg_video_content\"><\/div>\n<\/div>\n<\/figure>\n<p>Der Beitrag <a href=\"https:\/\/tutinpress.rs\/video-zavrsna-faza-rekonstrukcije-puta-tutin-mehov-krs-privodi-se-kraju\/\" target=\"_blank\" rel=\"noopener\">(VIDEO) Zavr\u0161na faza rekonstrukcije puta Tutin-Mehov kr\u0161 privodi se kraju<\/a> erschien zuerst auf <a href=\"https:\/\/tutinpress.rs\" target=\"_blank\" rel=\"noopener\">Tutin Press<\/a>.<\/p>\n<p><a href=\"https:\/\/tutinpress.rs\/video-zavrsna-faza-rekonstrukcije-puta-tutin-mehov-krs-privodi-se-kraju\/\" target=\"_blank\" rel=\"noopener\">Source link <\/a><br \/>\n\n(VIDEO) Zavr\u0161na faza rekonstrukcije puta Tutin-Mehov kr\u0161 privodi se kraju<\/p>\n","protected":false},"excerpt":{"rendered":"<p>Narodna poslanica Selma Ku\u010devi\u0107 i predsednica op\u0161tine Tutin Refadija Ademovi\u0107, zajedno sa svojim saradnicima, obi\u0161le su radove na asfaltiranju putnog&hellip;<\/p>\n","protected":false},"author":1,"featured_media":0,"comment_status":"open","ping_status":"open","sticky":false,"template":"","format":"standard","meta":{"footnotes":""},"categories":[1],"tags":[],"class_list":["post-6840","post","type-post","status-publish","format-standard","hentry","category-oglasi-tutin"],"_links":{"self":[{"href":"https:\/\/oglasi.infooglasi.rs\/oglasi\/oglasitutin\/wp-json\/wp\/v2\/posts\/6840","targetHints":{"allow":["GET"]}}],"collection":[{"href":"https:\/\/oglasi.infooglasi.rs\/oglasi\/oglasitutin\/wp-json\/wp\/v2\/posts"}],"about":[{"href":"https:\/\/oglasi.infooglasi.rs\/oglasi\/oglasitutin\/wp-json\/wp\/v2\/types\/post"}],"author":[{"embeddable":true,"href":"https:\/\/oglasi.infooglasi.rs\/oglasi\/oglasitutin\/wp-json\/wp\/v2\/users\/1"}],"replies":[{"embeddable":true,"href":"https:\/\/oglasi.infooglasi.rs\/oglasi\/oglasitutin\/wp-json\/wp\/v2\/comments?post=6840"}],"version-history":[{"count":0,"href":"https:\/\/oglasi.infooglasi.rs\/oglasi\/oglasitutin\/wp-json\/wp\/v2\/posts\/6840\/revisions"}],"wp:attachment":[{"href":"https:\/\/oglasi.infooglasi.rs\/oglasi\/oglasitutin\/wp-json\/wp\/v2\/media?parent=6840"}],"wp:term":[{"taxonomy":"category","embeddable":true,"href":"https:\/\/oglasi.infooglasi.rs\/oglasi\/oglasitutin\/wp-json\/wp\/v2\/categories?post=6840"},{"taxonomy":"post_tag","embeddable":true,"href":"https:\/\/oglasi.infooglasi.rs\/oglasi\/oglasitutin\/wp-json\/wp\/v2\/tags?post=6840"}],"curies":[{"name":"wp","href":"https:\/\/api.w.org\/{rel}","templated":true}]}}