{"id":6959,"date":"2024-12-15T16:27:08","date_gmt":"2024-12-15T15:27:08","guid":{"rendered":"https:\/\/oglasi.infooglasi.rs\/oglasi\/oglasitutin\/video-osnazivanje-zena-kroz-regionalni-sajam-preduzetnistva-u-tutinu-oglasi-tutin\/"},"modified":"2024-12-15T16:27:08","modified_gmt":"2024-12-15T15:27:08","slug":"video-osnazivanje-zena-kroz-regionalni-sajam-preduzetnistva-u-tutinu-oglasi-tutin","status":"publish","type":"post","link":"https:\/\/oglasi.infooglasi.rs\/oglasi\/oglasitutin\/video-osnazivanje-zena-kroz-regionalni-sajam-preduzetnistva-u-tutinu-oglasi-tutin\/","title":{"rendered":"(VIDEO) Osna\u017eivanje \u017eena kroz Regionalni sajam preduzetni\u0161tva u Tutinu &#8211; OGLASI TUTIN"},"content":{"rendered":"<p><\/p>\n<p>U Tutinu je ju\u010de odr\u017ean Regionalni sajam \u017eenskog preduzetni\u0161tva, gde su preduzetnice iz Srbije i BIH predstavile svoje ideje i proizvode. Doga\u0111aj, organizovan na Me\u0111unarodni dan borbe protiv nasilja nad \u017eenama, istakao je zna\u010daj osna\u017eivanja \u017eena i njihovog doprinosa razvoju zajednice.<\/p>\n<\/p>\n<figure class=\"wp-block-embed is-type-video is-provider-youtube wp-block-embed-youtube wp-embed-aspect-16-9 wp-has-aspect-ratio\">\n<div class=\"wp-block-embed__wrapper\">\n<div class=\"jeg_video_container jeg_video_content\"><\/div>\n<\/div>\n<\/figure>\n<p>Der Beitrag <a href=\"https:\/\/tutinpress.rs\/video-osnazivanje-zena-kroz-regionalni-sajam-preduzetnistva-u-tutinu\/\" target=\"_blank\" rel=\"noopener\">(VIDEO) Osna\u017eivanje \u017eena kroz Regionalni sajam preduzetni\u0161tva u Tutinu<\/a> erschien zuerst auf <a href=\"https:\/\/tutinpress.rs\" target=\"_blank\" rel=\"noopener\">Tutin Press<\/a>.<\/p>\n<p><a href=\"https:\/\/tutinpress.rs\/video-osnazivanje-zena-kroz-regionalni-sajam-preduzetnistva-u-tutinu\/\" target=\"_blank\" rel=\"noopener\">Source link <\/a><br \/>\n\n(VIDEO) Osna\u017eivanje \u017eena kroz Regionalni sajam preduzetni\u0161tva u Tutinu<\/p>\n","protected":false},"excerpt":{"rendered":"<p>U Tutinu je ju\u010de odr\u017ean Regionalni sajam \u017eenskog preduzetni\u0161tva, gde su preduzetnice iz Srbije i BIH predstavile svoje ideje i&hellip;<\/p>\n","protected":false},"author":1,"featured_media":0,"comment_status":"open","ping_status":"open","sticky":false,"template":"","format":"standard","meta":{"footnotes":""},"categories":[1],"tags":[],"class_list":["post-6959","post","type-post","status-publish","format-standard","hentry","category-oglasi-tutin"],"_links":{"self":[{"href":"https:\/\/oglasi.infooglasi.rs\/oglasi\/oglasitutin\/wp-json\/wp\/v2\/posts\/6959","targetHints":{"allow":["GET"]}}],"collection":[{"href":"https:\/\/oglasi.infooglasi.rs\/oglasi\/oglasitutin\/wp-json\/wp\/v2\/posts"}],"about":[{"href":"https:\/\/oglasi.infooglasi.rs\/oglasi\/oglasitutin\/wp-json\/wp\/v2\/types\/post"}],"author":[{"embeddable":true,"href":"https:\/\/oglasi.infooglasi.rs\/oglasi\/oglasitutin\/wp-json\/wp\/v2\/users\/1"}],"replies":[{"embeddable":true,"href":"https:\/\/oglasi.infooglasi.rs\/oglasi\/oglasitutin\/wp-json\/wp\/v2\/comments?post=6959"}],"version-history":[{"count":0,"href":"https:\/\/oglasi.infooglasi.rs\/oglasi\/oglasitutin\/wp-json\/wp\/v2\/posts\/6959\/revisions"}],"wp:attachment":[{"href":"https:\/\/oglasi.infooglasi.rs\/oglasi\/oglasitutin\/wp-json\/wp\/v2\/media?parent=6959"}],"wp:term":[{"taxonomy":"category","embeddable":true,"href":"https:\/\/oglasi.infooglasi.rs\/oglasi\/oglasitutin\/wp-json\/wp\/v2\/categories?post=6959"},{"taxonomy":"post_tag","embeddable":true,"href":"https:\/\/oglasi.infooglasi.rs\/oglasi\/oglasitutin\/wp-json\/wp\/v2\/tags?post=6959"}],"curies":[{"name":"wp","href":"https:\/\/api.w.org\/{rel}","templated":true}]}}