{"id":6734,"date":"2024-01-10T06:43:28","date_gmt":"2024-01-10T05:43:28","guid":{"rendered":"https:\/\/oglasi.infooglasi.rs\/oglasi\/oglasiuzice\/iz-uzica-krenulo-40-autobusa-na-miting-srbija-nade-politika-oglasi-uzice\/"},"modified":"2024-01-10T06:43:28","modified_gmt":"2024-01-10T05:43:28","slug":"iz-uzica-krenulo-40-autobusa-na-miting-srbija-nade-politika-oglasi-uzice","status":"publish","type":"post","link":"https:\/\/oglasi.infooglasi.rs\/oglasi\/oglasiuzice\/iz-uzica-krenulo-40-autobusa-na-miting-srbija-nade-politika-oglasi-uzice\/","title":{"rendered":"Iz U\u017eica krenulo 40 autobusa na miting \u201eSrbija nade\u201c &#8211; Politika &#8211; OGLASI U\u017dICE"},"content":{"rendered":"<p><\/p>\n<div id=\"post-2879925\">\n<div class=\"article-post-featured-image\">\n<a href=\"https:\/\/www.danas.rs\/vesti\/politika\/dodik-razgovarao-sam-sa-liderkom-zavetnika-o-saradnji-nasih-partija\/\" data-wpel-link=\"internal\" target=\"_blank\" rel=\"noopener\"><br \/>\n<img width=\"1000\" height=\"560\" src=\"https:\/\/www.danas.rs\/wp-content\/uploads\/2024\/01\/Screenshot-2024-01-10-011132-1000x560.jpg\" class=\"w-full show-on-desktop wp-post-image\" alt=\"Dodik: Razgovarao sam sa liderkom Zavetnika o saradnji na\u0161ih partija 15\" decoding=\"async\" loading=\"lazy\" title=\"Dodik: Razgovarao sam sa liderkom Zavetnika o saradnji na\u0161ih partija 16\"\/> \t<\/a><\/div>\n<div class=\"article-post-content\">\n<h3 class=\"article-post-title\">\n<a href=\"https:\/\/www.danas.rs\/vesti\/politika\/dodik-razgovarao-sam-sa-liderkom-zavetnika-o-saradnji-nasih-partija\/\" data-wpel-link=\"internal\" target=\"_blank\" rel=\"noopener\"><br \/>\nDodik: Razgovarao sam sa liderkom Zavetnika o saradnji na\u0161ih partija <\/a><\/h3>\n<p>Predsednik Republike Srpske Milorad Dodik objavio je ve\u010deras da je razgovarao u Banjaluci sa predsednicom vanparlamentarne Srpske stranke Zavetnici Milicom \u0110ur\u0111evi\u0107 Stamenkovski o mogu\u0107nostima saradnje njihovih politi\u010dkih partija.\u00a0<\/p>\n<\/div>\n<\/div>\n<p><a href=\"https:\/\/www.danas.rs\/vesti\/politika\/iz-uzica-krenulo-40-autobusa-na-miting-srbija-nade\/\" target=\"_blank\" rel=\"noopener\">Source link <\/a><br \/>\n\nIz U\u017eica krenulo 40 autobusa na miting \u201eSrbija nade\u201c &#8211; Politika<\/p>\n","protected":false},"excerpt":{"rendered":"<p>Dodik: Razgovarao sam sa liderkom Zavetnika o saradnji na\u0161ih partija Predsednik Republike Srpske Milorad Dodik objavio je ve\u010deras da je&hellip;<\/p>\n","protected":false},"author":1,"featured_media":6735,"comment_status":"open","ping_status":"open","sticky":false,"template":"","format":"standard","meta":{"footnotes":""},"categories":[1],"tags":[],"class_list":["post-6734","post","type-post","status-publish","format-standard","has-post-thumbnail","hentry","category-oglasi-uzice"],"_links":{"self":[{"href":"https:\/\/oglasi.infooglasi.rs\/oglasi\/oglasiuzice\/wp-json\/wp\/v2\/posts\/6734","targetHints":{"allow":["GET"]}}],"collection":[{"href":"https:\/\/oglasi.infooglasi.rs\/oglasi\/oglasiuzice\/wp-json\/wp\/v2\/posts"}],"about":[{"href":"https:\/\/oglasi.infooglasi.rs\/oglasi\/oglasiuzice\/wp-json\/wp\/v2\/types\/post"}],"author":[{"embeddable":true,"href":"https:\/\/oglasi.infooglasi.rs\/oglasi\/oglasiuzice\/wp-json\/wp\/v2\/users\/1"}],"replies":[{"embeddable":true,"href":"https:\/\/oglasi.infooglasi.rs\/oglasi\/oglasiuzice\/wp-json\/wp\/v2\/comments?post=6734"}],"version-history":[{"count":0,"href":"https:\/\/oglasi.infooglasi.rs\/oglasi\/oglasiuzice\/wp-json\/wp\/v2\/posts\/6734\/revisions"}],"wp:featuredmedia":[{"embeddable":true,"href":"https:\/\/oglasi.infooglasi.rs\/oglasi\/oglasiuzice\/wp-json\/wp\/v2\/media\/6735"}],"wp:attachment":[{"href":"https:\/\/oglasi.infooglasi.rs\/oglasi\/oglasiuzice\/wp-json\/wp\/v2\/media?parent=6734"}],"wp:term":[{"taxonomy":"category","embeddable":true,"href":"https:\/\/oglasi.infooglasi.rs\/oglasi\/oglasiuzice\/wp-json\/wp\/v2\/categories?post=6734"},{"taxonomy":"post_tag","embeddable":true,"href":"https:\/\/oglasi.infooglasi.rs\/oglasi\/oglasiuzice\/wp-json\/wp\/v2\/tags?post=6734"}],"curies":[{"name":"wp","href":"https:\/\/api.w.org\/{rel}","templated":true}]}}