{"id":6750,"date":"2024-02-14T03:31:28","date_gmt":"2024-02-14T02:31:28","guid":{"rendered":"https:\/\/oglasi.infooglasi.rs\/oglasi\/oglasiuzice\/hoce-li-naprednjaci-ispuniti-zadatak-i-obezbediti-brojnost-na-mitingu-srbija-nade-politika-oglasi-uzice\/"},"modified":"2024-02-14T03:31:28","modified_gmt":"2024-02-14T02:31:28","slug":"hoce-li-naprednjaci-ispuniti-zadatak-i-obezbediti-brojnost-na-mitingu-srbija-nade-politika-oglasi-uzice","status":"publish","type":"post","link":"https:\/\/oglasi.infooglasi.rs\/oglasi\/oglasiuzice\/hoce-li-naprednjaci-ispuniti-zadatak-i-obezbediti-brojnost-na-mitingu-srbija-nade-politika-oglasi-uzice\/","title":{"rendered":"Ho\u0107e li naprednjaci ispuniti zadatak i obezbediti brojnost na mitingu &#8220;Srbija nade&#8221; &#8211; Politika &#8211; OGLASI U\u017dICE"},"content":{"rendered":"<p><\/p>\n<div>\n<div class=\"font-medium post-intro-content content\">\n<p>Radi obezbe\u0111ivanja brojnosti na skupu Srpske napredne stranke i njenih koalicionih parntera \u201eSrbija nade\u201c 26. maja od 19 sati, ni\u017eu se pritisci na \u010dlanstvo, kao i na zaposlene u javnim preduze\u0107ima i slu\u017ebama, da se odazovu i organizvano do\u0111u na miting. Dopisnici Danasa javljaju da su kvote za broj prisutnih pove\u0107ane, ali i da postoji otpor, te da mo\u017eda ovaj politi\u010dki zadatak ne\u0107e biti ispunjen.<\/p>\n<\/div>\n<p><strong>*Iz Subotice oko 3.500 ljudi, tri puta vi\u0161e nego ranije <\/strong><\/p>\n<p>Oko 3.500 Suboti\u010dana i\u0107i \u0107e u petak, 26. maja, u Beograd na skup podr\u0161ke \u201cSrbija nade\u201d, koji \u0107e se odr\u017eati u 19 \u010dasova na platou ispred Narodne skup\u0161tine, nezvani\u010dno saznaje Danas.<\/p>\n<p>Ve\u0107inom su u pitanju \u010dlanovi Srpske napredne stranke, odnosno zaposleni u suboti\u010dkim javnim preduze\u0107ima i ustanovama, te \u010dlanovi mesnih odbora koji \u0107e u petak u popodnevnim \u010dasovima krenuti iz Subotice za Beograd.<\/p>\n<p>Primera radi, do sada je na skupove koje organizuje Srpska napredna stranka najvi\u0161e i\u0161lo oko 1.200 Suboti\u010dana, \u0161to zna\u010di da je ovo rekordan odziv.<\/p>\n<p>Proteklih dana na suboti\u010dkoj Glavnoj autobuskoj stanici nije bilo nikakvih obave\u0161tenja o eventualnom otkazivanju ili pomeranju redovnih polazaka iz Subotice za Beograd 26. maja, a takvih obave\u0161tenja nije bilo ni na zvani\u010dnom sajtu JP \u201cSubotica-trans\u201d, te bi gradski, me\u0111umesni i me\u0111unarodni saobra\u0107aj trebalo da funkcioni\u0161u uobi\u010dajeno tog dana.<\/p>\n<p>Na sajtu \u201cPolazak\u201d, gde je mogu\u0107e pogledati red vo\u017enje i kupiti onlajn kartu za odabrani grad i datum, mo\u017ee se videti da su svi polasci iz Subotice za Beograd tog dana rasprodati, osim polaska u 21.30 \u010dasova.<\/p>\n<p>Ina\u010de, pre nekoliko dana u Subotici se pojavio i bilbord koji najavljuje skup podr\u0161ke \u201cSrbija nade\u201d u Beogradu.<\/p>\n<p><strong>*U 60 autobusa iz Vranja najvi\u0161e radnika Jumka i Simpa <\/strong><\/p>\n<p>Ve\u0107 nedelju dana u kompanijama, javnim preduze\u0107ima i ustanovama u Vranju, ali i op\u0161tinama P\u010dinjskog okruga glavni \u201eradni zadatak\u201c su pripreme za odlazak na miting Srpske napredne stranke (SNS) u Beogradu, gde se o\u010dekuje da \u0107e samo iz vranjske op\u0161tine biti 60 autobusa sa preko 4.000 gra\u0111ana, \u0161to bi trebalo da nadma\u0161i \u201epropisanu kvotu\u201c partijske centrale.<\/p>\n<p>I ovoga puta, glavni adut lokalnih naprednjaka za skup u Beogradu su radnici Jumka i Simpa, gde je zapo\u0161ljeno vi\u0161e od pet hiljada radnika. Prave se spiskovi, na prvom mestu su oni radnici koji su zapo\u0161ljeni na osnovu Ugovora privremeni poslovima (UPP) koji se koristi kao neka vrsta ucene.<\/p>\n<p>\u201eImamo obavezu odlaska za Beograd. Obezbe\u0111en je sendvi\u010d i voda, ali ne i dnevnica, ve\u0107 nam je obe\u0107ano da \u0107emo 24.maja dobiti zarade, \u0161to je nedelju dana unapred\u201c, ka\u017ee za Danas jedna radnica Jumka, koja ka\u017ee da \u201ezbog o\u010duvanja radnog mesta mora da ide ne planirano za Beograd\u201c.<\/p>\n<p>Sli\u010dna situacija je i u Simpu, odakle \u0107e prema nezvani\u010dnim podacima krenuti desetak autobusa sa radnicima koji su dobili \u201eradnu obavezu\u201c odlaska za Beograd. I u jednoj i u drugoj kompaniji petak je radni dan. U Jumku se radi u dve smene, u Simpu u jednoj, ali po svoj prilici toga dana ma\u0161ine \u0107e biti zaustavljene.<\/p>\n<p>U petak \u0107e i u ve\u0107ini javnih preduze\u0107a, biti manji broj radnika pa je neizvesno da li \u0107e zbog naprednja\u010dkog okupljanja u prestonici biti izno\u0161enja sme\u0107a, naplate parkinga, kao i to u kom obimu \u0107e se odvijati rad gradskih slu\u017ebi vezano za potrebe gra\u0111ana.<\/p>\n<p>Sli\u010dna situacija se sprema i u Vladi\u010dinom Hanu,Trgovi\u0161tu, Bosilegradu pre svega kada je u pitanju javni sektor, pa \u0107e gra\u0111ani morati da sa\u010dekaju da svoje potrebe re\u0161avaju u ponedeljak prvog narednog radnog dana.<\/p>\n<p>Iz Pokreta slobodnih gra\u0111ana (PSG) u Vranju izneli su podatak da \u0107e samo grad Vranje, odlazak na miting SNS u Beogradu ko\u0161tati oko \u010detiri miliona dinara, na\u0161ta su iz Gradskog odbora SNS odgovorili da \u201eo\u010digledno nekome smeta \u0161to u bud\u017eetu ima dovoljno novca\u201c i najavili da \u0107e sasvim sigurno \u201eprema\u0161iti odre\u0111enu kvotu od 3.000 ju\u017enjaka koji \u0107e biti u petak u Beogradu\u201c.<\/p>\n<p><strong>*Traje mobilizacija u javnim preduze\u0107ima u Novom Sadu<\/strong><br \/>U novosadskim javnim preduze\u0107ima traje \u201emobilizacija\u201c onih koji moraju da se pojave u Beogradu na mitingu Srpske napredne stranke.<\/p>\n<p>Kako saznajemo od izvora zaposlenih u javnim upravama i preduze\u0107ima, po prvi put se de\u0161ava zna\u010dajniji otpor ljudi koji ipak ne \u017eele da se pojave u petak u Beogradu.<\/p>\n<p>Kvota za Novi Sad je bila 15.000 ljudi, formula za izra\u010dunavanje je jednostavna, pet odsto od broja bira\u010da, plus-minus jedan odsto, u zavisnosti od zadnjih rezultata na izborima. Me\u0111utim, navodno je kvota za Novi Sad poslednjih dana smanjenja na 10.000 ljudi.<\/p>\n<p>\u201eNajvi\u0161e su na udaru \u010dlanovi stranke koji su dobili posao. Od njih se o\u010dekuje da idu bez pogovora. Najlak\u0161e je tu uceniti one koji nemaju stalne ugovore, a takvih ima dosta. Navodno se za odlazak pla\u0107a od dve hiljade pa do \u010dak pet u Novom Sadu. Za one koji idu na miting bi\u0107e skra\u0107eno radno vreme, radi\u0107e do 12 sati\u201c, navodi nam jedan od zaposlenih u novosadskom javnom preduze\u0107u.<\/p>\n<p>Na miting se pozivaju i u novosadskom Domu zdravlja, \u010diji direktor dolazi iz redova koalicionih partnera; Socijalisti\u010dke partije Srbije. Nezvani\u010dno, od zaposlenih u DZ, saznajemo da se odlazak pla\u0107a 2000 dinara, dok oni koji organizuju grupu dobijaju 8000 dinara. Neki su pod pritiscima odlu\u010dili da ove nedelje odu na godi\u0161nji ili bolovovanje.<\/p>\n<p>\u201eLjudima i ina\u010de nije jasno za\u0161to odlaze na mitinge koje organizuje Vu\u010di\u0107, ali ovaj put tek im nije jasno za\u0161to se okupljaju. Misim da je ve\u0107ini ipak jasno da ne treba da budu tamo, ali moraju da idu. Direktrori preduze\u0107a i uprava su na udaru, moraju da se doka\u017eu ovaj put bez dileme, a u tim situacijama radnici ostaju bez izbora\u201c, nastavlja na\u0161 sagovornik.<\/p>\n<p>Na informacijama Me\u0111umesne autobuske stanice u Novom Sadu ka\u017eu da u petak polazaka za Beograd verovatno ne\u0107e biti, iako na sajtu i dalje stoji da taj dan ima oko pedeset autobusa za glavni grad. Prose\u010dno ih radnim danom bude vi\u0161e od 60.<\/p>\n<p>\u201eVeliki deo prevoznika je ve\u0107 otkazao vo\u017enje jer nemaju autobuse. Verovarno vi\u0161e od pola. Sigurno je da \u0107e otkazivanja biti jo\u0161 ovih dana. Najbolje da nazovete u \u010detvrtak nave\u010de pa da proverite da li je koji autobus za petak ostao\u201c, rekli su nam nam na informacijama MAS-a.<\/p>\n<p><strong>*Veliki otpor zaposlenih, kvota za U\u017eice ne\u0107e biti ispunjena <\/strong><br \/>Uo\u010di mitinga \u201eSrbija nade\u201c, u\u017ei\u010dki naprednjaci, od pre dve sedmice, na svojim dru\u0161tvenim mre\u017eama, odbrojavaju dane do 26. maja, kada je taj skup zakazan u Beogradu.<\/p>\n<p>Iza takvog mitinga\u0161kog \u201eelana\u201c, kako obja\u0161njavaju sagovornici Danas, kriju se pritisci na radnike u gradskim javnim preduze\u0107ima i ustanovama, dr\u017eavnim firmama, pa i \u0161kolama da putuju na taj skup.<\/p>\n<p>U\u017ei\u010dki sindikat Sloga je objavio da su se tom sindikatu javili zaposleni u Zdravstvenom centru i \u201e\u017ealili da trpe \u017eestok teror i pritisak od gospo\u0111e D. V. u cilju prisilnog odlaska na miting SNS\u201c.<\/p>\n<p>\u201ePo\u0161to znamo o kojoj osobi je re\u010d, prikupljamo dokaze koje \u0107emo iskoristiti da bi ta osoba odgovarala za svoje postupke\u201c, kazao je za Danas Gli\u0161o Vidovi\u0107, predsednik Sloge.<\/p>\n<p>\u201eIz istog razloga, zvao me je radnik iz preduze\u0107a Putevi U\u017eice. To preduze\u0107e bi, nezvani\u010dno, trebalo da obezbedi 50 radnika za miting u Beogradu\u201c, dodaje Vidovi\u0107.<\/p>\n<p>Ka\u017ee da \u201enije \u010duo za druge primere, ali procenjuje da \u0107e \u201e\u017eestokih pritisaka na zaposlene u javnom sektoru grada biti uo\u010di odlaska na taj skup\u201c.<\/p>\n<p>\u201ePrema nezvani\u010dnim informacijama\u201c, ka\u017ee, \u201ekvota za U\u017eice oko 2.500 ljudi, ali \u0107e\u201c, procenjuje, \u201eoti\u0107i mnogo manje, zbog velikog otpora zaposlenih u javnom sektoru\u201c.<\/p>\n<p>Taj sindikat, isti\u010de Vidovi\u0107, nudi pravnu pomo\u0107 svim radnicima i gra\u0111anima Zlatiborskog okruga, bez obzira da li su ili nisu \u010dlanovi tog sindikata.<\/p>\n<p>Prema Danasovim saznanjima, autoprevoznik \u201eGaga turs\u201c je pod pritiscima naprednjaka, jer je odbio da obezbedi autobuse za prevoz ljudi u Beograd na miting, po\u0161to, navodno, ne bi mogao da omogu\u0107i odvijanje redovnih linija.<\/p>\n<p>\u201eJa sam poslom u Belgiji, ve\u0107 petnaest dana i ne znam ni\u0161ta o tome. Menjali smo vlasni\u010dke odnose u firmi i ne bih mogao da vam dam bilo kakve informacije u vezi sa tim\u201c, kazao je u telefonskoj izjavi za Danas Milan Radibratovi\u0107, koji je u APR ubele\u017een kao jedini vlasnik tog preduze\u0107a.<\/p>\n<p>Na na\u0161e pitanje ko bi o tome u toj firmi mogao da govori, rekao je da on to \u201ene zna\u201c i da je to, kako je rekao, \u201evi\u0161ak pitanje\u201c.<br \/>S druge strane, Lasta i Ni\u0161ekspres su, re\u010deno je Danasu na u\u017ei\u010dkoj autobuskoj stanici, otkazali redovne polaske iz U\u017eica u Beograd, 26. maja.<\/p>\n<p>Vladan Sin\u0111i\u0107, predsednik odbora Zeleno-levog fronta, ka\u017ee da su pod pritiscima i zaposleni u u\u017ei\u010dkim \u0161kolama. \u201eDirektori osnovnih \u0161kola imaju kvotu da obezbede 20 ljudi za miting\u201c, navodi za Danas Sin\u0111i\u0107.<\/p>\n<p>\u017deljko Bacoti\u0107, predsednik u\u017ei\u010dkih demokrata, dodaje da taj odbor \u201eima informacije o pritiscima na radnike u javnom sektoru, ali da one jo\u0161 uvek nisu zvani\u010dno potvr\u0111ene\u201c.<\/p>\n<p>\u201eProblem je u tome \u0161to su ti ljudi upla\u0161eni i odbijaju da o tome javno govore, ali \u017eelimo da ih ohrabrimo i ponudili smo im besplatnu pravnu pomo\u0107\u201c, ka\u017ee Bacoti\u0107 za Danas.<\/p>\n<p>On obja\u0161njava da \u0107e \u201eadvokat, koga je anga\u017eovao taj odbor, podnositi krivi\u010dne prijave protiv direktora i drugih lica u javnim preduze\u0107ima i ustanovama za koje se utvrdi da su zaposlene ucenjivali i izlo\u017eili mobingu radi odlaska u Beograd, na miting naprednjaka\u201c.<\/p>\n<p><strong>*Ljudi se \u017eale anonimno<\/strong><br \/>U odboru Stranke slobode i pravde, za sada, nemaju zvani\u010dnih podataka o tome u kojim preduze\u0107ima i ustanovama su zaposleni pod pritiscima.<\/p>\n<p>\u201eLjudi nam se \u017eale, ali anonimno, jer su u strahu. Nezvani\u010dno svedo\u010de o tome da nemaju na\u010dina da obiju da idu, jer im se preti gubitkom radnog mesta, njima i njihovim surpu\u017enicma.<\/p>\n<p>Ne mogu da razumem da \u0107e ljude na mitingu dr\u017eati kao u logoru\u201c, rekla je za Danas Katarina Lacmanovi\u0107, potpredsednica u\u017ei\u010dkog Odbora SSP-a, pitaju\u0107i lokalnu vlast da li \u0107e odlazak ljudi iz U\u017eica na Vu\u010di\u0107ev miting biti pla\u0107en iz gradskog bud\u017eeta.<\/p>\n<p>I Aleksandar Mili\u0107, predsednik u\u017ei\u010dkih Zavetnika, onja\u0161njava da ljudi koji trpe pritiske i ucenjeni su radnim mestom, ne \u017eele to da javno ka\u017eu, iako im ta stranka, tako\u0111e, nudi pravnu za\u0161titu.<\/p>\n<p>\u201eNezvani\u010dno, ka\u017eu da ne \u017eele da idu i da su pod pritiscma, ali na kraju \u0107e, ipak, oti\u0107i. Izme\u0111u ostalog, govore im \u201eda moraju da idu, jer bi trebalo da znaju kako su dobili posao\u201c, obja\u0161njava za Danas Mili\u0107.<\/p>\n<p>Prema podacima Zavetnika, dodaje Mili\u0107, kvota za U\u017eice je 3.000 ljudi.<\/p>\n<p>\u201eNe znam da li je to ta\u010dno, jer je to nerealna cifra. Ako ih toliko ode, sve kancelarije u javnom sektoru grada bi\u0107e prazne, jer 26. maja niko ne\u0107e raditi\u201c, pru\u010duje predsednik u\u017ei\u010dkih Zavetnika.<\/p>\n<p><strong>*U\u017ei\u010dki naprednjaci \u0107ute, u Po\u017eegi neobi\u010dan predlog<\/strong><br \/>Komentare na navedene tvrdnje, Danas nije mogao da proveri u Gradskom odboru SNS, jer se \u010delnici u\u017ei\u010dkih naprednjaka nisu javljali na na\u0161e pozive.<\/p>\n<p>Dr Nata\u0161a Gagovi\u0107, direktorka ZC U\u017eice, povodm tvrdnji o pritiscma na zaposlene u toj ustanovi, kazala je za Danas da je \u201evidela objavu sindikata Sloga\u201c i navela da \u201emenad\u017ement ZC U\u017eice nema takvu vrstu prijave\u201c.<\/p>\n<p>Inicijativa za Po\u017eegu je predlo\u017eila predsedniku te op\u0161tine \u0110or\u0111u Nikitovi\u0107u i loklanom odboru SNS da, umesto zaposlenih u javnim sektoru u tom gradu, koji su izlo\u017eeni pritiscima i ucenama, aktivisti tog udru\u017eenja otputuju u Beograd, na miting Aleksandra Vu\u010di\u0107a, 26. maja.<\/p>\n<p>\u201eImaju\u0107i u vidu da smo dobili informaciju da je od strane SNS, Po\u017eega dobila zadatak da obezbedi prisustvo najmanje 700 ljudi, koji u petak, 26. maja, moraju biti na mitingu predsednika Srbije, ovim putem dobronamerno nudimo pomo\u0107\u201c, pi\u0161e u zvanilnom predlogu uupenim predsedniku te optine i po\u017ee\u0161kom odboru naprednjaka.<\/p>\n<p>\u201eSvesni \u010dinjenice\u201c, dodaje se, \u201eda ste i Vi sami u problemu da obezbedite prisustvo zadatog broja ljudi, a po\u0161to smo, izme\u0111u ostalog, informisani neposredno od zaposlenih u javnim ustanovama, uglavnom od prekarnih radnica i radnika koji opravdano strepe za svoj dalji radni anga\u017eman, pa razumljivo, iako nerado, prihvataju da budu putnici u autobusima organizovanim i pla\u0107enim do Beograda, predla\u017eemo Vam da kvote putnka popunite nama, koji se dobrovoljno prijavljujemo da idemo u Beograd\u201c.<\/p>\n<p>Na taj na\u010din, navodi Inicijativa, postiglo bi se nekoliko \u201eop\u0161tekorisnih efekata\u201c.<\/p>\n<p>\u201eVi biste ispunili nalog i obavezu koju imate prema svojoj strana\u010dkoj centrali, radnice i radnici na\u0161e op\u0161tine, koji nisu radi da idu u Beograd, ne bi morali biti na to primoravani, a mi bismo mogli da se prevezemo do Beograda (gde svakako planiramo da budemo u subotu na doga\u0111aju \u201eSrbija protiv nasilja\u201c, pa kada se ve\u0107 pla\u0107a prevoz od bud\u017eetskog novca, koji pripada svima nama, nudimo se da popunimo mesta u tim autobusima\u201c.<\/p>\n<p>Bogdan Radovanovi\u0107 iz Inicijative za Po\u017eegu, ka\u017ee za Danas da tim neobi\u010dnim predlogom to udru\u017eenje \u201e\u017eeli, prevashodno, da pomogne ljudima koji trpe pritisak da budu u tim autobusima, ali i\u201c, kako dodaje, \u201eda pomogn i nalogoprimcima te kvote od 700 Po\u017ee\u017eanki i Po\u017ee\u017eana\u201c.<\/p>\n<p>Oim predseniku op\u0161tine i odboru naprednjaka, Radobanovi\u0107 najavljuje da \u0107e isti dopisi sa navedenim predlozima biti upu\u0107eni direktorima O\u0160 \u201ePetar Lekovi\u0107\u201c, JKP Na\u0161 Dom i Pred\u0161kolske ustanove \u201eOlga Jovi\u010di\u0107 Rita\u201c.<\/p>\n<p>\u201eSmatramo da je na\u0161 predlog, zaista, pravo Solomonsko re\u0161enje, kojim bi se spojilo korisno i lepo, te ne vidim za\u0161to ne bi bio prihva\u0107en\u201c, ka\u017ee Radovanovi\u0107 na pitanje Danasa kakvu rekaciju na njihov predlog o\u010dekuje od po\u017ee\u010dke vlasti i naprednjaka.<\/p>\n<div class=\"post-disclaimer\">\n<p><strong><em>Pratite nas na na\u0161oj <a href=\"https:\/\/www.facebook.com\/www.danas.rs\" target=\"_blank\" rel=\"noopener external noreferrer\" data-wpel-link=\"external\">Facebook<\/a> i <a href=\"https:\/\/www.instagram.com\/danas.rs\/?hl=en\" target=\"_blank\" rel=\"noopener external noreferrer\" data-wpel-link=\"external\">Instagram<\/a> stranici, ali i na <a href=\"https:\/\/twitter.com\/OnlineDanas\" target=\"_blank\" rel=\"noopener external noreferrer\" data-wpel-link=\"external\">Twitter<\/a> nalogu. Pretplatite se na <a href=\"https:\/\/klub.danas.rs\/\" target=\"_blank\" rel=\"noopener external noreferrer\" data-wpel-link=\"external\">PDF izdanje lista Danas<\/a>.<\/em><\/strong><\/p>\n<\/div>\n<\/div>\n<p><script async src=\"\/\/platform.twitter.com\/widgets.js\" charset=\"utf-8\"><\/script><script async defer src=\"https:\/\/platform.instagram.com\/en_US\/embeds.js\"><\/script><br \/>\n<br \/><a href=\"https:\/\/www.danas.rs\/vesti\/politika\/hoce-li-naprednjaci-ispuniti-zadatak-i-obezbediti-brojnost-na-mitingu-srbija-nade\/\" target=\"_blank\" rel=\"noopener\">Source link <\/a><br \/>\n\nHo\u0107e li naprednjaci ispuniti zadatak i obezbediti brojnost na mitingu &#8220;Srbija nade&#8221; &#8211; Politika<\/p>\n","protected":false},"excerpt":{"rendered":"<p>Radi obezbe\u0111ivanja brojnosti na skupu Srpske napredne stranke i njenih koalicionih parntera \u201eSrbija nade\u201c 26. maja od 19 sati, ni\u017eu&hellip;<\/p>\n","protected":false},"author":1,"featured_media":6751,"comment_status":"open","ping_status":"open","sticky":false,"template":"","format":"standard","meta":{"footnotes":""},"categories":[1],"tags":[],"class_list":["post-6750","post","type-post","status-publish","format-standard","has-post-thumbnail","hentry","category-oglasi-uzice"],"_links":{"self":[{"href":"https:\/\/oglasi.infooglasi.rs\/oglasi\/oglasiuzice\/wp-json\/wp\/v2\/posts\/6750","targetHints":{"allow":["GET"]}}],"collection":[{"href":"https:\/\/oglasi.infooglasi.rs\/oglasi\/oglasiuzice\/wp-json\/wp\/v2\/posts"}],"about":[{"href":"https:\/\/oglasi.infooglasi.rs\/oglasi\/oglasiuzice\/wp-json\/wp\/v2\/types\/post"}],"author":[{"embeddable":true,"href":"https:\/\/oglasi.infooglasi.rs\/oglasi\/oglasiuzice\/wp-json\/wp\/v2\/users\/1"}],"replies":[{"embeddable":true,"href":"https:\/\/oglasi.infooglasi.rs\/oglasi\/oglasiuzice\/wp-json\/wp\/v2\/comments?post=6750"}],"version-history":[{"count":0,"href":"https:\/\/oglasi.infooglasi.rs\/oglasi\/oglasiuzice\/wp-json\/wp\/v2\/posts\/6750\/revisions"}],"wp:featuredmedia":[{"embeddable":true,"href":"https:\/\/oglasi.infooglasi.rs\/oglasi\/oglasiuzice\/wp-json\/wp\/v2\/media\/6751"}],"wp:attachment":[{"href":"https:\/\/oglasi.infooglasi.rs\/oglasi\/oglasiuzice\/wp-json\/wp\/v2\/media?parent=6750"}],"wp:term":[{"taxonomy":"category","embeddable":true,"href":"https:\/\/oglasi.infooglasi.rs\/oglasi\/oglasiuzice\/wp-json\/wp\/v2\/categories?post=6750"},{"taxonomy":"post_tag","embeddable":true,"href":"https:\/\/oglasi.infooglasi.rs\/oglasi\/oglasiuzice\/wp-json\/wp\/v2\/tags?post=6750"}],"curies":[{"name":"wp","href":"https:\/\/api.w.org\/{rel}","templated":true}]}}