{"id":7009,"date":"2025-02-22T21:17:38","date_gmt":"2025-02-22T20:17:38","guid":{"rendered":"https:\/\/oglasi.infooglasi.rs\/oglasi\/oglasiuzice\/radno-vreme-kompanije-kit-commerce-dan-drzavnosti-2025-oglasi-uzice\/"},"modified":"2025-02-22T21:17:38","modified_gmt":"2025-02-22T20:17:38","slug":"radno-vreme-kompanije-kit-commerce-dan-drzavnosti-2025-oglasi-uzice","status":"publish","type":"post","link":"https:\/\/oglasi.infooglasi.rs\/oglasi\/oglasiuzice\/radno-vreme-kompanije-kit-commerce-dan-drzavnosti-2025-oglasi-uzice\/","title":{"rendered":"Radno vreme kompanije KIT Commerce &#8211; Dan dr\u017eavnosti 2025 &#8211; OGLASI U\u017dICE"},"content":{"rendered":"<p><\/p>\n<div>\n<p>Obave\u0161tavamo vas da na\u0161a firma ne\u0107e raditi u subotu, 15.02.2025, zbog obele\u017eavanja Dana dr\u017eavnosti Republike Srbije.<\/p>\n<p><span style=\"text-align: var(--text-align);\">Sve porud\u017ebine izvr\u0161ene u petak do 21h (a po rednovnom razvozu su planirane za suboru) bi\u0107e isporu\u010dene u ponedeljak prvim jutarnjim razvozom.<\/span><\/p>\n<p>Porud\u017ebine izvr\u0161ene putem kataloga u subotu bi\u0107e isporu\u010dene u ponedeljak tokom drugog redovnog razvoza.<\/p>\n<p>Hvala na razumevanju i srda\u010dan pozdrav!<\/p>\n<\/p><\/div>\n<p><script>\n!function(f,b,e,v,n,t,s){if(f.fbq)return;n=f.fbq=function(){n.callMethod?\nn.callMethod.apply(n,arguments):n.queue.push(arguments)};if(!f._fbq)f._fbq=n;\nn.push=n;n.loaded=!0;n.version='2.0';n.queue=[];t=b.createElement(e);t.async=!0;\nt.src=v;s=b.getElementsByTagName(e)[0];s.parentNode.insertBefore(t,s)}(window,\ndocument,'script','https:\/\/connect.facebook.net\/en_US\/fbevents.js?v=next');\n<\/script><br \/>\n<br \/><a href=\"https:\/\/kitcommerce.rs\/radno-vreme-kompanije-kit-commerce-dan-drzavnosti-2025\/\" target=\"_blank\" rel=\"noopener\">Source link <\/a><br \/>\n\nRadno vreme kompanije KIT Commerce &#8211; Dan dr\u017eavnosti 2025<\/p>\n","protected":false},"excerpt":{"rendered":"<p>Obave\u0161tavamo vas da na\u0161a firma ne\u0107e raditi u subotu, 15.02.2025, zbog obele\u017eavanja Dana dr\u017eavnosti Republike Srbije. Sve porud\u017ebine izvr\u0161ene u&hellip;<\/p>\n","protected":false},"author":1,"featured_media":7010,"comment_status":"open","ping_status":"open","sticky":false,"template":"","format":"standard","meta":{"footnotes":""},"categories":[1],"tags":[],"class_list":["post-7009","post","type-post","status-publish","format-standard","has-post-thumbnail","hentry","category-oglasi-uzice"],"_links":{"self":[{"href":"https:\/\/oglasi.infooglasi.rs\/oglasi\/oglasiuzice\/wp-json\/wp\/v2\/posts\/7009","targetHints":{"allow":["GET"]}}],"collection":[{"href":"https:\/\/oglasi.infooglasi.rs\/oglasi\/oglasiuzice\/wp-json\/wp\/v2\/posts"}],"about":[{"href":"https:\/\/oglasi.infooglasi.rs\/oglasi\/oglasiuzice\/wp-json\/wp\/v2\/types\/post"}],"author":[{"embeddable":true,"href":"https:\/\/oglasi.infooglasi.rs\/oglasi\/oglasiuzice\/wp-json\/wp\/v2\/users\/1"}],"replies":[{"embeddable":true,"href":"https:\/\/oglasi.infooglasi.rs\/oglasi\/oglasiuzice\/wp-json\/wp\/v2\/comments?post=7009"}],"version-history":[{"count":0,"href":"https:\/\/oglasi.infooglasi.rs\/oglasi\/oglasiuzice\/wp-json\/wp\/v2\/posts\/7009\/revisions"}],"wp:featuredmedia":[{"embeddable":true,"href":"https:\/\/oglasi.infooglasi.rs\/oglasi\/oglasiuzice\/wp-json\/wp\/v2\/media\/7010"}],"wp:attachment":[{"href":"https:\/\/oglasi.infooglasi.rs\/oglasi\/oglasiuzice\/wp-json\/wp\/v2\/media?parent=7009"}],"wp:term":[{"taxonomy":"category","embeddable":true,"href":"https:\/\/oglasi.infooglasi.rs\/oglasi\/oglasiuzice\/wp-json\/wp\/v2\/categories?post=7009"},{"taxonomy":"post_tag","embeddable":true,"href":"https:\/\/oglasi.infooglasi.rs\/oglasi\/oglasiuzice\/wp-json\/wp\/v2\/tags?post=7009"}],"curies":[{"name":"wp","href":"https:\/\/api.w.org\/{rel}","templated":true}]}}