{"id":7247,"date":"2025-05-12T16:40:32","date_gmt":"2025-05-12T14:40:32","guid":{"rendered":"https:\/\/oglasi.infooglasi.rs\/oglasi\/oglasivarvarin\/mir-tolerancija-jednakost-i-mediji-nek-se-cuje-glas-oglasi-varvarin\/"},"modified":"2025-05-12T16:40:32","modified_gmt":"2025-05-12T14:40:32","slug":"mir-tolerancija-jednakost-i-mediji-nek-se-cuje-glas-oglasi-varvarin","status":"publish","type":"post","link":"https:\/\/oglasi.infooglasi.rs\/oglasi\/oglasivarvarin\/mir-tolerancija-jednakost-i-mediji-nek-se-cuje-glas-oglasi-varvarin\/","title":{"rendered":"mir, tolerancija, jednakost i mediji \u2013 Nek se \u010duje glas! &#8211; OGLASI VARVARIN"},"content":{"rendered":"<p><\/p>\n<div itemprop=\"articleBody\">\n<p><strong>POZIV ZA U\u010cE\u0160\u0106E NA OMLADINSKOJ RAZMENI: MIR, TOLERANCIJA, JEDNAKOST I MEDIJI<\/strong><br \/><strong>30. april \u2013 4. maj 2025.<\/strong><\/p>\n<p>Otvoren je poziv za deset mladih osoba uzrasta od 15 do 30 godina sa teritorije \u0106i\u0107evca, Varvarina, Para\u0107ina i Kru\u0161evca za u\u010de\u0161\u0107e na petodnevnoj omladinskoj razmeni sa mladima iz Orahovca. Razmena \u0107e se odr\u017eati od 30. aprila do 4. maja 2025. godine.<\/p>\n<p>Tema razmene je izgradnja mira, negovanje tolerancije, jednakosti i solidarnosti kroz me\u0111usobno upoznavanje, dijalog i zajedni\u010dki rad. U\u010desnici \u0107e imati priliku da kroz niz radionica i interaktivnih aktivnosti razviju razumevanje o tome kako ove vrednosti funkcioni\u0161u u svakodnevnom \u017eivotu, ali i kako se o njima govori u javnom prostoru, posebno u medijima.<\/p>\n<p>Poseban fokus programa bi\u0107e na medijskoj pismenosti \u2013 kako prepoznati manipulaciju i govor mr\u017enje, kako mediji oblikuju na\u0161e stavove i kako mladi mogu da koriste medije kao alat za promenu i promociju pozitivnih dru\u0161tvenih vrednosti.<\/p>\n<p>U\u010de\u0161\u0107e u programu je besplatno. Tro\u0161kovi puta, sme\u0161taja, hrane i materijala za sve u\u010desnike su u potpunosti pokriveni.<\/p>\n<p><strong>Ko mo\u017ee da se prijavi?<\/strong><\/p>\n<ul class=\"wp-block-list\">\n<li>Mladi uzrasta od 15 do 30 godina<\/li>\n<li>Osobe koje \u017eive na teritoriji \u0106i\u0107evca, Varvarina, Para\u0107ina i Kru\u0161evca<\/li>\n<li>Spremni da u\u010de, sara\u0111uju i aktivno u\u010destvuju u programu<\/li>\n<li>Nije potrebno prethodno iskustvo \u2013 dovoljna je motivacija<\/li>\n<\/ul>\n<p><strong>Prijave su otvorene do 23.4.2025.<\/strong><br \/>Broj mesta je ograni\u010den na 10 u\u010desnika.<\/p>\n<p>Prijavni formular mo\u017eete prona\u0107i na slede\u0107em\u00a0<a href=\"https:\/\/forms.gle\/KMR8aJuZYK4kokXn9\" target=\"_blank\" rel=\"noreferrer noopener\">linku<\/a>\u00a0<br \/>Za vi\u0161e informacija, mo\u017eete nas kontaktirati putem mejla na:\u00a0<a href=\"https:\/\/neksecujeglas.com\/2025\/04\/08\/poziv-za-ucesce-na-omladinskoj-razmeni-mir-tolerancija-jednakost-i-mediji\/mailto:okularcicevac@gmail.com\" target=\"_blank\" rel=\"noreferrer noopener\">okularcicevac@gmail.com<\/a><\/p>\n<p>Pozivamo sve zainteresovane da se prijave i postanu deo razmene koja promovi\u0161e zajedni\u0161tvo, razumevanje i mir!<\/p>\n<\/p><\/div>\n<p><a href=\"https:\/\/neksecujeglas.com\/2025\/04\/08\/poziv-za-ucesce-na-omladinskoj-razmeni-mir-tolerancija-jednakost-i-mediji\/\" target=\"_blank\" rel=\"noopener\">Source link <\/a><br \/>\n\nmir, tolerancija, jednakost i mediji \u2013 Nek se \u010duje glas!<\/p>\n","protected":false},"excerpt":{"rendered":"<p>POZIV ZA U\u010cE\u0160\u0106E NA OMLADINSKOJ RAZMENI: MIR, TOLERANCIJA, JEDNAKOST I MEDIJI30. april \u2013 4. maj 2025. Otvoren je poziv za&hellip;<\/p>\n","protected":false},"author":1,"featured_media":7248,"comment_status":"open","ping_status":"open","sticky":false,"template":"","format":"standard","meta":{"footnotes":""},"categories":[1],"tags":[],"class_list":["post-7247","post","type-post","status-publish","format-standard","has-post-thumbnail","hentry","category-oglasi-varvarin"],"_links":{"self":[{"href":"https:\/\/oglasi.infooglasi.rs\/oglasi\/oglasivarvarin\/wp-json\/wp\/v2\/posts\/7247","targetHints":{"allow":["GET"]}}],"collection":[{"href":"https:\/\/oglasi.infooglasi.rs\/oglasi\/oglasivarvarin\/wp-json\/wp\/v2\/posts"}],"about":[{"href":"https:\/\/oglasi.infooglasi.rs\/oglasi\/oglasivarvarin\/wp-json\/wp\/v2\/types\/post"}],"author":[{"embeddable":true,"href":"https:\/\/oglasi.infooglasi.rs\/oglasi\/oglasivarvarin\/wp-json\/wp\/v2\/users\/1"}],"replies":[{"embeddable":true,"href":"https:\/\/oglasi.infooglasi.rs\/oglasi\/oglasivarvarin\/wp-json\/wp\/v2\/comments?post=7247"}],"version-history":[{"count":0,"href":"https:\/\/oglasi.infooglasi.rs\/oglasi\/oglasivarvarin\/wp-json\/wp\/v2\/posts\/7247\/revisions"}],"wp:featuredmedia":[{"embeddable":true,"href":"https:\/\/oglasi.infooglasi.rs\/oglasi\/oglasivarvarin\/wp-json\/wp\/v2\/media\/7248"}],"wp:attachment":[{"href":"https:\/\/oglasi.infooglasi.rs\/oglasi\/oglasivarvarin\/wp-json\/wp\/v2\/media?parent=7247"}],"wp:term":[{"taxonomy":"category","embeddable":true,"href":"https:\/\/oglasi.infooglasi.rs\/oglasi\/oglasivarvarin\/wp-json\/wp\/v2\/categories?post=7247"},{"taxonomy":"post_tag","embeddable":true,"href":"https:\/\/oglasi.infooglasi.rs\/oglasi\/oglasivarvarin\/wp-json\/wp\/v2\/tags?post=7247"}],"curies":[{"name":"wp","href":"https:\/\/api.w.org\/{rel}","templated":true}]}}