{"id":6894,"date":"2023-11-04T16:14:18","date_gmt":"2023-11-04T15:14:18","guid":{"rendered":"https:\/\/oglasi.infooglasi.rs\/oglasi\/oglasivladicinhan\/marko-danas-ne-sedi-ne-hoda-i-ne-prica-boluje-od-cerebralne-paralize-i-epilepsije-oglasi-vladicin-han\/"},"modified":"2023-11-04T16:14:18","modified_gmt":"2023-11-04T15:14:18","slug":"marko-danas-ne-sedi-ne-hoda-i-ne-prica-boluje-od-cerebralne-paralize-i-epilepsije-oglasi-vladicin-han","status":"publish","type":"post","link":"https:\/\/oglasi.infooglasi.rs\/oglasi\/oglasivladicinhan\/marko-danas-ne-sedi-ne-hoda-i-ne-prica-boluje-od-cerebralne-paralize-i-epilepsije-oglasi-vladicin-han\/","title":{"rendered":"Marko danas ne sedi, ne hoda i ne pri\u010da, boluje od cerebralne paralize i epilepsije&#8230; &#8211; OGLASI VLADI\u010cIN HAN"},"content":{"rendered":"<p><\/p>\n<div>\n<div style=\"float:left;\">\n<p><a href=\"https:\/\/www.bilbordileskovac.rs\/\" target=\"blank\" rel=\"noopener\"><\/p>\n<p>\t<!-- ispod stoji banner koja je u single postu ispod naslova --><\/p>\n<p><img decoding=\"async\" src=\"http:\/\/dnevnikjuga.rs\/wp-content\/uploads\/2021\/02\/729-x-90.jpg\"\/><\/p>\n<p><\/a><\/p>\n<p><!--\n\t\n\n\n\n\n\t\n-->\t<\/p>\n<\/div>\n<figure class=\"wp-block-image size-full\"><img decoding=\"async\" fetchpriority=\"high\" width=\"900\" height=\"468\" src=\"http:\/\/dnevnikjuga.rs\/wp-content\/uploads\/2023\/06\/Capture.png\" alt=\"\" class=\"wp-image-127845\" srcset=\"https:\/\/dnevnikjuga.rs\/wp-content\/uploads\/2023\/06\/Capture.png 900w, https:\/\/dnevnikjuga.rs\/wp-content\/uploads\/2023\/06\/Capture-300x156.png 300w, https:\/\/dnevnikjuga.rs\/wp-content\/uploads\/2023\/06\/Capture-768x399.png 768w\" sizes=\"(max-width: 900px) 100vw, 900px\"\/><\/figure>\n<p>14-godi\u0161nji Marko Ili\u0107 iz sela Jagnjilo nadomak Vladi\u010dinog Hana boluje od cerebralne paralize i epilepsije. Ne pri\u010da, ne hoda i ne mo\u017ee sam da sedi i jede. Sa porodicom \u017eivi u jako lo\u0161im uslovima. Nada za le\u010denje i lak\u0161e detinjstvo postoji u Turskoj.<\/p>\n<p>Marko je prva beba iz nekontrolisane trudno\u0107e i ro\u0111en je tri dana pre termina. Sa samo \u0161est meseci primljen je u ni\u0161ki Klini\u010dki centar i tada je utvr\u0111eno da ima cerebralnu paralizu i epilepsiju.<br \/>Ubrzo po ro\u0111enju ura\u0111en je CT endokranijuma koji je potvrdio hemoragiju \u010detvrtog stepena i zbog postojanja hidrocefalusa ugra\u0111en je drena\u017eni sistem, prime\u0107ena jako oskudna spontana motorika.<\/p>\n<p>Marko danas ne mo\u017ee sam da se hrani, niti da sedi. Postoji \u0161ansa da mu detinjstvo bude lak\u0161e, ali za le\u010denje u Turskoj potrebno je dosta novca. Re\u010d je o tro\u0161kovima ispitivanja pred operaciju, dok \u0107e sama operacija verovatno ko\u0161tati jo\u0161 vi\u0161e.<\/p>\n<p>Pomozimo da Marko pobedi epilepsiju i cerebralnu paralizu!<\/p>\n<p><strong>Pomozimo Marku Ili\u0107u!<\/strong><\/p>\n<p>Slanjem SMS poruke\u00a0<strong>20<\/strong>\u00a0na\u00a0<strong>3800<\/strong><\/p>\n<p>Uplatom na dinarski ra\u010dun:\u00a0<strong>160-6000001471726-20<\/strong><\/p>\n<p>Uplatom na devizni ra\u010dun:\u00a0<strong>160-6000001476195-96<\/strong><\/p>\n<p>IBAN:\u00a0<strong>RS35160600000147619596<\/strong><\/p>\n<p>SWIFT\/BIC:\u00a0<strong>DBDBRSBG<\/strong><\/p>\n<p>Uplatom putem Paypala na linku:\u00a0<a rel=\"noreferrer noopener\" href=\"http:\/\/paypal.me\/pokrenizivotsrb\" target=\"_blank\"><strong>Paypal<\/strong><\/a><\/p>\n<p>Uplatom putem kartice na linku:\u00a0<a rel=\"noreferrer noopener\" href=\"https:\/\/pokrenizivot.com\/marko-ilic\/\" target=\"_blank\"><strong>E<\/strong>\u2013<strong>donacija<\/strong><\/a><\/p>\n<\/p><\/div>\n<p><script>(function (d, s, id) {\n                    var js, fjs = d.getElementsByTagName(s)[0];\n                    if (d.getElementById(id))\n                        return;\n                    js = d.createElement(s);\n                    js.id = id;\n                    js.src = \"\/\/connect.facebook.net\/sr_RS\/sdk.js#xfbml=1&version=v2.0\";\n                    fjs.parentNode.insertBefore(js, fjs);\n                }(document, 'script', 'facebook-jssdk'));<\/script><br \/>\n<br \/><a href=\"https:\/\/dnevnikjuga.rs\/marko-danas-ne-sedi-ne-hoda-i-ne-prica-boluje-od-cerebralne-paralize-i-epilepsije\/\" target=\"_blank\" rel=\"noopener\">Source link <\/a><br \/>\n\nMarko danas ne sedi, ne hoda i ne pri\u010da, boluje od cerebralne paralize i epilepsije&#8230;<\/p>\n","protected":false},"excerpt":{"rendered":"<p>14-godi\u0161nji Marko Ili\u0107 iz sela Jagnjilo nadomak Vladi\u010dinog Hana boluje od cerebralne paralize i epilepsije. Ne pri\u010da, ne hoda i&hellip;<\/p>\n","protected":false},"author":1,"featured_media":6895,"comment_status":"open","ping_status":"open","sticky":false,"template":"","format":"standard","meta":{"footnotes":""},"categories":[1],"tags":[],"class_list":["post-6894","post","type-post","status-publish","format-standard","has-post-thumbnail","hentry","category-oglasi-vladicin-han"],"_links":{"self":[{"href":"https:\/\/oglasi.infooglasi.rs\/oglasi\/oglasivladicinhan\/wp-json\/wp\/v2\/posts\/6894","targetHints":{"allow":["GET"]}}],"collection":[{"href":"https:\/\/oglasi.infooglasi.rs\/oglasi\/oglasivladicinhan\/wp-json\/wp\/v2\/posts"}],"about":[{"href":"https:\/\/oglasi.infooglasi.rs\/oglasi\/oglasivladicinhan\/wp-json\/wp\/v2\/types\/post"}],"author":[{"embeddable":true,"href":"https:\/\/oglasi.infooglasi.rs\/oglasi\/oglasivladicinhan\/wp-json\/wp\/v2\/users\/1"}],"replies":[{"embeddable":true,"href":"https:\/\/oglasi.infooglasi.rs\/oglasi\/oglasivladicinhan\/wp-json\/wp\/v2\/comments?post=6894"}],"version-history":[{"count":0,"href":"https:\/\/oglasi.infooglasi.rs\/oglasi\/oglasivladicinhan\/wp-json\/wp\/v2\/posts\/6894\/revisions"}],"wp:featuredmedia":[{"embeddable":true,"href":"https:\/\/oglasi.infooglasi.rs\/oglasi\/oglasivladicinhan\/wp-json\/wp\/v2\/media\/6895"}],"wp:attachment":[{"href":"https:\/\/oglasi.infooglasi.rs\/oglasi\/oglasivladicinhan\/wp-json\/wp\/v2\/media?parent=6894"}],"wp:term":[{"taxonomy":"category","embeddable":true,"href":"https:\/\/oglasi.infooglasi.rs\/oglasi\/oglasivladicinhan\/wp-json\/wp\/v2\/categories?post=6894"},{"taxonomy":"post_tag","embeddable":true,"href":"https:\/\/oglasi.infooglasi.rs\/oglasi\/oglasivladicinhan\/wp-json\/wp\/v2\/tags?post=6894"}],"curies":[{"name":"wp","href":"https:\/\/api.w.org\/{rel}","templated":true}]}}