{"id":6923,"date":"2023-11-30T21:39:03","date_gmt":"2023-11-30T20:39:03","guid":{"rendered":"https:\/\/oglasi.infooglasi.rs\/oglasi\/oglasivladicinhan\/obustava-saobracaja-u-desnim-cevima-tunela-predejane-i-manajle-oglasi-vladicin-han\/"},"modified":"2023-11-30T21:39:03","modified_gmt":"2023-11-30T20:39:03","slug":"obustava-saobracaja-u-desnim-cevima-tunela-predejane-i-manajle-oglasi-vladicin-han","status":"publish","type":"post","link":"https:\/\/oglasi.infooglasi.rs\/oglasi\/oglasivladicinhan\/obustava-saobracaja-u-desnim-cevima-tunela-predejane-i-manajle-oglasi-vladicin-han\/","title":{"rendered":"Obustava saobra\u0107aja u desnim cevima tunela &#8220;Predejane&#8221; i &#8220;Manajle&#8221; &#8211; OGLASI VLADI\u010cIN HAN"},"content":{"rendered":"<p><\/p>\n<div id=\"the-post\">\n<div class=\"post-inner\">\n<p class=\"post-meta\">\n<p>\t<span class=\"post-meta-author\"><i class=\"fa fa-user\"\/><a href=\"https:\/\/dnevnikjuga.rs\/author\/redakcija\/\" title=\"\" target=\"_blank\" rel=\"noopener\">PROMO <\/a><\/span><\/p>\n<p>\t<span class=\"tie-date\"><i class=\"fa fa-clock-o\"\/>09\/05\/2022<\/span><br \/>\n\t<span class=\"post-cats\"><i class=\"fa fa-folder\"\/><a href=\"https:\/\/dnevnikjuga.rs\/category\/drustvo\/\" rel=\"category tag noopener\" target=\"_blank\">DRU\u0160TVO<\/a>, <a href=\"https:\/\/dnevnikjuga.rs\/category\/gradovi\/leskovac\/\" rel=\"category tag noopener\" target=\"_blank\">Leskovac<\/a>, <a href=\"https:\/\/dnevnikjuga.rs\/category\/gradovi\/nis\/\" rel=\"category tag noopener\" target=\"_blank\">Ni\u0161<\/a>, <a href=\"https:\/\/dnevnikjuga.rs\/category\/gradovi\/vranje\/\" rel=\"category tag noopener\" target=\"_blank\">Vranje<\/a><\/span><\/p>\n<div class=\"entry\">\n<div style=\"float:left;\">\n<p><a href=\"https:\/\/www.bilbordileskovac.rs\/\" target=\"blank\" rel=\"noopener\"><\/p>\n<p>\t<!-- ispod stoji banner koja je u single postu ispod naslova --><\/p>\n<p><img decoding=\"async\" src=\"http:\/\/dnevnikjuga.rs\/wp-content\/uploads\/2021\/02\/729-x-90.jpg\"\/><\/p>\n<p><\/a><\/p>\n<p><!--\n\t\n\n\n\n\n\t\n-->\t<\/p>\n<\/div>\n<figure class=\"wp-block-image size-full\"><img decoding=\"async\" fetchpriority=\"high\" width=\"900\" height=\"502\" src=\"http:\/\/dnevnikjuga.rs\/wp-content\/uploads\/2020\/05\/tunel-1.jpg\" alt=\"\" class=\"wp-image-71648\" srcset=\"https:\/\/dnevnikjuga.rs\/wp-content\/uploads\/2020\/05\/tunel-1.jpg 900w, https:\/\/dnevnikjuga.rs\/wp-content\/uploads\/2020\/05\/tunel-1-300x167.jpg 300w, https:\/\/dnevnikjuga.rs\/wp-content\/uploads\/2020\/05\/tunel-1-768x428.jpg 768w\" sizes=\"(max-width: 900px) 100vw, 900px\"\/><figcaption>Foto: arhiva<\/figcaption><\/figure>\n<p>Iz JP \u201cPutevi Srbije\u201d obave\u0161tavaju voza\u010de da \u0107e danas u toku dana, a do 17 \u010dasova do\u0107i do obustave saobra\u0107aja u desnoj cevi tunela \u201cPredejane\u201d i \u201cManjle\u201d.<\/p>\n<p>\u201cNa Auto-putu E-75,zbog radova na odr\u017eavanju ITS opreme i sistema za upravljanje tunelima, deonica Grdelica (Gornje polje) \u2013 Vladi\u010din Han, u desnoj cevi tunela \u201ePredejane\u201c i \u201eManajle\u201c, 9.05.2022.g., od 9 do 17 \u010dasova, do\u0107i \u0107e do obustave saobra\u0107aja u desnim cevima tunela, u smeru Ni\u0161 \u2013 Vranje, dok \u0107e se saobra\u0107aj odvijati dvosmerno kroz leve cevi tunela \u201ePredejane\u201c i \u201eManajle\u201c.\u201d<\/p>\n<\/p><\/div>\n<p><!-- .entry \/--><\/p>\n<p>\t\t\t\t <!-- .share-post --><\/p><\/div>\n<p><!-- .post-inner --><\/p><\/div>\n<div id=\"check-also-box\">\n\t\t<a href=\"#\" id=\"check-also-close\"><i class=\"fa fa-close\"\/><\/a><\/p>\n<p><h3>Check Also<\/h3>\n<\/p>\n<div class=\"check-also-post\">\n<div class=\"post-thumbnail\">\n\t\t\t\t<a href=\"https:\/\/dnevnikjuga.rs\/uhapsen-mladic-koji-je-autom-udario-desetogodisnjeg-decaka\/\" target=\"_blank\" rel=\"noopener\"><br \/>\n\t\t\t\t\t<img width=\"310\" height=\"165\" src=\"https:\/\/dnevnikjuga.rs\/wp-content\/uploads\/2023\/10\/pu-leskovac-310x165.jpg\" class=\"attachment-tie-medium size-tie-medium wp-post-image\" alt=\"\" decoding=\"async\" loading=\"lazy\"\/>\t\t\t\t\t<span class=\"fa overlay-icon\"\/><br \/>\n\t\t\t\t<\/a>\n\t\t\t<\/div>\n<p><!-- post-thumbnail \/--><\/p>\n<p>Pripadnici Ministarstva unutra\u0161njih poslova u Leskovcu uhapsili su A. J. (1992), iz okoline Doljevca, zbog \u2026<\/p>\n<\/p><\/div>\n<\/p><\/div>\n<p><script>(function (d, s, id) {\n                    var js, fjs = d.getElementsByTagName(s)[0];\n                    if (d.getElementById(id))\n                        return;\n                    js = d.createElement(s);\n                    js.id = id;\n                    js.src = \"\/\/connect.facebook.net\/sr_RS\/sdk.js#xfbml=1&version=v2.0\";\n                    fjs.parentNode.insertBefore(js, fjs);\n                }(document, 'script', 'facebook-jssdk'));<\/script><br \/>\n<br \/><a href=\"https:\/\/dnevnikjuga.rs\/obustava-saobracaja-u-desnim-cevima-tunela-predejane-i-manajle\/\" target=\"_blank\" rel=\"noopener\">Source link <\/a><br \/>\n\nObustava saobra\u0107aja u desnim cevima tunela &#8220;Predejane&#8221; i &#8220;Manajle&#8221;<\/p>\n","protected":false},"excerpt":{"rendered":"<p>PROMO 09\/05\/2022 DRU\u0160TVO, Leskovac, Ni\u0161, Vranje Foto: arhiva Iz JP \u201cPutevi Srbije\u201d obave\u0161tavaju voza\u010de da \u0107e danas u toku dana,&hellip;<\/p>\n","protected":false},"author":1,"featured_media":6924,"comment_status":"open","ping_status":"open","sticky":false,"template":"","format":"standard","meta":{"footnotes":""},"categories":[1],"tags":[],"class_list":["post-6923","post","type-post","status-publish","format-standard","has-post-thumbnail","hentry","category-oglasi-vladicin-han"],"_links":{"self":[{"href":"https:\/\/oglasi.infooglasi.rs\/oglasi\/oglasivladicinhan\/wp-json\/wp\/v2\/posts\/6923","targetHints":{"allow":["GET"]}}],"collection":[{"href":"https:\/\/oglasi.infooglasi.rs\/oglasi\/oglasivladicinhan\/wp-json\/wp\/v2\/posts"}],"about":[{"href":"https:\/\/oglasi.infooglasi.rs\/oglasi\/oglasivladicinhan\/wp-json\/wp\/v2\/types\/post"}],"author":[{"embeddable":true,"href":"https:\/\/oglasi.infooglasi.rs\/oglasi\/oglasivladicinhan\/wp-json\/wp\/v2\/users\/1"}],"replies":[{"embeddable":true,"href":"https:\/\/oglasi.infooglasi.rs\/oglasi\/oglasivladicinhan\/wp-json\/wp\/v2\/comments?post=6923"}],"version-history":[{"count":0,"href":"https:\/\/oglasi.infooglasi.rs\/oglasi\/oglasivladicinhan\/wp-json\/wp\/v2\/posts\/6923\/revisions"}],"wp:featuredmedia":[{"embeddable":true,"href":"https:\/\/oglasi.infooglasi.rs\/oglasi\/oglasivladicinhan\/wp-json\/wp\/v2\/media\/6924"}],"wp:attachment":[{"href":"https:\/\/oglasi.infooglasi.rs\/oglasi\/oglasivladicinhan\/wp-json\/wp\/v2\/media?parent=6923"}],"wp:term":[{"taxonomy":"category","embeddable":true,"href":"https:\/\/oglasi.infooglasi.rs\/oglasi\/oglasivladicinhan\/wp-json\/wp\/v2\/categories?post=6923"},{"taxonomy":"post_tag","embeddable":true,"href":"https:\/\/oglasi.infooglasi.rs\/oglasi\/oglasivladicinhan\/wp-json\/wp\/v2\/tags?post=6923"}],"curies":[{"name":"wp","href":"https:\/\/api.w.org\/{rel}","templated":true}]}}