{"id":6927,"date":"2023-12-05T14:54:43","date_gmt":"2023-12-05T13:54:43","guid":{"rendered":"https:\/\/oglasi.infooglasi.rs\/oglasi\/oglasivladicinhan\/stigla-fabrika-za-1-200-ljudi-oglasi-vladicin-han\/"},"modified":"2023-12-05T14:54:43","modified_gmt":"2023-12-05T13:54:43","slug":"stigla-fabrika-za-1-200-ljudi-oglasi-vladicin-han","status":"publish","type":"post","link":"https:\/\/oglasi.infooglasi.rs\/oglasi\/oglasivladicinhan\/stigla-fabrika-za-1-200-ljudi-oglasi-vladicin-han\/","title":{"rendered":"Stigla fabrika za 1.200 ljudi &#8211; OGLASI VLADI\u010cIN HAN"},"content":{"rendered":"<p><\/p>\n<div>\n<p>Premijer Srbije u ostavci Aleksandar Vu\u010di\u0107 je, govore\u0107i o uspesima koje njegova Vlada posti\u017ee kada su u pitanju otvaranja novih radnih mesta, izjavio da je u Vladi\u010din Han stigla fabrika za 1.200 ljudi, misle\u0107i na fabriku turske kompanije \u201eTeklas Automotive\u201c. \u00a0 \u00a0<\/p>\n<p>Uvidom u Re\u0161enje o dodeli dr\u017eavne pomo\u0107i kompaniji \u201eTeklas\u201c, zaklju\u010dili smo da je ova turska kompanija u obavezi da zaposli najmanje 400, a ne 1.200 radnika. \u0160ta vi\u0161e, u \u010ditavom dokumentu broj od 1.200 radnika ne spominje se ni u kakvom kontekstu.\u00a0<\/p>\n<div><a href=\"https:\/\/www.istinomer.rs\/multimedia\/pdfs\/42870637348264.pdf\" title=\"\" target=\"_blank\" rel=\"noopener noreferrer\">Ovo re\u0161enje<\/a>, doneto 23. septembra 2015. godine i objavljeno na sajtu Komisije za kontrolu dr\u017eavne pomo\u0107i, decidno ka\u017ee da kompanija Teklas ima obavezu da u roku od tri godine \u201ezaposli najmanje 400 novih radnika na neodre\u0111eno vreme, sa punim radnim vremenom\u201c.<\/div>\n<div>\n<div class=\"photography-wrapper\">\n<div class=\"photography\">\t\t\t\t\t\t\t\t<img decoding=\"async\" src=\"https:\/\/www.istinomer.rs\/pictures\/slike\/691274586457644.jpg\" alt=\"*\"\/>\t\t\t\t\t\t\t<\/div>\n<p>Re\u0161enje Komisije za kontrolu dr\u017eavne pomo\u0107i \/ Foto: Printscreen<\/p>\n<\/div>\n<\/div>\n<p>U ovom dokumentu, tako\u0111e, stoji \u00a0da \u201eTeklas\u201c ima obavezu da tim radnicima redovno ispla\u0107uje zaradu, koja nije manja od minimalne plate.<\/p>\n<p>Treba napomenuti i to da je Republika Srbija subvencionisala izgradnju ove fabrike u iznosu od 4 miliona i 750 hiljada evra, \u0161to je 41 odsto od ukupnog investicionog ulaganja. Ovaj novac je, kako se navodi u re\u0161enju o dr\u017eavnoj pomo\u0107i, namenjen za \u00a0kupovinu fabri\u010dkih pogona i tehnologije za proizvodnju.\u00a0<\/p>\n<p>Kada se iznos subvencija koje dr\u017eava daje za izgradnju ove fabrike podeli sa predvi\u0111enim brojem radnika dolazimo do ra\u010dunice da je za svakog od 400 radnika dr\u017eava dala po 11.875 evra.\n<\/p>\n<p>Iako se na osnovu ovog dokumenta mo\u017ee zaklju\u010diti da postoji mogu\u0107nost zaposlenja za vi\u0161e od 400 radnika, nije jasno odakle informacija premijeru u ostavci da \u0107e ova fabrika zaposliti 1.200 ljudi.\u00a0<\/p>\n<p>Istinomer je od Centralnog registra obaveznog socijalnog osiguranja dobio podatak da broj osiguranika u toj fabrici, na obavezno socijalno osiguranje, trenutno iznosi 25. To zna\u010di da \u201eTeklas Automotive\u201c zapo\u0161ljava 25 radnika \u2013 375 radnika manje nego \u0161to je predvi\u0111eno Ugovorom i 1.175 radnika manje nego \u0161to predvi\u0111a Aleksandar Vu\u010di\u0107 na osnovu nama nepoznatih kriterijuma. Zato, ova izjava Aleksandra Vu\u010di\u0107a dobija ocenu \u201e<b>neistina\u201c<\/b>.<\/p>\n<div>Istinomer je i ranije pisao o istoj vrsti licitiranja brojem radnika povodom <a href=\"https:\/\/www.istinomer.rs\/video\/410\/Mali-Pustite-ugovor-slusajte-sta-vam-mi-pricamo\" title=\"\" target=\"_blank\" rel=\"noopener noreferrer\">investicije kompanije Meita u Obrenovcu. <\/a>Vi\u0161e funkcionera izjavljivalo je da \u0107e ova fabrika zaposliti gotovo 1.400 radnika, umesto 770, kako pi\u0161e u ugovoru.\u00a0<\/div>\n<\/p><\/div>\n<p><script>\n\t!function(f,b,e,v,n,t,s)\n\t{if(f.fbq)return;n=f.fbq=function(){n.callMethod?\n\tn.callMethod.apply(n,arguments):n.queue.push(arguments)};\n\tif(!f._fbq)f._fbq=n;n.push=n;n.loaded=!0;n.version='2.0';\n\tn.queue=[];t=b.createElement(e);t.async=!0;\n\tt.src=v;s=b.getElementsByTagName(e)[0];\n\ts.parentNode.insertBefore(t,s)}(window,document,'script','https:\/\/connect.facebook.net\/en_US\/fbevents.js');\n\tfbq('init', '132434834192078'); \n\tfbq('track', 'PageView');\n\t<\/script><br \/>\n<br \/><a href=\"https:\/\/www.istinomer.rs\/izjava\/stigla-fabrika-za-1-200-ljudi\/\" target=\"_blank\" rel=\"noopener\">Source link <\/a><br \/>\n\nStigla fabrika za 1.200 ljudi<\/p>\n","protected":false},"excerpt":{"rendered":"<p>Premijer Srbije u ostavci Aleksandar Vu\u010di\u0107 je, govore\u0107i o uspesima koje njegova Vlada posti\u017ee kada su u pitanju otvaranja novih&hellip;<\/p>\n","protected":false},"author":1,"featured_media":6928,"comment_status":"open","ping_status":"open","sticky":false,"template":"","format":"standard","meta":{"footnotes":""},"categories":[1],"tags":[],"class_list":["post-6927","post","type-post","status-publish","format-standard","has-post-thumbnail","hentry","category-oglasi-vladicin-han"],"_links":{"self":[{"href":"https:\/\/oglasi.infooglasi.rs\/oglasi\/oglasivladicinhan\/wp-json\/wp\/v2\/posts\/6927","targetHints":{"allow":["GET"]}}],"collection":[{"href":"https:\/\/oglasi.infooglasi.rs\/oglasi\/oglasivladicinhan\/wp-json\/wp\/v2\/posts"}],"about":[{"href":"https:\/\/oglasi.infooglasi.rs\/oglasi\/oglasivladicinhan\/wp-json\/wp\/v2\/types\/post"}],"author":[{"embeddable":true,"href":"https:\/\/oglasi.infooglasi.rs\/oglasi\/oglasivladicinhan\/wp-json\/wp\/v2\/users\/1"}],"replies":[{"embeddable":true,"href":"https:\/\/oglasi.infooglasi.rs\/oglasi\/oglasivladicinhan\/wp-json\/wp\/v2\/comments?post=6927"}],"version-history":[{"count":0,"href":"https:\/\/oglasi.infooglasi.rs\/oglasi\/oglasivladicinhan\/wp-json\/wp\/v2\/posts\/6927\/revisions"}],"wp:featuredmedia":[{"embeddable":true,"href":"https:\/\/oglasi.infooglasi.rs\/oglasi\/oglasivladicinhan\/wp-json\/wp\/v2\/media\/6928"}],"wp:attachment":[{"href":"https:\/\/oglasi.infooglasi.rs\/oglasi\/oglasivladicinhan\/wp-json\/wp\/v2\/media?parent=6927"}],"wp:term":[{"taxonomy":"category","embeddable":true,"href":"https:\/\/oglasi.infooglasi.rs\/oglasi\/oglasivladicinhan\/wp-json\/wp\/v2\/categories?post=6927"},{"taxonomy":"post_tag","embeddable":true,"href":"https:\/\/oglasi.infooglasi.rs\/oglasi\/oglasivladicinhan\/wp-json\/wp\/v2\/tags?post=6927"}],"curies":[{"name":"wp","href":"https:\/\/api.w.org\/{rel}","templated":true}]}}