{"id":6965,"date":"2024-01-03T17:06:08","date_gmt":"2024-01-03T16:06:08","guid":{"rendered":"https:\/\/oglasi.infooglasi.rs\/oglasi\/oglasivladicinhan\/ruzic-otvorio-vrtic-carolija-u-vladicinom-hanu-video-tv-zona-plus-oglasi-vladicin-han\/"},"modified":"2024-01-03T17:06:08","modified_gmt":"2024-01-03T16:06:08","slug":"ruzic-otvorio-vrtic-carolija-u-vladicinom-hanu-video-tv-zona-plus-oglasi-vladicin-han","status":"publish","type":"post","link":"https:\/\/oglasi.infooglasi.rs\/oglasi\/oglasivladicinhan\/ruzic-otvorio-vrtic-carolija-u-vladicinom-hanu-video-tv-zona-plus-oglasi-vladicin-han\/","title":{"rendered":"RU\u017dI\u0106 OTVORIO VRTI\u0106 \u201e\u010cAROLIJA\u201c U VLADI\u010cINOM HANU (VIDEO) &#8211; TV ZONA PLUS &#8211; OGLASI VLADI\u010cIN HAN"},"content":{"rendered":"<p><\/p>\n<div>\n<p lang=\"sr-RS\"><img loading=\"lazy\" decoding=\"async\" class=\"alignleft size-medium wp-image-190806\" src=\"https:\/\/tvzonaplus.rs\/wp-content\/uploads\/2022\/12\/Still1212_00005-6-384x216.jpg\" alt=\"\" width=\"384\" height=\"216\" srcset=\"https:\/\/tvzonaplus.rs\/wp-content\/uploads\/2022\/12\/Still1212_00005-6-384x216.jpg 384w, https:\/\/tvzonaplus.rs\/wp-content\/uploads\/2022\/12\/Still1212_00005-6-1170x658.jpg 1170w, https:\/\/tvzonaplus.rs\/wp-content\/uploads\/2022\/12\/Still1212_00005-6.jpg 1280w\" sizes=\"auto, (max-width: 384px) 100vw, 384px\"\/>U Vladi\u010dinom Hanu sve\u010dano je otvoren dogra\u0111eni deo vrti\u0107a \u201e\u010carolija\u201c. Izgradnjom dve prostorije obezbe\u0111ena su jo\u0161 40 mesta za mali\u0161ane, a otvaranju su prisustvovali ministar prosvete, Branko Ru\u017ei\u0107 i predsednik op\u0161tine, Goran Mladenovi\u0107.<\/p>\n<p><iframe loading=\"lazy\" title=\"RU\u017dI\u0106 OTVORIO VRTI\u0106 \u201e\u010cAROLIJA\u201c U VLADI\u010cINOM HANU\" width=\"640\" height=\"360\" src=\"https:\/\/www.youtube.com\/embed\/weilPSizvzQ?feature=oembed\" frameborder=\"0\" allow=\"accelerometer; autoplay; clipboard-write; encrypted-media; gyroscope; picture-in-picture; web-share\" referrerpolicy=\"strict-origin-when-cross-origin\" allowfullscreen><\/iframe><\/p>\n<\/p><\/div>\n<p><a href=\"https:\/\/tvzonaplus.rs\/ruzic-otvorio-vrtic-carolija-u-vladicinom-hanu-video\/\" target=\"_blank\" rel=\"noopener\">Source link <\/a><br \/>\n\nRU\u017dI\u0106 OTVORIO VRTI\u0106 \u201e\u010cAROLIJA\u201c U VLADI\u010cINOM HANU (VIDEO) &#8211; TV ZONA PLUS<\/p>\n","protected":false},"excerpt":{"rendered":"<p>U Vladi\u010dinom Hanu sve\u010dano je otvoren dogra\u0111eni deo vrti\u0107a \u201e\u010carolija\u201c. Izgradnjom dve prostorije obezbe\u0111ena su jo\u0161 40 mesta za mali\u0161ane,&hellip;<\/p>\n","protected":false},"author":1,"featured_media":6967,"comment_status":"open","ping_status":"open","sticky":false,"template":"","format":"standard","meta":{"footnotes":""},"categories":[1],"tags":[],"class_list":["post-6965","post","type-post","status-publish","format-standard","has-post-thumbnail","hentry","category-oglasi-vladicin-han"],"_links":{"self":[{"href":"https:\/\/oglasi.infooglasi.rs\/oglasi\/oglasivladicinhan\/wp-json\/wp\/v2\/posts\/6965","targetHints":{"allow":["GET"]}}],"collection":[{"href":"https:\/\/oglasi.infooglasi.rs\/oglasi\/oglasivladicinhan\/wp-json\/wp\/v2\/posts"}],"about":[{"href":"https:\/\/oglasi.infooglasi.rs\/oglasi\/oglasivladicinhan\/wp-json\/wp\/v2\/types\/post"}],"author":[{"embeddable":true,"href":"https:\/\/oglasi.infooglasi.rs\/oglasi\/oglasivladicinhan\/wp-json\/wp\/v2\/users\/1"}],"replies":[{"embeddable":true,"href":"https:\/\/oglasi.infooglasi.rs\/oglasi\/oglasivladicinhan\/wp-json\/wp\/v2\/comments?post=6965"}],"version-history":[{"count":0,"href":"https:\/\/oglasi.infooglasi.rs\/oglasi\/oglasivladicinhan\/wp-json\/wp\/v2\/posts\/6965\/revisions"}],"wp:featuredmedia":[{"embeddable":true,"href":"https:\/\/oglasi.infooglasi.rs\/oglasi\/oglasivladicinhan\/wp-json\/wp\/v2\/media\/6967"}],"wp:attachment":[{"href":"https:\/\/oglasi.infooglasi.rs\/oglasi\/oglasivladicinhan\/wp-json\/wp\/v2\/media?parent=6965"}],"wp:term":[{"taxonomy":"category","embeddable":true,"href":"https:\/\/oglasi.infooglasi.rs\/oglasi\/oglasivladicinhan\/wp-json\/wp\/v2\/categories?post=6965"},{"taxonomy":"post_tag","embeddable":true,"href":"https:\/\/oglasi.infooglasi.rs\/oglasi\/oglasivladicinhan\/wp-json\/wp\/v2\/tags?post=6965"}],"curies":[{"name":"wp","href":"https:\/\/api.w.org\/{rel}","templated":true}]}}