{"id":6998,"date":"2024-02-11T21:18:28","date_gmt":"2024-02-11T20:18:28","guid":{"rendered":"https:\/\/oglasi.infooglasi.rs\/oglasi\/oglasivladicinhan\/sin-i-kcerka-ubijene-dusanke-nijemi-od-bola-oglasi-vladicin-han\/"},"modified":"2024-02-11T21:18:28","modified_gmt":"2024-02-11T20:18:28","slug":"sin-i-kcerka-ubijene-dusanke-nijemi-od-bola-oglasi-vladicin-han","status":"publish","type":"post","link":"https:\/\/oglasi.infooglasi.rs\/oglasi\/oglasivladicinhan\/sin-i-kcerka-ubijene-dusanke-nijemi-od-bola-oglasi-vladicin-han\/","title":{"rendered":"Sin i k\u0107erka ubijene Du\u0161anke nijemi od bola &#8211; OGLASI VLADI\u010cIN HAN"},"content":{"rendered":"<p><\/p>\n<div>\n<p>\u010citav kom\u0161iluk je u \u0161oku jer su za Du\u0161ku imaju samo rije\u010di hvale, ali, kako tvrde, ni o Draganu ne mogu da ka\u017eu ni\u0161ta lo\u0161e.<\/p>\n<p>\u2013 Oni godinama \u017eive tu kao podstanari doselili su se iz sela Jastrebac. Djeca su im divna, sin zavr\u0161io fakultet, o\u017eenio se i ne \u017eivi ovdje. K\u0107erka je divna, radi i ona je tu sa djetetom kod njih \u017eivjela. Ja i Du\u0161anka smo i\u0161le zajedno na posao svakog jutra. Ne mogu da vjerujem \u0161ta se desilo \u2013 pri\u010da jedna od kom\u0161inica.<\/p>\n<h2 class=\"wp-block-heading\">\u201cRoditelji su bili u procesu razvoda\u201d<\/h2>\n<p>U dvori\u0161tu ku\u0107e gdje su supru\u017enici \u017eivjeli, jo\u0161 uvijek se vide tragovi koje je ostavila uvi\u0111ajna ekipa za sobom. Sin i k\u0107erka nastradale ne \u017eele da govore i da detalje iznose u javnost, jer ni sami ne znaju mnogo. K\u0107erka je sa djetetom bila u gradu i kada je do\u0161la ku\u0107i i zatekla majku u lokvi krvi.<\/p>\n<p>Pozvala je policiju i hitnu pomo\u0107, koji su brzo stigli, ali \u017eeni nije bilo spasa.<\/p>\n<p>Sin ka\u017ee da je tijelo poslato na obdukciju i da od toga zavisi vrijeme sahrane.<\/p>\n<figure class=\"captionImageWrapper\"><img loading=\"lazy\" decoding=\"async\" src=\"https:\/\/srpskainfo.com\/wp-content\/uploads\/2020\/02\/policija-kriminalisticka-uvidjaj-foto-S-PASALIC-872x600.jpg\" alt=\"FOTO: SINI\u0160A PA\u0160ALI\u0106\/RAS SRBIJA\" width=\"872\" height=\"610\"\/><figcaption class=\"captionImageCaption\">FOTO: SINI\u0160A PA\u0160ALI\u0106\/RAS SRBIJA<\/figcaption><\/figure>\n<p>        <span class=\"keySingle\"\/><\/p>\n<p>\u2013 Roditelji su bili u procesu razvoda. Mislim da je sve bilo skoro gotovo, ostalo je jo\u0161 da to bude pravosna\u017eno. \u017divjeli smo skromno i normalno nekada. Vjerujte u \u0161oku smo, pod stresom i u velikoj smo i neopisivoj \u017ealosti zbog svega \u2013 dodaje sin ubijene.<\/p>\n<h2 class=\"wp-block-heading\">\u201cNisam ni slutila da \u0107e to biti posljednji susret\u201d<\/h2>\n<p>Ubistvo se desilo u ku\u0107i kada je Dragan S. u veoma alkoholisanom stanju sa vi\u0161e uboda no\u017eem u vrat usmrtio svoju suprugu.<\/p>\n<p>\u010citava oku\u0107nica i dom ostavlja utisak da je \u017eena veoma predano brinula o ku\u0107i.<\/p>\n<p>\u2013 Divna je bila Du\u0161anka, ju\u010de sam je srela na ulici, kad sam se vra\u0107ala sa pijace. Popri\u010dale smo malo. Nisam ni slutila da \u0107e to biti posljednji susret \u2013 ka\u017ee jedna od kom\u0161inica.<\/p>\n<p>Prema podacima iz policije, ranije nije bilo prijava nasilja iz ove porodice ali se u gradu pri\u010da da je Dragan S. volio da pije i da se opija, te da ga je biv\u0161i zet prijavio za nasilje u ku\u0107i i to prije nekoliko godina.<\/p>\n<p>Dragan S. je nekada radio u fabrici \u201cFopa\u201d koja je u u tranziciji propala, a Du\u0161anka je bila zaposlena kao \u010dista\u010dica u Domu zdravlja u Vladi\u010dinom Hanu.<\/p>\n<p>Prema navodima iz Vi\u0161eg javnog tu\u017eila\u0161tva u Vranju, Dragan S. je prona\u0111en na mjestu izvr\u0161enja ubistva, odmah je uhap\u0161en i odre\u0111eno mu je zadr\u017eavanje.<\/p>\n<p>Protiv njega \u0107e policija podnijeti krivi\u010dnu prijavu zbog krivi\u010dnog djela ubistva i bi\u0107e priveden u Vi\u0161e javno tu\u017eila\u0161tvo radi saslu\u0161anja.<\/p>\n<p>Za sada, ni porodica, ali ni policija, ni tu\u017eila\u0161tvo ne mogu da ka\u017eu \u0161ta je bio motiv ubistva.<\/p>\n<p>O\u010dekuje se da se o tome vi\u0161e sazna nakon saslu\u0161anja Dragana S.<\/p>\n<p>On je, prema saznanjima iz policije, u petak uve\u010de prilikom hap\u0161enja bio u \u201cveoma alkoholisanom stanju\u201d, pi\u0161e <a href=\"https:\/\/www.blic.rs\/vesti\/hronika\/sin-i-cerka-ubijene-dusanke-kod-vladicinog-hana-nemi-od-bola-cerka-sa-detetom-zatekla\/8snjjk9\" target=\"_blank\" rel=\"noopener\">Blic<\/a>.<\/p>\n<p>                <a style=\"font-weight:bold;&#010;                font-size:14px;margin-bottom:0.6rem;display:block; width:max-content;background-color:#7360F2;color:white;padding:0.6rem;border-radius:5px;cursor:pointer;\" title=\"Viber grupa\" target=\"_blank\" href=\"https:\/\/invite.viber.com\/?g2=AQADj2jdM9Z9glCzKoVL14kr2VhoO%2FPqOu0JB5T7bD3knZHJFKQs4T3Pr1gHQzZv&amp;lang=en\" rel=\"noopener\"><br \/>\n                    Najnovije vijesti Srpskainfo i na Viberu<br \/>\n                <\/a><\/p><\/div>\n<p><script async>\n        !function(f,b,e,v,n,t,s)\n        {if(f.fbq)return;n=f.fbq=function(){n.callMethod?\n            n.callMethod.apply(n,arguments):n.queue.push(arguments)};\n            if(!f._fbq)f._fbq=n;n.push=n;n.loaded=!0;n.version='2.0';\n            n.queue=[];t=b.createElement(e);t.async=!0;\n            t.src=v;s=b.getElementsByTagName(e)[0];\n            s.parentNode.insertBefore(t,s)}(window, document,'script',\n            'https:\/\/connect.facebook.net\/en_US\/fbevents.js');\n        fbq('init', '344652463724127');\n        fbq('track', 'PageView');\n    <\/script><br \/>\n<br \/><a href=\"https:\/\/srpskainfo.com\/pijan-nozem-ubio-zenu-sin-i-kcerka-ubijene-dusanke-nijemi-od-bola-komsije-van-sebe\/\" target=\"_blank\" rel=\"noopener\">Source link <\/a><br \/>\n\nSin i k\u0107erka ubijene Du\u0161anke nijemi od bola<\/p>\n","protected":false},"excerpt":{"rendered":"<p>\u010citav kom\u0161iluk je u \u0161oku jer su za Du\u0161ku imaju samo rije\u010di hvale, ali, kako tvrde, ni o Draganu ne&hellip;<\/p>\n","protected":false},"author":1,"featured_media":6999,"comment_status":"open","ping_status":"open","sticky":false,"template":"","format":"standard","meta":{"footnotes":""},"categories":[1],"tags":[],"class_list":["post-6998","post","type-post","status-publish","format-standard","has-post-thumbnail","hentry","category-oglasi-vladicin-han"],"_links":{"self":[{"href":"https:\/\/oglasi.infooglasi.rs\/oglasi\/oglasivladicinhan\/wp-json\/wp\/v2\/posts\/6998","targetHints":{"allow":["GET"]}}],"collection":[{"href":"https:\/\/oglasi.infooglasi.rs\/oglasi\/oglasivladicinhan\/wp-json\/wp\/v2\/posts"}],"about":[{"href":"https:\/\/oglasi.infooglasi.rs\/oglasi\/oglasivladicinhan\/wp-json\/wp\/v2\/types\/post"}],"author":[{"embeddable":true,"href":"https:\/\/oglasi.infooglasi.rs\/oglasi\/oglasivladicinhan\/wp-json\/wp\/v2\/users\/1"}],"replies":[{"embeddable":true,"href":"https:\/\/oglasi.infooglasi.rs\/oglasi\/oglasivladicinhan\/wp-json\/wp\/v2\/comments?post=6998"}],"version-history":[{"count":0,"href":"https:\/\/oglasi.infooglasi.rs\/oglasi\/oglasivladicinhan\/wp-json\/wp\/v2\/posts\/6998\/revisions"}],"wp:featuredmedia":[{"embeddable":true,"href":"https:\/\/oglasi.infooglasi.rs\/oglasi\/oglasivladicinhan\/wp-json\/wp\/v2\/media\/6999"}],"wp:attachment":[{"href":"https:\/\/oglasi.infooglasi.rs\/oglasi\/oglasivladicinhan\/wp-json\/wp\/v2\/media?parent=6998"}],"wp:term":[{"taxonomy":"category","embeddable":true,"href":"https:\/\/oglasi.infooglasi.rs\/oglasi\/oglasivladicinhan\/wp-json\/wp\/v2\/categories?post=6998"},{"taxonomy":"post_tag","embeddable":true,"href":"https:\/\/oglasi.infooglasi.rs\/oglasi\/oglasivladicinhan\/wp-json\/wp\/v2\/tags?post=6998"}],"curies":[{"name":"wp","href":"https:\/\/api.w.org\/{rel}","templated":true}]}}