{"id":7026,"date":"2024-02-24T14:24:56","date_gmt":"2024-02-24T13:24:56","guid":{"rendered":"https:\/\/oglasi.infooglasi.rs\/oglasi\/oglasivladicinhan\/sasa-arsic-bujanovacki-naprednjaci-zaduzeni-za-haos-u-hanu-oglasi-vladicin-han\/"},"modified":"2024-02-24T14:24:56","modified_gmt":"2024-02-24T13:24:56","slug":"sasa-arsic-bujanovacki-naprednjaci-zaduzeni-za-haos-u-hanu-oglasi-vladicin-han","status":"publish","type":"post","link":"https:\/\/oglasi.infooglasi.rs\/oglasi\/oglasivladicinhan\/sasa-arsic-bujanovacki-naprednjaci-zaduzeni-za-haos-u-hanu-oglasi-vladicin-han\/","title":{"rendered":"Sa\u0161a Arsi\u0107: Bujanova\u010dki naprednjaci zadu\u017eeni za haos u Hanu &#8211; OGLASI VLADI\u010cIN HAN"},"content":{"rendered":"<p><\/p>\n<div>\n<p><strong>Bujanovac, 2. decembar 2021.<\/strong> \u0160ef bujanova\u010dkog odbora i regionalni koordinator Narodne stranke Sa\u0161a Arsi\u0107 tvrdi da su \u010dlanovi Srpske napredne stranke iz Bujanovca dobili zadatak da u subotu u Vladi\u010dinom Hanu \u201eizazovu haos\u201c tokom gra\u0111anskih protesta protiv Rio Tinta i Zakona o eksproprijaciji.<\/p>\n<p><strong>\u201cAktivisti SNS i pla\u0107enici iz Bujanovca zadu\u017eeni su za provokacije u Vladi\u010dinom Hanu\u201d, ka\u017ee Arsi\u0107.<\/strong><\/p>\n<p>On je naveo i da ta\u010dno zna o kojim se Bujanov\u010danima radi, navode\u0107i njihove inicijale.<\/p>\n<p>Dodao je da \u0107e u Vranje i\u0107i provokatori iz Hana i Leskovca \u2013 \u201ci tako u celoj Srbiji\u201d, kako ka\u017ee.<\/p>\n<p><strong>\u201cKao da im nije dosta nasilja pa su za zakazane proteste i blokade puteva organizovali svoje batina\u0161e da isprovociraju sukobe. Presreli smo neke informacije i instrukcije po kojima se jasno vidi da policija i BIA zajedno sa vrhom vlasti spremaju nova hap\u0161enja i batinanje ljudi na protestima. Formirano je vi\u0161e ekipa. Jedna \u0107e da mirno ometa protest, druga da izaziva incidente. Ga\u0111a\u0107e \u00a0jajima, vodom. Jedna ekipa je spremna da uleti i bije. Poku\u0161a\u0107e i automobilima da\u00a0 provociraju. \u017dene su posebna ekipa koja ce da se sva\u0111a, samo da bi isprovocirali reakciju, a onda da policija privodi u\u010desnike protesta, a ne inicijatore. To je njihova re\u017eija za subotu\u201d, navodi se u saop\u0161tenju.<\/strong><\/p>\n<p>Kakav je odnos vlasti prema gra\u0111anima \u201ckoji su ustali da mirnim protestima iska\u017eu nezadovoljstvo zbog zakona o eksproprijaciji\u201d, kako ka\u017ee Arsi\u0107, ve\u0107 se videlo.<\/p>\n<p><strong>\u201cDa je nasilje uzelo maha u naprednja\u010dkim redovima gra\u0111ani Srbije su mogli da vide kada je na mirne gra\u0111ane po nare\u0111enju velikog vo\u0111e krenuo bager i kada su motkama i \u010deki\u0107ima udarali nezadovoljne gra\u0111ane. Predsednik tvrdi da su \u010deki\u0107i bili gumeni, a motke su valjda bile od papira. Takvim izjavama se smeje u lice gra\u0111anima koji su ustali da mirnim protestima iska\u017eu nezadovoljstvo zbog zakona o eksproprijaciji, koji \u0107e ukoliko bude donet biti omogu\u0107eno bilo kome bilo kada da kupi milom ili silom svaki deo na\u0161e Srbije. Predsednik svesno gura narod u gra\u0111anski rat. Pa zar je zabranjeno da neko druga\u010dije misli i da to slobodno ka\u017ee. Zar je zabranjeno da se to nezadovoljstvo i neslaganje iznese javno na protestima. Treba li da \u0107utimo dok se Rio Tinto sprema da zagadi pola Srbije? Treba li da dozvolimo da na\u0161u dedovinu mo\u017ee da kupi ko i kad po\u017eeli?\u201d, pita Arsi\u0107.<\/strong><\/p>\n<p>Poru\u010dio je da \u201cmotka ima dva kraja\u201d i da to treba da znaju svi.<\/p>\n<p><strong>\u201cA znamo i sve osobe koje su planirane da ometaju proteste tako da gospodo iz policije i BIA nemojte misliti da ne\u0107emo obelodaniti sve gra\u0111anima Srbije\u201d, zaklju\u010duje \u0161ef Narodne stranke u Bujanovcu.<\/strong><\/p>\n<\/div>\n<p><a href=\"https:\/\/bujanovacke.co.rs\/2021\/12\/02\/sasa-arsic-bujanovacki-naprednjaci-zaduzeni-za-haos-u-hanu\/\" target=\"_blank\" rel=\"noopener\">Source link <\/a><br \/>\n\nSa\u0161a Arsi\u0107: Bujanova\u010dki naprednjaci zadu\u017eeni za haos u Hanu<\/p>\n","protected":false},"excerpt":{"rendered":"<p>Bujanovac, 2. decembar 2021. \u0160ef bujanova\u010dkog odbora i regionalni koordinator Narodne stranke Sa\u0161a Arsi\u0107 tvrdi da su \u010dlanovi Srpske napredne&hellip;<\/p>\n","protected":false},"author":1,"featured_media":7027,"comment_status":"open","ping_status":"open","sticky":false,"template":"","format":"standard","meta":{"footnotes":""},"categories":[1],"tags":[],"class_list":["post-7026","post","type-post","status-publish","format-standard","has-post-thumbnail","hentry","category-oglasi-vladicin-han"],"_links":{"self":[{"href":"https:\/\/oglasi.infooglasi.rs\/oglasi\/oglasivladicinhan\/wp-json\/wp\/v2\/posts\/7026","targetHints":{"allow":["GET"]}}],"collection":[{"href":"https:\/\/oglasi.infooglasi.rs\/oglasi\/oglasivladicinhan\/wp-json\/wp\/v2\/posts"}],"about":[{"href":"https:\/\/oglasi.infooglasi.rs\/oglasi\/oglasivladicinhan\/wp-json\/wp\/v2\/types\/post"}],"author":[{"embeddable":true,"href":"https:\/\/oglasi.infooglasi.rs\/oglasi\/oglasivladicinhan\/wp-json\/wp\/v2\/users\/1"}],"replies":[{"embeddable":true,"href":"https:\/\/oglasi.infooglasi.rs\/oglasi\/oglasivladicinhan\/wp-json\/wp\/v2\/comments?post=7026"}],"version-history":[{"count":0,"href":"https:\/\/oglasi.infooglasi.rs\/oglasi\/oglasivladicinhan\/wp-json\/wp\/v2\/posts\/7026\/revisions"}],"wp:featuredmedia":[{"embeddable":true,"href":"https:\/\/oglasi.infooglasi.rs\/oglasi\/oglasivladicinhan\/wp-json\/wp\/v2\/media\/7027"}],"wp:attachment":[{"href":"https:\/\/oglasi.infooglasi.rs\/oglasi\/oglasivladicinhan\/wp-json\/wp\/v2\/media?parent=7026"}],"wp:term":[{"taxonomy":"category","embeddable":true,"href":"https:\/\/oglasi.infooglasi.rs\/oglasi\/oglasivladicinhan\/wp-json\/wp\/v2\/categories?post=7026"},{"taxonomy":"post_tag","embeddable":true,"href":"https:\/\/oglasi.infooglasi.rs\/oglasi\/oglasivladicinhan\/wp-json\/wp\/v2\/tags?post=7026"}],"curies":[{"name":"wp","href":"https:\/\/api.w.org\/{rel}","templated":true}]}}