{"id":7069,"date":"2024-04-13T05:28:42","date_gmt":"2024-04-13T03:28:42","guid":{"rendered":"https:\/\/oglasi.infooglasi.rs\/oglasi\/oglasivladicinhan\/u-bosilegradu-bez-zarazenih-evidentan-pad-inficiranih-koronavirusom-u-pcinjskom-okrugu-oglasi-vladicin-han\/"},"modified":"2024-04-13T05:28:42","modified_gmt":"2024-04-13T03:28:42","slug":"u-bosilegradu-bez-zarazenih-evidentan-pad-inficiranih-koronavirusom-u-pcinjskom-okrugu-oglasi-vladicin-han","status":"publish","type":"post","link":"https:\/\/oglasi.infooglasi.rs\/oglasi\/oglasivladicinhan\/u-bosilegradu-bez-zarazenih-evidentan-pad-inficiranih-koronavirusom-u-pcinjskom-okrugu-oglasi-vladicin-han\/","title":{"rendered":"U Bosilegradu bez zara\u017eenih, evidentan pad inficiranih koronavirusom u P\u010dinjskom okrugu &#8211; OGLASI VLADI\u010cIN HAN"},"content":{"rendered":"<p><\/p>\n<p style=\"text-align: justify\"><strong>U P\u010dinjskom okrugu evidentan je pad broja zara\u017eenih koronavirusom. Prema poslednjim podacima Gradskog \u0161taba za vanredne situacije, analize su pokazale da je od 137 testiranih 10 lica zara\u017eeno, stoji na zvani\u010dnom sajtu Grada Vranja. Procenat pozitivnosti u odnosu na broj testiranih slu\u010dajeva je 5 odsto.<\/strong><\/p>\n<p style=\"text-align: justify\">U izve\u0161taju se navodi da je u Vranju 5 inficiranih, dok su u Trgovi\u0161u zara\u017eene 2 osobe. U Bosilegradu i ostalim op\u0161tinama P\u010dinjskog okruga nije bilo pozitivnih.<\/p>\n<p style=\"text-align: justify\"><em>P. Videnov (izvor: vranje.org.rs)<\/em><\/p>\n<p style=\"text-align: justify\"><em>Foto: Stefan Pavi\u0107<\/em><\/p>\n<p><a href=\"https:\/\/far.rs\/sr\/2022\/10\/24\/u-bosilegradu-bez-zarazenih-evidentan-pad-inficiranih-koronavirusom-u-pcinjskom-okrugu\/\" target=\"_blank\" rel=\"noopener\">Source link <\/a><br \/>\n\nU Bosilegradu bez zara\u017eenih, evidentan pad inficiranih koronavirusom u P\u010dinjskom okrugu<\/p>\n","protected":false},"excerpt":{"rendered":"<p>U P\u010dinjskom okrugu evidentan je pad broja zara\u017eenih koronavirusom. Prema poslednjim podacima Gradskog \u0161taba za vanredne situacije, analize su pokazale&hellip;<\/p>\n","protected":false},"author":1,"featured_media":7070,"comment_status":"open","ping_status":"open","sticky":false,"template":"","format":"standard","meta":{"footnotes":""},"categories":[1],"tags":[],"class_list":["post-7069","post","type-post","status-publish","format-standard","has-post-thumbnail","hentry","category-oglasi-vladicin-han"],"_links":{"self":[{"href":"https:\/\/oglasi.infooglasi.rs\/oglasi\/oglasivladicinhan\/wp-json\/wp\/v2\/posts\/7069","targetHints":{"allow":["GET"]}}],"collection":[{"href":"https:\/\/oglasi.infooglasi.rs\/oglasi\/oglasivladicinhan\/wp-json\/wp\/v2\/posts"}],"about":[{"href":"https:\/\/oglasi.infooglasi.rs\/oglasi\/oglasivladicinhan\/wp-json\/wp\/v2\/types\/post"}],"author":[{"embeddable":true,"href":"https:\/\/oglasi.infooglasi.rs\/oglasi\/oglasivladicinhan\/wp-json\/wp\/v2\/users\/1"}],"replies":[{"embeddable":true,"href":"https:\/\/oglasi.infooglasi.rs\/oglasi\/oglasivladicinhan\/wp-json\/wp\/v2\/comments?post=7069"}],"version-history":[{"count":0,"href":"https:\/\/oglasi.infooglasi.rs\/oglasi\/oglasivladicinhan\/wp-json\/wp\/v2\/posts\/7069\/revisions"}],"wp:featuredmedia":[{"embeddable":true,"href":"https:\/\/oglasi.infooglasi.rs\/oglasi\/oglasivladicinhan\/wp-json\/wp\/v2\/media\/7070"}],"wp:attachment":[{"href":"https:\/\/oglasi.infooglasi.rs\/oglasi\/oglasivladicinhan\/wp-json\/wp\/v2\/media?parent=7069"}],"wp:term":[{"taxonomy":"category","embeddable":true,"href":"https:\/\/oglasi.infooglasi.rs\/oglasi\/oglasivladicinhan\/wp-json\/wp\/v2\/categories?post=7069"},{"taxonomy":"post_tag","embeddable":true,"href":"https:\/\/oglasi.infooglasi.rs\/oglasi\/oglasivladicinhan\/wp-json\/wp\/v2\/tags?post=7069"}],"curies":[{"name":"wp","href":"https:\/\/api.w.org\/{rel}","templated":true}]}}