{"id":7071,"date":"2024-04-15T07:42:33","date_gmt":"2024-04-15T05:42:33","guid":{"rendered":"https:\/\/oglasi.infooglasi.rs\/oglasi\/oglasivladicinhan\/vladicin-han-od-doline-gladi-do-najvece-plate-u-okrugu-oglasi-vladicin-han\/"},"modified":"2024-04-15T07:42:33","modified_gmt":"2024-04-15T05:42:33","slug":"vladicin-han-od-doline-gladi-do-najvece-plate-u-okrugu-oglasi-vladicin-han","status":"publish","type":"post","link":"https:\/\/oglasi.infooglasi.rs\/oglasi\/oglasivladicinhan\/vladicin-han-od-doline-gladi-do-najvece-plate-u-okrugu-oglasi-vladicin-han\/","title":{"rendered":"Vladi\u010din Han: Od \u201cdoline gladi\u201d do najve\u0107e plate u okrugu &#8211; OGLASI VLADI\u010cIN HAN"},"content":{"rendered":"<p><\/p>\n<div>\n<p>Bujanovac, V.Han 3. maj 2021. (Foto EU Pro)-Prema podacima Republi\u010dkog zavoda za statistiku,\u00a0<b><strong>Vladi\u010din Han<\/strong><\/b> je na tabeli prema prose\u010dnim primanjima,<b><strong>\u00a0<\/strong><\/b>sa prosekom od <b><strong>51.579 dinara, prvi u P\u010dinskom okrugu.<\/strong><\/b><\/p>\n<p>Bujanovac sa 45.688 i Pre\u0161evo sa 45.044 dinara su na dnu te liste prema poslednjim podacima za februar.<\/p>\n<p>Prema poslednjim podacima, objavljenim za februar ove godine <b><strong>iza <\/strong><\/b>Vladi\u010dinog Hana, prema proseku primanja, su zaposleni u <b><strong>Surdulici<\/strong><\/b>(51.254) <b><strong>i Vranju<\/strong><\/b> (51.178 dinara).<\/p>\n<p>Zaposleni u Hanu su lideri po visini zarada <b><strong>u konkurenciji svih trinaest op\u0161tina<\/strong><\/b> i gradova P\u010dinjskog i Jablani\u010dkog okruga, najju\u017enijih u Srbiji, pi\u0161e <span style=\"color: #ff0000;\">Vranjenews<\/span>.<\/p>\n<p><b><strong>Pre samo desetak godina<\/strong><\/b> Vladi\u010din Han je nazivan \u201edolinom gladi\u201c, op\u0161tinom koja je od 2000. godine i po\u010detka tranzicije redovno bila me\u0111u deset lokalnih samouprava sa najni\u017eim zaradama u Srbiji.<\/p>\n<p>Onda se, od 2012. godine, <b><strong>ne\u0161to dogodilo<\/strong><\/b> u glavama i funkcionera lokalne vlasti i vlasnika malih i srednjih preduze\u0107e.<\/p>\n<p>Od tada, iz godine u godinu, <b><strong>ekonomska mo\u0107<\/strong><\/b> i privrede i zaposlenih u Vladi\u010dinom Hanu, <b><strong>po\u010deli su da ja\u010daju<\/strong><\/b> br\u017ee od svih na jugu Srbije.<\/p>\n<p>Da \u0107e ikada dosti\u0107i i presti\u0107i Vranje, pa i druge op\u0161tine, u tu teoriju, tih godina <b><strong>niko nije mogao da veruje<\/strong><\/b>.<\/p>\n<p>Jer, <b><strong>Vranje<\/strong><\/b> je pre svega regionalni centar gde su sedi\u0161ta zdravstva (1.500 zaposlenih), pravosu\u0111a, policije, vojske, carine i svih mo\u0107nih dr\u017eavnih preduze\u0107a tipa Elektrodistribucije, Telekoma, Po\u0161te\u2026 Kao i privrednih megalomana tipa Alfa plam, BAT itd.<\/p>\n<p><b><strong>Surdulica<\/strong><\/b> tako\u0111e ima Knauf, Rosu, Vlasinske hidroelektrane, Bolnicu sa skoro 500 zaposlenih i Vlasinu, najve\u0107i ekonomski potencijal na jugu.<\/p>\n<p>A Vladi\u010din Han <b><strong>ima Teklas<\/strong><\/b> \u2013 jedinu jaku firmu u koju se i gra\u0111ani op\u0161tine, i njeno rukovodstvo mogu da zakunu.<\/p>\n<p>Jo\u0161 jedan <b><strong>podatak mnogo govori<\/strong><\/b>.<\/p>\n<p>Na kraju 2015. godine Vladi\u010din Han je imao 2.098, a na kraju pro\u0161le godine <b><strong>duplo vi\u0161e zaposlenih<\/strong><\/b> \u2013 \u010dak 4.264.<\/p>\n<p>Mo\u017eda i <b><strong>klju\u010dna stvar<\/strong><\/b>.<\/p>\n<p>Vladi\u010din Han ima <b><strong>ne\u0161to ja\u010de od svega<\/strong><\/b> pobrojanog kod ostalih \u2013 ima ne\u0161to \u0161to obi\u010dan \u010dovek ne vidi, <b><strong>zdrava i jaka mala i srednja privatna preduze\u0107a <\/strong><\/b>koja po\u010divaju na zdravim ekonomskim i tr\u017ei\u0161nim parametrima.<\/p>\n<p>Jak privatni sektor i dobra logistika lokalne samouprave <b><strong>najverovatniji su odgovor<\/strong><\/b> na pitanje za\u0161to je Vladi\u010din Han tako napredovao.<\/p>\n<\/div>\n<p><a href=\"https:\/\/bujanovacke.co.rs\/2021\/05\/03\/vladicin-han-od-doline-gladi-do-najvece-plate-u-okrugu\/\" target=\"_blank\" rel=\"noopener\">Source link <\/a><br \/>\n\nVladi\u010din Han: Od \u201cdoline gladi\u201d do najve\u0107e plate u okrugu<\/p>\n","protected":false},"excerpt":{"rendered":"<p>Bujanovac, V.Han 3. maj 2021. (Foto EU Pro)-Prema podacima Republi\u010dkog zavoda za statistiku,\u00a0Vladi\u010din Han je na tabeli prema prose\u010dnim primanjima,\u00a0sa&hellip;<\/p>\n","protected":false},"author":1,"featured_media":7072,"comment_status":"open","ping_status":"open","sticky":false,"template":"","format":"standard","meta":{"footnotes":""},"categories":[1],"tags":[],"class_list":["post-7071","post","type-post","status-publish","format-standard","has-post-thumbnail","hentry","category-oglasi-vladicin-han"],"_links":{"self":[{"href":"https:\/\/oglasi.infooglasi.rs\/oglasi\/oglasivladicinhan\/wp-json\/wp\/v2\/posts\/7071","targetHints":{"allow":["GET"]}}],"collection":[{"href":"https:\/\/oglasi.infooglasi.rs\/oglasi\/oglasivladicinhan\/wp-json\/wp\/v2\/posts"}],"about":[{"href":"https:\/\/oglasi.infooglasi.rs\/oglasi\/oglasivladicinhan\/wp-json\/wp\/v2\/types\/post"}],"author":[{"embeddable":true,"href":"https:\/\/oglasi.infooglasi.rs\/oglasi\/oglasivladicinhan\/wp-json\/wp\/v2\/users\/1"}],"replies":[{"embeddable":true,"href":"https:\/\/oglasi.infooglasi.rs\/oglasi\/oglasivladicinhan\/wp-json\/wp\/v2\/comments?post=7071"}],"version-history":[{"count":0,"href":"https:\/\/oglasi.infooglasi.rs\/oglasi\/oglasivladicinhan\/wp-json\/wp\/v2\/posts\/7071\/revisions"}],"wp:featuredmedia":[{"embeddable":true,"href":"https:\/\/oglasi.infooglasi.rs\/oglasi\/oglasivladicinhan\/wp-json\/wp\/v2\/media\/7072"}],"wp:attachment":[{"href":"https:\/\/oglasi.infooglasi.rs\/oglasi\/oglasivladicinhan\/wp-json\/wp\/v2\/media?parent=7071"}],"wp:term":[{"taxonomy":"category","embeddable":true,"href":"https:\/\/oglasi.infooglasi.rs\/oglasi\/oglasivladicinhan\/wp-json\/wp\/v2\/categories?post=7071"},{"taxonomy":"post_tag","embeddable":true,"href":"https:\/\/oglasi.infooglasi.rs\/oglasi\/oglasivladicinhan\/wp-json\/wp\/v2\/tags?post=7071"}],"curies":[{"name":"wp","href":"https:\/\/api.w.org\/{rel}","templated":true}]}}