{"id":7073,"date":"2024-04-17T09:46:20","date_gmt":"2024-04-17T07:46:20","guid":{"rendered":"https:\/\/oglasi.infooglasi.rs\/oglasi\/oglasivladicinhan\/otvoren-vrtic-u-vladicinom-hanu-drustvo-oglasi-vladicin-han\/"},"modified":"2024-04-17T09:46:20","modified_gmt":"2024-04-17T07:46:20","slug":"otvoren-vrtic-u-vladicinom-hanu-drustvo-oglasi-vladicin-han","status":"publish","type":"post","link":"https:\/\/oglasi.infooglasi.rs\/oglasi\/oglasivladicinhan\/otvoren-vrtic-u-vladicinom-hanu-drustvo-oglasi-vladicin-han\/","title":{"rendered":"Otvoren vrti\u0107 u Vladi\u010dinom Hanu &#8211; Dru\u0161tvo &#8211; OGLASI VLADI\u010cIN HAN"},"content":{"rendered":"<p><\/p>\n<div>\n<div class=\"font-medium post-intro-content content\">\n<p>Vrti\u0107 \u201e\u010carolija\u201c u Vladi\u010dinom Hanu danas je sve\u010dano otvoren u prisustvu ministra prosvete Branka Ru\u017ei\u0107a i predsednika op\u0161tine Vladi\u010din Han Gorana Mladenovi\u0107a.<\/p>\n<p>\u00a0<\/p>\n<\/div>\n<p>Dogradnjom dve nove prostorije u okviru objekta pro\u0161ireni su kapaciteti Pred\u0161kolske ustanove \u201eP\u010delica\u201c, \u010dime je obezbe\u0111eno 40 novih mesta za decu.<\/p>\n<p>U dogradnju i opremanje vrti\u0107a ulo\u017eeno je preko 23 miliona dinara, a radovi su zavr\u0161eni u planiranom roku, za sedam meseci.<\/p>\n<p>Tokom 2021. godine za adaptaciju i opremanje tri prostorije u vrti\u0107u \u201e\u010carolija\u201c izdvojeno je 3,5 miliona dinara, a realizaciju je sprovelo Ministarstvo prosvete u okviru projekta \u201eInkluzivno pred\u0161kolsko vaspitanje i obrazovanje\u201c, uz podr\u0161ku Fondacije Novak \u0110okovi\u0107, dok je kroz isti projekat opremljen i novoizgra\u0111eni vrti\u0107 \u201eZvon\u010dica\u201c u vrednosti preko dva miliona dinara.<\/p>\n<p>Osim toga, kroz grant programe Projekta, radi se na inkluziji \u0161to ve\u0107eg broja dece u sistem pred\u0161kolskog vaspitanja i obrazovanja, pogotovo dece iz socijalno osetljivih grupa, kao i anga\u017eovanje vaspita\u010da za rad sa decom i njihovu edukaciju.<\/p>\n<p>Do sada za realizaciju grant programa u Vladi\u010dinom Hanu ulo\u017eeno je oko 2,5 miliona dinara, a za njegov nastavak tokom 2023. godine izdvojeno je dodatnih 1,4 miliona dinara.<\/p>\n<p>Izgradnja i adaptacija vrti\u0107a deo je projekta \u201eInkluzivno pred\u0161kolsko vaspitanje i obrazovanje\u201c koje sprovodi Ministarstvo prosvete uz finansijsku podr\u0161ku Svetske banke, putem kog se unapre\u0111uje dostupnost, kvalitet i uslovi pred\u0161kolskog vaspitanja i obrazovanja za svu decu.<\/p>\n<p>Kroz projekat se izgradnjom, dogradnjom, adaptacijom i opremanjem obezbe\u0111uje 11.000 novih mesta u vrti\u0107ima za mali\u0161ane.<\/p>\n<p>Projekat, pored navedenog, podr\u017eava Nove osnove programa pred\u0161kolskog vaspitanja i obrazovanja i osna\u017euje kompetencije vaspita\u010da.<\/p>\n<p>Tokom prethodne godine svi vaspita\u010di iz PU \u201eP\u010delica\u201c, u Vladi\u010dinom Hanu, pro\u0161li su kroz mentorsku podr\u0161ku i obuku u primeni Novih osnova programa pred\u0161kolskog vaspitanja i obrazovanja.<\/p>\n<p>Kroz implementaciju projekta akcenat je stavljen i na pru\u017eanju podr\u0161ke porodicama sa decom, sa fokusom na porodice iz osetljivih dru\u0161tvenih grupa, podsti\u010de uklju\u010divanje dece u sistem pred\u0161kolskog vaspitanja i obrazovanja, a sve u cilju obezbe\u0111ivanja podsticajnih uslova za razvoj sve dece.<\/p>\n<div class=\"post-disclaimer\">\n<p><strong><em>Pratite nas na na\u0161oj <a href=\"https:\/\/www.facebook.com\/www.danas.rs\" target=\"_blank\" rel=\"noopener external noreferrer\" data-wpel-link=\"external\">Facebook<\/a> i <a href=\"https:\/\/www.instagram.com\/danas.rs\/?hl=en\" target=\"_blank\" rel=\"noopener external noreferrer\" data-wpel-link=\"external\">Instagram<\/a> stranici, ali i na <a href=\"https:\/\/twitter.com\/OnlineDanas\" target=\"_blank\" rel=\"noopener external noreferrer\" data-wpel-link=\"external\">Twitter<\/a> nalogu. Pretplatite se na <a href=\"https:\/\/klub.danas.rs\/\" target=\"_blank\" rel=\"noopener external noreferrer\" data-wpel-link=\"external\">PDF izdanje lista Danas<\/a>.<\/em><\/strong><\/p>\n<\/div>\n<\/div>\n<p><script async src=\"\/\/platform.twitter.com\/widgets.js\" charset=\"utf-8\"><\/script><script async defer src=\"https:\/\/platform.instagram.com\/en_US\/embeds.js\"><\/script><br \/>\n<br \/><a href=\"https:\/\/www.danas.rs\/vesti\/drustvo\/otvoren-vrtic-u-vladicinom-hanu\/\" target=\"_blank\" rel=\"noopener\">Source link <\/a><br \/>\n\nOtvoren vrti\u0107 u Vladi\u010dinom Hanu &#8211; Dru\u0161tvo<\/p>\n","protected":false},"excerpt":{"rendered":"<p>Vrti\u0107 \u201e\u010carolija\u201c u Vladi\u010dinom Hanu danas je sve\u010dano otvoren u prisustvu ministra prosvete Branka Ru\u017ei\u0107a i predsednika op\u0161tine Vladi\u010din Han&hellip;<\/p>\n","protected":false},"author":1,"featured_media":7074,"comment_status":"open","ping_status":"open","sticky":false,"template":"","format":"standard","meta":{"footnotes":""},"categories":[1],"tags":[],"class_list":["post-7073","post","type-post","status-publish","format-standard","has-post-thumbnail","hentry","category-oglasi-vladicin-han"],"_links":{"self":[{"href":"https:\/\/oglasi.infooglasi.rs\/oglasi\/oglasivladicinhan\/wp-json\/wp\/v2\/posts\/7073","targetHints":{"allow":["GET"]}}],"collection":[{"href":"https:\/\/oglasi.infooglasi.rs\/oglasi\/oglasivladicinhan\/wp-json\/wp\/v2\/posts"}],"about":[{"href":"https:\/\/oglasi.infooglasi.rs\/oglasi\/oglasivladicinhan\/wp-json\/wp\/v2\/types\/post"}],"author":[{"embeddable":true,"href":"https:\/\/oglasi.infooglasi.rs\/oglasi\/oglasivladicinhan\/wp-json\/wp\/v2\/users\/1"}],"replies":[{"embeddable":true,"href":"https:\/\/oglasi.infooglasi.rs\/oglasi\/oglasivladicinhan\/wp-json\/wp\/v2\/comments?post=7073"}],"version-history":[{"count":0,"href":"https:\/\/oglasi.infooglasi.rs\/oglasi\/oglasivladicinhan\/wp-json\/wp\/v2\/posts\/7073\/revisions"}],"wp:featuredmedia":[{"embeddable":true,"href":"https:\/\/oglasi.infooglasi.rs\/oglasi\/oglasivladicinhan\/wp-json\/wp\/v2\/media\/7074"}],"wp:attachment":[{"href":"https:\/\/oglasi.infooglasi.rs\/oglasi\/oglasivladicinhan\/wp-json\/wp\/v2\/media?parent=7073"}],"wp:term":[{"taxonomy":"category","embeddable":true,"href":"https:\/\/oglasi.infooglasi.rs\/oglasi\/oglasivladicinhan\/wp-json\/wp\/v2\/categories?post=7073"},{"taxonomy":"post_tag","embeddable":true,"href":"https:\/\/oglasi.infooglasi.rs\/oglasi\/oglasivladicinhan\/wp-json\/wp\/v2\/tags?post=7073"}],"curies":[{"name":"wp","href":"https:\/\/api.w.org\/{rel}","templated":true}]}}