{"id":7075,"date":"2024-04-19T15:37:29","date_gmt":"2024-04-19T13:37:29","guid":{"rendered":"https:\/\/oglasi.infooglasi.rs\/oglasi\/oglasivladicinhan\/lovacko-udruzenje-jelen-organizuje-lovacko-vece-oglasi-vladicin-han\/"},"modified":"2024-04-19T15:37:29","modified_gmt":"2024-04-19T13:37:29","slug":"lovacko-udruzenje-jelen-organizuje-lovacko-vece-oglasi-vladicin-han","status":"publish","type":"post","link":"https:\/\/oglasi.infooglasi.rs\/oglasi\/oglasivladicinhan\/lovacko-udruzenje-jelen-organizuje-lovacko-vece-oglasi-vladicin-han\/","title":{"rendered":"Lova\u010dko udru\u017eenje \u201eJelen\u201c organizuje \u201eLova\u010dko ve\u010de\u201c &#8211; OGLASI VLADI\u010cIN HAN"},"content":{"rendered":"<p><\/p>\n<div id=\"post-18730\">\n<div class=\"td-post-content td-pb-padding-side\">\n<div class=\"td-post-featured-image\">\n<figure><a href=\"http:\/\/vladicinhanvesti.rs\/wp-content\/uploads\/2024\/04\/20170801205638_437131.jpg\" data-caption=\"Photo by: Nezavisne novine\" target=\"_blank\" rel=\"noopener\"><img loading=\"lazy\" decoding=\"async\" width=\"640\" height=\"427\" class=\"entry-thumb td-modal-image\" src=\"http:\/\/vladicinhanvesti.rs\/wp-content\/uploads\/2024\/04\/20170801205638_437131-640x427.jpg\" alt=\"\" title=\"20170801205638_437131\"\/><\/a><figcaption class=\"wp-caption-text\">Photo by: Nezavisne novine<\/figcaption><\/figure>\n<\/div>\n<p>Lova\u010dko udru\u017eenje \u201eJelen\u201c Vladi\u010din Han organizuje \u201e Lova\u010dko ve\u010de\u201c\u00a0 u restoranu \u201eFontana\u201c 20.04.2024 godine sa po\u010detkom u 20 \u010dasova. Svi zainteresovani za prijavu i sve informacije se mogu javiti u prostorijama Lova\u010dkog udru\u017eenja ili na broj 017 472 169.<\/p>\n<\/p><\/div>\n<footer>\n<p>                                    \t        <span style=\"display: none;\" itemprop=\"author\" itemscope=\"\" itemtype=\"https:\/\/schema.org\/Person\"><meta itemprop=\"name\" content=\"Vladi\u010din Han Vesti\"\/><\/span><meta itemprop=\"datePublished\" content=\"2024-04-10T10:20:20+00:00\"\/><meta itemprop=\"dateModified\" content=\"2024-04-10T10:20:20+00:00\"\/><meta itemscope=\"\" itemprop=\"mainEntityOfPage\" itemtype=\"https:\/\/schema.org\/WebPage\" itemid=\"http:\/\/vladicinhanvesti.rs\/lovacko-udruzenje-jelen-organizuje-lovacko-vece\/\"\/><span style=\"display: none;\" itemprop=\"publisher\" itemscope=\"\" itemtype=\"https:\/\/schema.org\/Organization\"><span style=\"display: none;\" itemprop=\"logo\" itemscope=\"\" itemtype=\"https:\/\/schema.org\/ImageObject\"><meta itemprop=\"url\" content=\"http:\/\/vladicinhanvesti.rs\/wp-content\/uploads\/2017\/03\/vhan-logo-m.png\"\/><\/span><meta itemprop=\"name\" content=\"Vladi\u010din Han Vesti\"\/><\/span><meta itemprop=\"headline \" content=\"Lova\u010dko udru\u017eenje &quot;Jelen&quot; organizuje &quot;Lova\u010dko ve\u010de&quot;\"\/><span style=\"display: none;\" itemprop=\"image\" itemscope=\"\" itemtype=\"https:\/\/schema.org\/ImageObject\"><meta itemprop=\"url\" content=\"http:\/\/vladicinhanvesti.rs\/wp-content\/uploads\/2024\/04\/20170801205638_437131.jpg\"\/><meta itemprop=\"width\" content=\"750\"\/><meta itemprop=\"height\" content=\"500\"\/><\/span>        <\/footer>\n<\/p><\/div>\n<p><script type=\"text\/javascript\">\n\/* <![CDATA[ *\/\nvar ppsPopups = [{\"id\":\"100\",\"label\":\"Lajkuj Vladicin Han Vesti\",\"active\":\"1\",\"original_id\":\"4\",\"params\":{\"main\":{\"show_on\":\"page_load\",\"show_on_page_load_delay\":\"\",\"show_on_click_on_el_delay\":\"0\",\"show_on_scroll_window_delay\":\"0\",\"show_on_scroll_window_perc_scroll\":\"0\",\"show_on_link_follow_delay\":\"0\",\"close_on\":\"user_close\",\"show_pages\":\"all\",\"show_time_from\":\"12:00am\",\"show_time_to\":\"12:00am\",\"show_date_from\":\"\",\"show_date_to\":\"\",\"show_to_first_time_visit_days\":\"30\",\"show_to_until_make_action_days\":\"30\",\"show_to\":\"count_times\",\"count_times_num\":\"1\",\"count_times_mes\":\"day\",\"hide_for_devices_show\":\"0\",\"hide_for_post_types_show\":\"0\",\"hide_for_ips_show\":\"0\",\"hide_for_ips\":\"\",\"hide_for_countries_show\":\"0\",\"hide_for_languages_show\":\"0\",\"hide_search_engines_show\":\"0\",\"hide_preg_url_show\":\"0\",\"hide_preg_url\":\"\",\"hide_for_user_roles_show\":\"0\"},\"tpl\":{\"width\":\"300\",\"width_measure\":\"px\",\"height\":\"\",\"height_measure\":\"px\",\"fb_like_opts\":{\"href\":\"https:\\\/\\\/www.facebook.com\\\/Vladi%C4%8Din-Han-Vesti-1515093492145215\\\/?ref=bookmarks\",\"tabs\":[\"timeline\"],\"show_facepile\":\"1\"},\"bg_overlay_opacity\":\"0.5\",\"bg_overlay_type\":\"color\",\"bg_overlay_color\":\"#000\",\"bg_overlay_img\":\"\",\"bg_overlay_img_pos\":\"stretch\",\"bg_type_0\":\"color\",\"bg_img_0\":\"\",\"bg_color_0\":\"#ffffff\",\"reidrect_on_close\":\"\",\"close_btn\":\"classy_grey\",\"layered_pos\":\"\",\"anim_key\":\"none\",\"anim_duration\":1,\"stat_ga_code\":\"\",\"sub_fields\":{\"email\":{\"label\":\"E-Mail\",\"html\":\"text\",\"enb\":true,\"mandatory\":true,\"name\":\"email\"},\"name\":{\"label\":\"Name\",\"html\":\"text\",\"enb\":false,\"name\":\"name\"}},\"reg_fields\":{\"name\":{\"label\":\"Name\",\"html\":\"text\",\"enb\":1,\"name\":\"name\"},\"email\":{\"label\":\"E-Mail\",\"html\":\"text\",\"enb\":true,\"mandatory\":true,\"name\":\"email\"}}},\"opts_attrs\":{\"bg_number\":\"1\",\"txt_block_number\":\"0\"}},\"img_preview\":\"facebook-like.jpg\",\"show_on\":\"1\",\"show_to\":\"5\",\"show_pages\":\"1\",\"type_id\":\"2\",\"views\":\"513293\",\"unique_views\":\"312741\",\"actions\":\"330\",\"date_created\":\"2015-01-16 19:35:51\",\"sort_order\":\"0\",\"show_in_admin_area\":\"0\",\"img_preview_url\":\"http:\\\/\\\/supsystic-42d7.kxcdn.com\\\/_assets\\\/popup\\\/img\\\/preview\\\/facebook-like.jpg\",\"view_id\":\"100_174662\",\"type\":\"fb_like\",\"rendered_html\":\"<span style=\\\"display: none;\\\" id=\\\"ppsPopupStylesHidden_100_174662\\\">#ppsPopupShell_100_174662 {\\n\\twidth: 300px;\\n  \\t\\\/*height: px;*\\\/\\n  \\t  \\tbackground-color: #ffffff;\\n  \\t}\\n#ppsPopupShell_100_174662 .ppsPopupClose {\\n\\tz-index: 99;\\n}\\n#ppsPopupShell_100_174662 .ppsPopupClose:hover {\\n\\topacity: 0.8;\\n}\\n#ppsPopupShell_100_174662 .ppsPopupClose { position:absolute;background-image:url(\\\"http:\\\/\\\/vladicinhanvesti.rs\\\/wp-content\\\/plugins\\\/popup-by-supsystic\\\/modules\\\/popup\\\/img\\\/assets\\\/close_btns\\\/classy_grey.png\\\");background-repeat:no-repeat;top:-16px;right:-16px;width:42px;height:42px; }<\\\/span>\n\n<div id=\\\"ppsPopupShell_100_174662\\\" class=\\\"ppsPopupShell ppsPopupFbLikeShell\\\">\\n\\t<a href=\\\"#\\\" class=\\\"ppsPopupClose\\\"><\\\/a>\\n  \\t\n\n<div id=\\\"fb-root\\\"><\\\/div>\\n\\t\\t<script>(function(d, s, id) {\\n\\t\\t  var js, fjs = d.getElementsByTagName(s)[0];\\n\\t\\t  if (d.getElementById(id)) return;\\n\\t\\t  js = d.createElement(s); js.id = id;\\n\\t\\t  js.src = \\\"\\\/\\\/connect.facebook.net\\\/sr_RS\\\/sdk.js#xfbml=1&version=v2.5&appId=1612081092370131\\\";\\n\\t\\t  fjs.parentNode.insertBefore(js, fjs);\\n\\t\\t}(document, 'script', 'facebook-jssdk'));<\\\/script>\n\n<div class=\\\"fb-page fb_iframe_widget\\\" data-href=\\\"https:\\\/\\\/www.facebook.com\\\/Vladi%C4%8Din-Han-Vesti-1515093492145215\\\/?ref=bookmarks\\\" data-tabs=\\\"timeline\\\" data-hide-cover=\\\"false\\\" data-show-facepile=\\\"true\\\" data-hide-cta=\\\"false\\\" data-small-header=\\\"false\\\" data-adapt-container-width=\\\"false\\\" data-width=\\\"300\\\"><\\\/div>\\n<\\\/div>\",\"connect_hash\":\"af60e3d1f6e498ae0ee8b62f77eea1a6\"}];\n\/* ]]> *\/\n<\/script><br \/>\n<br \/><a href=\"http:\/\/vladicinhanvesti.rs\/lovacko-udruzenje-jelen-organizuje-lovacko-vece\/\" target=\"_blank\" rel=\"noopener\">Source link <\/a><br \/>\n\nLova\u010dko udru\u017eenje \u201eJelen\u201c organizuje \u201eLova\u010dko ve\u010de\u201c<\/p>\n","protected":false},"excerpt":{"rendered":"<p>Photo by: Nezavisne novine Lova\u010dko udru\u017eenje \u201eJelen\u201c Vladi\u010din Han organizuje \u201e Lova\u010dko ve\u010de\u201c\u00a0 u restoranu \u201eFontana\u201c 20.04.2024 godine sa po\u010detkom&hellip;<\/p>\n","protected":false},"author":1,"featured_media":7076,"comment_status":"open","ping_status":"open","sticky":false,"template":"","format":"standard","meta":{"footnotes":""},"categories":[1],"tags":[],"class_list":["post-7075","post","type-post","status-publish","format-standard","has-post-thumbnail","hentry","category-oglasi-vladicin-han"],"_links":{"self":[{"href":"https:\/\/oglasi.infooglasi.rs\/oglasi\/oglasivladicinhan\/wp-json\/wp\/v2\/posts\/7075","targetHints":{"allow":["GET"]}}],"collection":[{"href":"https:\/\/oglasi.infooglasi.rs\/oglasi\/oglasivladicinhan\/wp-json\/wp\/v2\/posts"}],"about":[{"href":"https:\/\/oglasi.infooglasi.rs\/oglasi\/oglasivladicinhan\/wp-json\/wp\/v2\/types\/post"}],"author":[{"embeddable":true,"href":"https:\/\/oglasi.infooglasi.rs\/oglasi\/oglasivladicinhan\/wp-json\/wp\/v2\/users\/1"}],"replies":[{"embeddable":true,"href":"https:\/\/oglasi.infooglasi.rs\/oglasi\/oglasivladicinhan\/wp-json\/wp\/v2\/comments?post=7075"}],"version-history":[{"count":0,"href":"https:\/\/oglasi.infooglasi.rs\/oglasi\/oglasivladicinhan\/wp-json\/wp\/v2\/posts\/7075\/revisions"}],"wp:featuredmedia":[{"embeddable":true,"href":"https:\/\/oglasi.infooglasi.rs\/oglasi\/oglasivladicinhan\/wp-json\/wp\/v2\/media\/7076"}],"wp:attachment":[{"href":"https:\/\/oglasi.infooglasi.rs\/oglasi\/oglasivladicinhan\/wp-json\/wp\/v2\/media?parent=7075"}],"wp:term":[{"taxonomy":"category","embeddable":true,"href":"https:\/\/oglasi.infooglasi.rs\/oglasi\/oglasivladicinhan\/wp-json\/wp\/v2\/categories?post=7075"},{"taxonomy":"post_tag","embeddable":true,"href":"https:\/\/oglasi.infooglasi.rs\/oglasi\/oglasivladicinhan\/wp-json\/wp\/v2\/tags?post=7075"}],"curies":[{"name":"wp","href":"https:\/\/api.w.org\/{rel}","templated":true}]}}