{"id":7109,"date":"2024-06-07T07:13:33","date_gmt":"2024-06-07T05:13:33","guid":{"rendered":"https:\/\/oglasi.infooglasi.rs\/oglasi\/oglasivladicinhan\/sudar-voza-i-automobila-kod-vladicinog-hana-dvoje-povredjenih-drustvo-oglasi-vladicin-han\/"},"modified":"2024-06-07T07:13:33","modified_gmt":"2024-06-07T05:13:33","slug":"sudar-voza-i-automobila-kod-vladicinog-hana-dvoje-povredjenih-drustvo-oglasi-vladicin-han","status":"publish","type":"post","link":"https:\/\/oglasi.infooglasi.rs\/oglasi\/oglasivladicinhan\/sudar-voza-i-automobila-kod-vladicinog-hana-dvoje-povredjenih-drustvo-oglasi-vladicin-han\/","title":{"rendered":"Sudar voza i automobila kod Vladi\u010dinog Hana, dvoje povre\u0111enih &#8211; Dru\u0161tvo &#8211; OGLASI VLADI\u010cIN HAN"},"content":{"rendered":"<p><\/p>\n<div id=\"post-3056898\">\n<div class=\"article-post-featured-image\">\n<a href=\"https:\/\/www.danas.rs\/vesti\/drustvo\/savet-rem-ustavni-sud\/\" data-wpel-link=\"internal\" target=\"_blank\" rel=\"noopener\"><br \/>\n<img width=\"1000\" height=\"560\" src=\"https:\/\/www.danas.rs\/wp-content\/uploads\/2022\/11\/0501foto-FoNet-Milica-Vuckovic-e1671564659627-1000x560.jpg\" class=\"w-full show-on-desktop wp-post-image\" alt=\"Kupovina vremena pre smene \u010dlanova: Da li je pokretanje inicijative Saveta REM-a Ustavnom sudu uop\u0161te neophodno? 7\" decoding=\"async\" loading=\"lazy\" srcset=\"https:\/\/www.danas.rs\/wp-content\/uploads\/2022\/11\/0501foto-FoNet-Milica-Vuckovic-e1671564659627-1000x560.jpg 1000w, https:\/\/www.danas.rs\/wp-content\/uploads\/2022\/11\/0501foto-FoNet-Milica-Vuckovic-e1671564659627-300x169.jpg 300w\" sizes=\"auto, (max-width: 1000px) 100vw, 1000px\" title=\"Kupovina vremena pre smene \u010dlanova: Da li je pokretanje inicijative Saveta REM-a Ustavnom sudu uop\u0161te neophodno? 11\"\/> <\/a><\/div>\n<div class=\"article-post-content\">\n<div class=\"article-post-category\">\n<span class=\"primary-category\"><a href=\"https:\/\/www.danas.rs\/rubrika\/vesti\/drustvo\/\" data-wpel-link=\"internal\" target=\"_blank\" rel=\"noopener\">Dru\u0161tvo<\/a><span style=\"color: #868686;\"><strong> \u2022 <\/strong><\/span><\/span><span class=\"published\"><span class=\"special-date\">06.06.2024. <\/span><span class=\"special-time\">22:41<\/span><\/span><\/div>\n<h3 class=\"article-post-title\">\n<a href=\"https:\/\/www.danas.rs\/vesti\/drustvo\/savet-rem-ustavni-sud\/\" data-wpel-link=\"internal\" target=\"_blank\" rel=\"noopener\"><br \/>\nKupovina vremena pre smene \u010dlanova: Da li je pokretanje inicijative Saveta REM-a Ustavnom sudu uop\u0161te neophodno? <\/a><\/h3>\n<p>Savet Regulatornog tela za elektronske medije (REM) doneo je odluku da \u0107e podneti inicijativu Ustavnom sudu za ocenu ustavnosti odredbe novog Zakona o elektronskim medijima, koja nala\u017ee smenu njegovih \u010dlanova do 4. novembra ove godine. Sagovornici Danasa, sa druge strane, ovaj \u010din vide kao potpuno nepotreban.<\/p>\n<\/div>\n<\/div>\n<p><a href=\"https:\/\/www.danas.rs\/vesti\/drustvo\/sudar-voza-i-automobila-kod-vladicinog-hana-dvoje-povredjenih\/\" target=\"_blank\" rel=\"noopener\">Source link <\/a><br \/>\n\nSudar voza i automobila kod Vladi\u010dinog Hana, dvoje povre\u0111enih &#8211; Dru\u0161tvo<\/p>\n","protected":false},"excerpt":{"rendered":"<p>Dru\u0161tvo \u2022 06.06.2024. 22:41 Kupovina vremena pre smene \u010dlanova: Da li je pokretanje inicijative Saveta REM-a Ustavnom sudu uop\u0161te neophodno?&hellip;<\/p>\n","protected":false},"author":1,"featured_media":7110,"comment_status":"open","ping_status":"open","sticky":false,"template":"","format":"standard","meta":{"footnotes":""},"categories":[1],"tags":[],"class_list":["post-7109","post","type-post","status-publish","format-standard","has-post-thumbnail","hentry","category-oglasi-vladicin-han"],"_links":{"self":[{"href":"https:\/\/oglasi.infooglasi.rs\/oglasi\/oglasivladicinhan\/wp-json\/wp\/v2\/posts\/7109","targetHints":{"allow":["GET"]}}],"collection":[{"href":"https:\/\/oglasi.infooglasi.rs\/oglasi\/oglasivladicinhan\/wp-json\/wp\/v2\/posts"}],"about":[{"href":"https:\/\/oglasi.infooglasi.rs\/oglasi\/oglasivladicinhan\/wp-json\/wp\/v2\/types\/post"}],"author":[{"embeddable":true,"href":"https:\/\/oglasi.infooglasi.rs\/oglasi\/oglasivladicinhan\/wp-json\/wp\/v2\/users\/1"}],"replies":[{"embeddable":true,"href":"https:\/\/oglasi.infooglasi.rs\/oglasi\/oglasivladicinhan\/wp-json\/wp\/v2\/comments?post=7109"}],"version-history":[{"count":0,"href":"https:\/\/oglasi.infooglasi.rs\/oglasi\/oglasivladicinhan\/wp-json\/wp\/v2\/posts\/7109\/revisions"}],"wp:featuredmedia":[{"embeddable":true,"href":"https:\/\/oglasi.infooglasi.rs\/oglasi\/oglasivladicinhan\/wp-json\/wp\/v2\/media\/7110"}],"wp:attachment":[{"href":"https:\/\/oglasi.infooglasi.rs\/oglasi\/oglasivladicinhan\/wp-json\/wp\/v2\/media?parent=7109"}],"wp:term":[{"taxonomy":"category","embeddable":true,"href":"https:\/\/oglasi.infooglasi.rs\/oglasi\/oglasivladicinhan\/wp-json\/wp\/v2\/categories?post=7109"},{"taxonomy":"post_tag","embeddable":true,"href":"https:\/\/oglasi.infooglasi.rs\/oglasi\/oglasivladicinhan\/wp-json\/wp\/v2\/tags?post=7109"}],"curies":[{"name":"wp","href":"https:\/\/api.w.org\/{rel}","templated":true}]}}