{"id":7260,"date":"2024-11-06T06:12:37","date_gmt":"2024-11-06T05:12:37","guid":{"rendered":"https:\/\/oglasi.infooglasi.rs\/oglasi\/oglasivladicinhan\/medjunardoni-festival-folklora-niski-festival-i-fenomenalni-nastupi-u-hanu-oglasi-vladicin-han\/"},"modified":"2024-11-06T06:12:37","modified_gmt":"2024-11-06T05:12:37","slug":"medjunardoni-festival-folklora-niski-festival-i-fenomenalni-nastupi-u-hanu-oglasi-vladicin-han","status":"publish","type":"post","link":"https:\/\/oglasi.infooglasi.rs\/oglasi\/oglasivladicinhan\/medjunardoni-festival-folklora-niski-festival-i-fenomenalni-nastupi-u-hanu-oglasi-vladicin-han\/","title":{"rendered":"ME\u0110UNARDONI FESTIVAL FOLKLORA: Ni\u0161ki festival i fenomenalni nastupi u Hanu &#8211; OGLASI VLADI\u010cIN HAN"},"content":{"rendered":"<p><\/p>\n<div data-td-block-uid=\"tdi_108\">\n<div class=\"tdb-block-inner td-fix-index\"><!-- Either there are no banners, they are disabled or none qualified for this location! --><\/p>\n<p style=\"text-align: justify;\">Velikim koncertom na Letnjoj pozornici 16. jula do 20:30, na kojem \u0107e zajedno nastupiti folklorni ansambli iz sedam zemalja, bi\u0107e otvoren Me\u0111unarodni studentski festival folklora SKC Ni\u0161, dok \u0107e od 17. do 19. jula, folklorni ansambli iz \u00a0Kine, Bugarske, Kolumbije, Slova\u010dke, Ma\u0111arske, Poljske, Litvanije i Srbije nastupiti i u Vladi\u010dinom Hanu.<!-- Either there are no banners, they are disabled or none qualified for this location! -->\n<\/p>\n<p style=\"text-align: justify;\">Festival po\u010dinje tradicionalnim defileom u\u010desnika Obrenovi\u0107evom ulicom, a potom sledi zajedni\u010dki koncert svih u\u010desnika na Letnjoj pozornici.<!-- Either there are no banners, they are disabled or none qualified for this location! -->\n<\/p>\n<p style=\"text-align: justify;\">U Beloj Palanci, Vladi\u010dinom Hanu, Sokobanji, Ra\u017enju i Knja\u017eevcu bi\u0107e odr\u017eani koncerti 17, 18. i 19. jula.\n<\/p>\n<p style=\"text-align: justify;\">Festival se zavr\u0161ava u subotu, 20. jula, opet defileom i zajedni\u010dkim nastupom u\u010desnika na Letnjoj pozornici.\n<\/p>\n<\/div>\n<\/div>\n<div>\n<div class=\"td-fix-index\">\n<p style=\"text-align: justify;\"><strong>Pre slanja komentara molimo Vas da pro\u010ditate slede\u0107a pravila<\/strong>: Stavovi objavljeni u tekstovima pojedinih autora tako\u0111e nisu nu\u017eno ni stavovi redakcije, tako da ne snosimo odgovornost za \u0161tetu nastalu drugom korisniku ili tre\u0107oj osobi zbog kr\u0161enja ovih <a href=\"https:\/\/vom.rs\/uslovi-koriscenja\/\" target=\"_blank\" rel=\"noopener\">Uslova i pravila komentarisanja<\/a>. Mi\u0161ljenja izne\u0161ena u komentarima su privatno mi\u0161ljenje autora komentara i ne odra\u017eavaju stavove redakcije portala VOM. Strogo su zabranjeni: govor mr\u017enje, uvrede na nacionalnoj, rasnoj ili polnoj osnovi i psovke, direktne pretnje drugim korisnicima, autorima novinarskog teksta i\/ili \u010dlanovima redakcije, postavljanje sadr\u017eaja i linkova pornografskog, politi\u010dki ekstremnog, uvredljivog sadr\u017eaja, ogla\u0161avanje i postavljanje linkova \u010dija svrha nije davanje dodatanih informacija vezanih za tekst. Tako\u0111e je zabranjeno la\u017eno predstavljanje, tj. ostavljanje la\u017enih podataka u poljima za slanje komentara. Komentari koji su napisani velikim slovima ne\u0107e biti odobreni. Redakcija &#8220;VOM&#8221; zadr\u017eava pravo da ne odobri komentare koji ne po\u0161tuju gore navedene uslove.<\/p>\n<\/div>\n<\/div>\n<p><a href=\"https:\/\/vom.rs\/relax-kutak\/medjunardoni-festival-folklora-niski-festival-i-fenomenalni-nastupi-u-hanu\/\" target=\"_blank\" rel=\"noopener\">Source link <\/a><br \/>\n\nME\u0110UNARDONI FESTIVAL FOLKLORA: Ni\u0161ki festival i fenomenalni nastupi u Hanu<\/p>\n","protected":false},"excerpt":{"rendered":"<p>Velikim koncertom na Letnjoj pozornici 16. jula do 20:30, na kojem \u0107e zajedno nastupiti folklorni ansambli iz sedam zemalja, bi\u0107e&hellip;<\/p>\n","protected":false},"author":1,"featured_media":7261,"comment_status":"open","ping_status":"open","sticky":false,"template":"","format":"standard","meta":{"footnotes":""},"categories":[1],"tags":[],"class_list":["post-7260","post","type-post","status-publish","format-standard","has-post-thumbnail","hentry","category-oglasi-vladicin-han"],"_links":{"self":[{"href":"https:\/\/oglasi.infooglasi.rs\/oglasi\/oglasivladicinhan\/wp-json\/wp\/v2\/posts\/7260","targetHints":{"allow":["GET"]}}],"collection":[{"href":"https:\/\/oglasi.infooglasi.rs\/oglasi\/oglasivladicinhan\/wp-json\/wp\/v2\/posts"}],"about":[{"href":"https:\/\/oglasi.infooglasi.rs\/oglasi\/oglasivladicinhan\/wp-json\/wp\/v2\/types\/post"}],"author":[{"embeddable":true,"href":"https:\/\/oglasi.infooglasi.rs\/oglasi\/oglasivladicinhan\/wp-json\/wp\/v2\/users\/1"}],"replies":[{"embeddable":true,"href":"https:\/\/oglasi.infooglasi.rs\/oglasi\/oglasivladicinhan\/wp-json\/wp\/v2\/comments?post=7260"}],"version-history":[{"count":0,"href":"https:\/\/oglasi.infooglasi.rs\/oglasi\/oglasivladicinhan\/wp-json\/wp\/v2\/posts\/7260\/revisions"}],"wp:featuredmedia":[{"embeddable":true,"href":"https:\/\/oglasi.infooglasi.rs\/oglasi\/oglasivladicinhan\/wp-json\/wp\/v2\/media\/7261"}],"wp:attachment":[{"href":"https:\/\/oglasi.infooglasi.rs\/oglasi\/oglasivladicinhan\/wp-json\/wp\/v2\/media?parent=7260"}],"wp:term":[{"taxonomy":"category","embeddable":true,"href":"https:\/\/oglasi.infooglasi.rs\/oglasi\/oglasivladicinhan\/wp-json\/wp\/v2\/categories?post=7260"},{"taxonomy":"post_tag","embeddable":true,"href":"https:\/\/oglasi.infooglasi.rs\/oglasi\/oglasivladicinhan\/wp-json\/wp\/v2\/tags?post=7260"}],"curies":[{"name":"wp","href":"https:\/\/api.w.org\/{rel}","templated":true}]}}