{"id":7272,"date":"2024-11-27T04:13:11","date_gmt":"2024-11-27T03:13:11","guid":{"rendered":"https:\/\/oglasi.infooglasi.rs\/oglasi\/oglasivladicinhan\/jesenja-likovna-kolonija-u-vladicinom-hanu-oglasi-vladicin-han-2\/"},"modified":"2024-11-27T04:13:11","modified_gmt":"2024-11-27T03:13:11","slug":"jesenja-likovna-kolonija-u-vladicinom-hanu-oglasi-vladicin-han-2","status":"publish","type":"post","link":"https:\/\/oglasi.infooglasi.rs\/oglasi\/oglasivladicinhan\/jesenja-likovna-kolonija-u-vladicinom-hanu-oglasi-vladicin-han-2\/","title":{"rendered":"Jesenja likovna kolonija u Vladi\u010dinom Hanu &#8211; OGLASI VLADI\u010cIN HAN"},"content":{"rendered":"<p><img decoding=\"async\" src=\"https:\/\/slobodnarec.com\/wp-content\/uploads\/2020\/04\/SR-Ukratko.png\" \/><\/p>\n<div data-td-block-uid=\"tdi_104\">\n<div class=\"tdb-block-inner td-fix-index\">\n<p>VLADI\u010cIN HAN \u2013 Jesenja likovna kolonija bi\u0107e odr\u017eana u Vladi\u010dinom Hanu, od petka, 3. novembra, do nedelje, 5. novembra, javlja <a href=\"https:\/\/www.okradio.rs\/vesti\/lokalne\/jesenja-likovna-kolonija-u-hanu-svi-zainteresovani-mogu-da-se-prikljuce-umetnicima_92730.html\" target=\"_blank\" rel=\"noopener\"><strong>OK radio<\/strong><\/a>.<\/p>\n<p>Na koloniji u\u010destvuju Aleksandra Anti\u0107, Jasmina Aleksi\u0107, Nata\u0161a Cvetkovi\u0107, Branimir Anti\u0107 i Gvozden Anti\u0107. Svi zainteresovani mogu se priklju\u010diti umetnicima za vreme trajanja kolonije.<\/p>\n<p>Izlo\u017eba slika nastalih u ova tri dana bi\u0107e otvorena u ponedeljak, po zavr\u0161etku kolonije.<\/p>\n<p>Ovaj doga\u0111aj realizuje se organizaciji Centar za kulturnu delatnost, turizam i bibliotekarstvo u Domu omladine.<\/p>\n<\/div>\n<\/div>\n<p><script type=\"text\/javascript\">\n!function(f,b,e,v,n,t,s){if(f.fbq)return;n=f.fbq=function(){n.callMethod?\nn.callMethod.apply(n,arguments):n.queue.push(arguments)};if(!f._fbq)f._fbq=n;\nn.push=n;n.loaded=!0;n.version='2.0';n.queue=[];t=b.createElement(e);t.async=!0;\nt.src=v;s=b.getElementsByTagName(e)[0];s.parentNode.insertBefore(t,s)}(window,\ndocument,'script','https:\/\/connect.facebook.net\/en_US\/fbevents.js?v=next');\n<\/script><br \/>\n<br \/><a href=\"https:\/\/slobodnarec.com\/jesenja-likovna-kolonija-u-vladicinom-hanu\/\" target=\"_blank\" rel=\"noopener\">Source link <\/a><br \/>\n\nJesenja likovna kolonija u Vladi\u010dinom Hanu<\/p>\n","protected":false},"excerpt":{"rendered":"<p>VLADI\u010cIN HAN \u2013 Jesenja likovna kolonija bi\u0107e odr\u017eana u Vladi\u010dinom Hanu, od petka, 3. novembra, do nedelje, 5. novembra, javlja&hellip;<\/p>\n","protected":false},"author":1,"featured_media":7192,"comment_status":"open","ping_status":"open","sticky":false,"template":"","format":"standard","meta":{"footnotes":""},"categories":[1],"tags":[],"class_list":["post-7272","post","type-post","status-publish","format-standard","has-post-thumbnail","hentry","category-oglasi-vladicin-han"],"_links":{"self":[{"href":"https:\/\/oglasi.infooglasi.rs\/oglasi\/oglasivladicinhan\/wp-json\/wp\/v2\/posts\/7272","targetHints":{"allow":["GET"]}}],"collection":[{"href":"https:\/\/oglasi.infooglasi.rs\/oglasi\/oglasivladicinhan\/wp-json\/wp\/v2\/posts"}],"about":[{"href":"https:\/\/oglasi.infooglasi.rs\/oglasi\/oglasivladicinhan\/wp-json\/wp\/v2\/types\/post"}],"author":[{"embeddable":true,"href":"https:\/\/oglasi.infooglasi.rs\/oglasi\/oglasivladicinhan\/wp-json\/wp\/v2\/users\/1"}],"replies":[{"embeddable":true,"href":"https:\/\/oglasi.infooglasi.rs\/oglasi\/oglasivladicinhan\/wp-json\/wp\/v2\/comments?post=7272"}],"version-history":[{"count":0,"href":"https:\/\/oglasi.infooglasi.rs\/oglasi\/oglasivladicinhan\/wp-json\/wp\/v2\/posts\/7272\/revisions"}],"wp:featuredmedia":[{"embeddable":true,"href":"https:\/\/oglasi.infooglasi.rs\/oglasi\/oglasivladicinhan\/wp-json\/wp\/v2\/media\/7192"}],"wp:attachment":[{"href":"https:\/\/oglasi.infooglasi.rs\/oglasi\/oglasivladicinhan\/wp-json\/wp\/v2\/media?parent=7272"}],"wp:term":[{"taxonomy":"category","embeddable":true,"href":"https:\/\/oglasi.infooglasi.rs\/oglasi\/oglasivladicinhan\/wp-json\/wp\/v2\/categories?post=7272"},{"taxonomy":"post_tag","embeddable":true,"href":"https:\/\/oglasi.infooglasi.rs\/oglasi\/oglasivladicinhan\/wp-json\/wp\/v2\/tags?post=7272"}],"curies":[{"name":"wp","href":"https:\/\/api.w.org\/{rel}","templated":true}]}}