{"id":7298,"date":"2025-01-03T21:58:29","date_gmt":"2025-01-03T20:58:29","guid":{"rendered":"https:\/\/oglasi.infooglasi.rs\/oglasi\/oglasivladicinhan\/obljuba-muskarac-pokusao-da-obljubi-djecaka-6-u-vladicinom-hanu-oglasi-vladicin-han\/"},"modified":"2025-01-03T21:58:29","modified_gmt":"2025-01-03T20:58:29","slug":"obljuba-muskarac-pokusao-da-obljubi-djecaka-6-u-vladicinom-hanu-oglasi-vladicin-han","status":"publish","type":"post","link":"https:\/\/oglasi.infooglasi.rs\/oglasi\/oglasivladicinhan\/obljuba-muskarac-pokusao-da-obljubi-djecaka-6-u-vladicinom-hanu-oglasi-vladicin-han\/","title":{"rendered":"Obljuba, mu\u0161karac poku\u0161ao da obljubi dje\u010daka (6) u Vladi\u010dinom Hanu &#8211; OGLASI VLADI\u010cIN HAN"},"content":{"rendered":"<p><\/p>\n<div>\n<p>Mu\u0161karac je po potjernici Policijske stanice u Vladi\u010dinom Hanu uhap\u0161en u Beogradu. Prvo mu je odre\u0111eno zadr\u017eavanje od 48 sati, a nakon saslu\u0161anja u VJT, <strong>odre\u0111en mu je pritvor.<\/strong><\/p>\n<p>On se sumnji\u010di da je izvr\u0161io krivi\u010dno djelo <a href=\"https:\/\/srpskainfo.com\/tag\/obljuba\/\" target=\"_blank\" rel=\"noreferrer noopener\">obljuba\u00a0<\/a>sa djetetom u poku\u0161aju, koje je po\u010dinio u novembru ove godine, a koje je prijavio dje\u010dakov otac. <\/p>\n<p>Prema saznanjima, sve se dogodilo u susjednom selu, u odnosu na rodno selo uhap\u0161enog mu\u0161karca.<\/p>\n<h2 class=\"wp-block-heading\">\u00a0Porodica dje\u010daka ga primila da \u017eive zajedno<\/h2>\n<p>\u2013 On je \u017eivio u Beogradu, selio se tamo vamo, koliko znam bio je o\u017eenjen i ima dvoje djece. Sad je do\u0161ao u rodno selo i u ku\u0107i nije imao struju. Porodica dje\u010daka u susjednom selu, jer su u srodstvu, primila ga je kod sebe da bude neko vrijeme podstanar i tu je od aprila \u2013 rekao je njegov poznanik.<\/p>\n<h2 class=\"wp-block-heading\">Hap\u0161en i ranije<\/h2>\n<p>On dodaje i da je B.V. hap\u0161en zbog\u00a0<strong>droge, izazivanja saobra\u0107ajnih nezgoda i kra\u0111a..<\/strong><\/p>\n<p>\u2013 Uhap\u0161eni mu\u0161karac je policiji poznat od ranije. Bio je problemati\u010dan od kako ga znam, inteligentan, ali nezgodan. \u017divio je sa majkom, o\u010duhom i polubratom. Cijela porodica, kao i njegov biolo\u0161ki otac su divni ljudi, a on je od djetinjstva bio nezgodne naravi \u2013 pri\u010da drugi poznanik osumnji\u010denog.<\/p>\n<p>Ina\u010de, B.V. nekada se bavio kik boksom i to dosta uspje\u0161no. Osvajao je medalje i bio prvak u lak\u0161im kategorijama. U selu gdje je \u017eivio, kao i susjednom gdje se desio incident sa dje\u010dakom, niko nema lijepu rije\u010d za njega, prenosi <a href=\"https:\/\/www.blic.rs\/vesti\/hronika\/muskarac-iz-vladicinog-hana-pokusao-da-obljubi-decaka-od-6-godina\/my9gtrb\" target=\"_blank\" rel=\"noreferrer noopener\">Blic<\/a>.<\/p>\n<p>                <a style=\"font-weight:bold;&#010;                font-size:14px;margin-bottom:0.6rem;display:block; width:max-content;background-color:#7360F2;color:white;padding:0.6rem;border-radius:5px;cursor:pointer;\" title=\"Viber grupa\" target=\"_blank\" href=\"https:\/\/invite.viber.com\/?g2=AQADj2jdM9Z9glCzKoVL14kr2VhoO%2FPqOu0JB5T7bD3knZHJFKQs4T3Pr1gHQzZv&amp;lang=en\" rel=\"noopener\"><br \/>\n                    Najnovije vijesti Srpskainfo i na Viberu<br \/>\n                <\/a><\/p><\/div>\n<p><script async>\n        !function(f,b,e,v,n,t,s)\n        {if(f.fbq)return;n=f.fbq=function(){n.callMethod?\n            n.callMethod.apply(n,arguments):n.queue.push(arguments)};\n            if(!f._fbq)f._fbq=n;n.push=n;n.loaded=!0;n.version='2.0';\n            n.queue=[];t=b.createElement(e);t.async=!0;\n            t.src=v;s=b.getElementsByTagName(e)[0];\n            s.parentNode.insertBefore(t,s)}(window, document,'script',\n            'https:\/\/connect.facebook.net\/en_US\/fbevents.js');\n        fbq('init', '344652463724127');\n        fbq('track', 'PageView');\n    <\/script><br \/>\n<br \/><a href=\"https:\/\/srpskainfo.com\/horor-muskarac-pokusao-da-obljubi-djecaka-6-odredjen-mu-jednomjesecni-pritvor\/\" target=\"_blank\" rel=\"noopener\">Source link <\/a><br \/>\n\nObljuba, mu\u0161karac poku\u0161ao da obljubi dje\u010daka (6) u Vladi\u010dinom Hanu<\/p>\n","protected":false},"excerpt":{"rendered":"<p>Mu\u0161karac je po potjernici Policijske stanice u Vladi\u010dinom Hanu uhap\u0161en u Beogradu. Prvo mu je odre\u0111eno zadr\u017eavanje od 48 sati,&hellip;<\/p>\n","protected":false},"author":1,"featured_media":7299,"comment_status":"open","ping_status":"open","sticky":false,"template":"","format":"standard","meta":{"footnotes":""},"categories":[1],"tags":[],"class_list":["post-7298","post","type-post","status-publish","format-standard","has-post-thumbnail","hentry","category-oglasi-vladicin-han"],"_links":{"self":[{"href":"https:\/\/oglasi.infooglasi.rs\/oglasi\/oglasivladicinhan\/wp-json\/wp\/v2\/posts\/7298","targetHints":{"allow":["GET"]}}],"collection":[{"href":"https:\/\/oglasi.infooglasi.rs\/oglasi\/oglasivladicinhan\/wp-json\/wp\/v2\/posts"}],"about":[{"href":"https:\/\/oglasi.infooglasi.rs\/oglasi\/oglasivladicinhan\/wp-json\/wp\/v2\/types\/post"}],"author":[{"embeddable":true,"href":"https:\/\/oglasi.infooglasi.rs\/oglasi\/oglasivladicinhan\/wp-json\/wp\/v2\/users\/1"}],"replies":[{"embeddable":true,"href":"https:\/\/oglasi.infooglasi.rs\/oglasi\/oglasivladicinhan\/wp-json\/wp\/v2\/comments?post=7298"}],"version-history":[{"count":0,"href":"https:\/\/oglasi.infooglasi.rs\/oglasi\/oglasivladicinhan\/wp-json\/wp\/v2\/posts\/7298\/revisions"}],"wp:featuredmedia":[{"embeddable":true,"href":"https:\/\/oglasi.infooglasi.rs\/oglasi\/oglasivladicinhan\/wp-json\/wp\/v2\/media\/7299"}],"wp:attachment":[{"href":"https:\/\/oglasi.infooglasi.rs\/oglasi\/oglasivladicinhan\/wp-json\/wp\/v2\/media?parent=7298"}],"wp:term":[{"taxonomy":"category","embeddable":true,"href":"https:\/\/oglasi.infooglasi.rs\/oglasi\/oglasivladicinhan\/wp-json\/wp\/v2\/categories?post=7298"},{"taxonomy":"post_tag","embeddable":true,"href":"https:\/\/oglasi.infooglasi.rs\/oglasi\/oglasivladicinhan\/wp-json\/wp\/v2\/tags?post=7298"}],"curies":[{"name":"wp","href":"https:\/\/api.w.org\/{rel}","templated":true}]}}