{"id":7321,"date":"2025-02-04T09:34:16","date_gmt":"2025-02-04T08:34:16","guid":{"rendered":"https:\/\/oglasi.infooglasi.rs\/oglasi\/oglasivladicinhan\/ucenici-gimnazije-u-vladicinom-hanu-juce-bojkotovali-nastavu-oglasi-vladicin-han\/"},"modified":"2025-02-04T09:34:16","modified_gmt":"2025-02-04T08:34:16","slug":"ucenici-gimnazije-u-vladicinom-hanu-juce-bojkotovali-nastavu-oglasi-vladicin-han","status":"publish","type":"post","link":"https:\/\/oglasi.infooglasi.rs\/oglasi\/oglasivladicinhan\/ucenici-gimnazije-u-vladicinom-hanu-juce-bojkotovali-nastavu-oglasi-vladicin-han\/","title":{"rendered":"U\u010denici gimnazije u Vladi\u010dinom Hanu ju\u010de bojkotovali nastavu &#8211; OGLASI VLADI\u010cIN HAN"},"content":{"rendered":"<p><img decoding=\"async\" src=\"https:\/\/slobodnarec.com\/wp-content\/uploads\/2025\/01\/image_2025-01-25_141328093.jpg\" \/><\/p>\n<div data-td-block-uid=\"tdi_104\">\n<div class=\"tdb-block-inner td-fix-index\">\n<p>VLADI\u010cIN HAN \u2013 Grupa u\u010denika hanske Gimnazije \u201eJovan Skerli\u0107\u201c ju\u010de je bojkotovala nastavu, a potom su izlepili prozore u\u010dionica papirima na kojima su oslikane krvave ruke, objavljeno je na Instagram stranici \u201eNezavisan Vladi\u010din Han\u201c.<\/p>\n<p>Podse\u0107amo, ju\u010de je u Vladi\u010dinom Hanu odr\u017ean jedan od najmasovnijih protesta u poslednjih nekoliko godina. Transparenti penzionera sa ovog protesta postali su viralni na dru\u0161tvenim mre\u017eama.<\/p>\n<blockquote class=\"instagram-media\" style=\"background: #FFF; border: 0; border-radius: 3px; box-shadow: 0 0 1px 0 rgba(0,0,0,0.5),0 1px 10px 0 rgba(0,0,0,0.15); margin: 1px; max-width: 540px; min-width: 326px; padding: 0; width: calc(100% - 2px);\" data-instgrm-permalink=\"https:\/\/www.instagram.com\/p\/DFNhNUAx_mA\/?utm_source=ig_embed&amp;utm_campaign=loading\" data-instgrm-version=\"14\">\n<\/blockquote>\n<p>Nakon masovnog okupljanja u podne u centru Vladi\u010dinog Hana, reka ljudi slila se preko mosta na Ju\u017enoj Moravi ka zgradi Doma omladine, gde je odr\u017eano petnaestominutno odavanje po\u010dasti stradalima u Novom Sadu.<\/p>\n<p>Nakon toga, u\u010desnici protesta imali su akciju \u201e15 minuta buke\u201c.<\/p>\n<\/div>\n<\/div>\n<p><script type=\"text\/javascript\">\n!function(f,b,e,v,n,t,s){if(f.fbq)return;n=f.fbq=function(){n.callMethod?\nn.callMethod.apply(n,arguments):n.queue.push(arguments)};if(!f._fbq)f._fbq=n;\nn.push=n;n.loaded=!0;n.version='2.0';n.queue=[];t=b.createElement(e);t.async=!0;\nt.src=v;s=b.getElementsByTagName(e)[0];s.parentNode.insertBefore(t,s)}(window,\ndocument,'script','https:\/\/connect.facebook.net\/en_US\/fbevents.js?v=next');\n<\/script><script async defer src=\"https:\/\/platform.instagram.com\/en_US\/embeds.js\"><\/script><br \/>\n<br \/><a href=\"https:\/\/slobodnarec.com\/ucenici-gimnazije-u-vladicinom-hanu-juce-bojkotovali-nastavu\/\" target=\"_blank\" rel=\"noopener\">Source link <\/a><br \/>\n\nU\u010denici gimnazije u Vladi\u010dinom Hanu ju\u010de bojkotovali nastavu<\/p>\n","protected":false},"excerpt":{"rendered":"<p>VLADI\u010cIN HAN \u2013 Grupa u\u010denika hanske Gimnazije \u201eJovan Skerli\u0107\u201c ju\u010de je bojkotovala nastavu, a potom su izlepili prozore u\u010dionica papirima&hellip;<\/p>\n","protected":false},"author":1,"featured_media":7322,"comment_status":"open","ping_status":"open","sticky":false,"template":"","format":"standard","meta":{"footnotes":""},"categories":[1],"tags":[],"class_list":["post-7321","post","type-post","status-publish","format-standard","has-post-thumbnail","hentry","category-oglasi-vladicin-han"],"_links":{"self":[{"href":"https:\/\/oglasi.infooglasi.rs\/oglasi\/oglasivladicinhan\/wp-json\/wp\/v2\/posts\/7321","targetHints":{"allow":["GET"]}}],"collection":[{"href":"https:\/\/oglasi.infooglasi.rs\/oglasi\/oglasivladicinhan\/wp-json\/wp\/v2\/posts"}],"about":[{"href":"https:\/\/oglasi.infooglasi.rs\/oglasi\/oglasivladicinhan\/wp-json\/wp\/v2\/types\/post"}],"author":[{"embeddable":true,"href":"https:\/\/oglasi.infooglasi.rs\/oglasi\/oglasivladicinhan\/wp-json\/wp\/v2\/users\/1"}],"replies":[{"embeddable":true,"href":"https:\/\/oglasi.infooglasi.rs\/oglasi\/oglasivladicinhan\/wp-json\/wp\/v2\/comments?post=7321"}],"version-history":[{"count":0,"href":"https:\/\/oglasi.infooglasi.rs\/oglasi\/oglasivladicinhan\/wp-json\/wp\/v2\/posts\/7321\/revisions"}],"wp:featuredmedia":[{"embeddable":true,"href":"https:\/\/oglasi.infooglasi.rs\/oglasi\/oglasivladicinhan\/wp-json\/wp\/v2\/media\/7322"}],"wp:attachment":[{"href":"https:\/\/oglasi.infooglasi.rs\/oglasi\/oglasivladicinhan\/wp-json\/wp\/v2\/media?parent=7321"}],"wp:term":[{"taxonomy":"category","embeddable":true,"href":"https:\/\/oglasi.infooglasi.rs\/oglasi\/oglasivladicinhan\/wp-json\/wp\/v2\/categories?post=7321"},{"taxonomy":"post_tag","embeddable":true,"href":"https:\/\/oglasi.infooglasi.rs\/oglasi\/oglasivladicinhan\/wp-json\/wp\/v2\/tags?post=7321"}],"curies":[{"name":"wp","href":"https:\/\/api.w.org\/{rel}","templated":true}]}}