{"id":7329,"date":"2025-02-21T03:14:23","date_gmt":"2025-02-21T02:14:23","guid":{"rendered":"https:\/\/oglasi.infooglasi.rs\/oglasi\/oglasivladicinhan\/za-petak-najavljen-protest-i-u-vladicinom-hanu-oglasi-vladicin-han\/"},"modified":"2025-02-21T03:14:23","modified_gmt":"2025-02-21T02:14:23","slug":"za-petak-najavljen-protest-i-u-vladicinom-hanu-oglasi-vladicin-han","status":"publish","type":"post","link":"https:\/\/oglasi.infooglasi.rs\/oglasi\/oglasivladicinhan\/za-petak-najavljen-protest-i-u-vladicinom-hanu-oglasi-vladicin-han\/","title":{"rendered":"Za petak najavljen protest i u Vladi\u010dinom Hanu &#8211; OGLASI VLADI\u010cIN HAN"},"content":{"rendered":"<p><img decoding=\"async\" src=\"https:\/\/slobodnarec.com\/wp-content\/uploads\/2020\/06\/Autobuska_stanica_vhan.jpg\" \/><\/p>\n<div data-td-block-uid=\"tdi_104\">\n<div class=\"tdb-block-inner td-fix-index\">\n<p>VLADI\u010cIN HAN \u2013 Na stranici \u201eNezavisan Vladi\u010din Han\u201c objavljeno je da \u0107e u petak, 24. januara, u podne po\u010deti protest podr\u0161ke studentima u ovoj op\u0161tini.<\/p>\n<p>Kako je najavljeno, okupljanje \u0107e po\u010deti u centru Vladi\u010dinog Hana, nakon \u010dega \u0107e u\u010desnici protesta krenuti u protestnu \u0161etnju sve do zgrade Doma kulture.<\/p>\n<p>Najpre \u0107e petnaestominutnom ti\u0161inom odati po\u0161tu stradalima u padu nadstre\u0161nice u Novom Sadu, a potom \u0107e 15 minuta praviti buku, stoji u najavi.<\/p>\n<blockquote class=\"instagram-media\" style=\"background: #FFF; border: 0; border-radius: 3px; box-shadow: 0 0 1px 0 rgba(0,0,0,0.5),0 1px 10px 0 rgba(0,0,0,0.15); margin: 1px; max-width: 540px; min-width: 326px; padding: 0; width: calc(100% - 2px);\" data-instgrm-captioned=\"\" data-instgrm-permalink=\"https:\/\/www.instagram.com\/p\/DFGRPEJOlaG\/?utm_source=ig_embed&amp;utm_campaign=loading\" data-instgrm-version=\"14\">\n<\/blockquote>\n<p><span style=\"font-family: Verdana, BlinkMacSystemFont, -apple-system, 'Segoe UI', Roboto, Oxygen, Ubuntu, Cantarell, 'Open Sans', 'Helvetica Neue', sans-serif;\">\u00a0<\/span><\/p>\n<\/div>\n<\/div>\n<p><script type=\"text\/javascript\">\n!function(f,b,e,v,n,t,s){if(f.fbq)return;n=f.fbq=function(){n.callMethod?\nn.callMethod.apply(n,arguments):n.queue.push(arguments)};if(!f._fbq)f._fbq=n;\nn.push=n;n.loaded=!0;n.version='2.0';n.queue=[];t=b.createElement(e);t.async=!0;\nt.src=v;s=b.getElementsByTagName(e)[0];s.parentNode.insertBefore(t,s)}(window,\ndocument,'script','https:\/\/connect.facebook.net\/en_US\/fbevents.js?v=next');\n<\/script><script async defer src=\"https:\/\/platform.instagram.com\/en_US\/embeds.js\"><\/script><br \/>\n<br \/><a href=\"https:\/\/slobodnarec.com\/za-petak-najavljen-protest-i-u-vladicinom-hanu\/\" target=\"_blank\" rel=\"noopener\">Source link <\/a><br \/>\n\nZa petak najavljen protest i u Vladi\u010dinom Hanu<\/p>\n","protected":false},"excerpt":{"rendered":"<p>VLADI\u010cIN HAN \u2013 Na stranici \u201eNezavisan Vladi\u010din Han\u201c objavljeno je da \u0107e u petak, 24. januara, u podne po\u010deti protest&hellip;<\/p>\n","protected":false},"author":1,"featured_media":7330,"comment_status":"open","ping_status":"open","sticky":false,"template":"","format":"standard","meta":{"footnotes":""},"categories":[1],"tags":[],"class_list":["post-7329","post","type-post","status-publish","format-standard","has-post-thumbnail","hentry","category-oglasi-vladicin-han"],"_links":{"self":[{"href":"https:\/\/oglasi.infooglasi.rs\/oglasi\/oglasivladicinhan\/wp-json\/wp\/v2\/posts\/7329","targetHints":{"allow":["GET"]}}],"collection":[{"href":"https:\/\/oglasi.infooglasi.rs\/oglasi\/oglasivladicinhan\/wp-json\/wp\/v2\/posts"}],"about":[{"href":"https:\/\/oglasi.infooglasi.rs\/oglasi\/oglasivladicinhan\/wp-json\/wp\/v2\/types\/post"}],"author":[{"embeddable":true,"href":"https:\/\/oglasi.infooglasi.rs\/oglasi\/oglasivladicinhan\/wp-json\/wp\/v2\/users\/1"}],"replies":[{"embeddable":true,"href":"https:\/\/oglasi.infooglasi.rs\/oglasi\/oglasivladicinhan\/wp-json\/wp\/v2\/comments?post=7329"}],"version-history":[{"count":0,"href":"https:\/\/oglasi.infooglasi.rs\/oglasi\/oglasivladicinhan\/wp-json\/wp\/v2\/posts\/7329\/revisions"}],"wp:featuredmedia":[{"embeddable":true,"href":"https:\/\/oglasi.infooglasi.rs\/oglasi\/oglasivladicinhan\/wp-json\/wp\/v2\/media\/7330"}],"wp:attachment":[{"href":"https:\/\/oglasi.infooglasi.rs\/oglasi\/oglasivladicinhan\/wp-json\/wp\/v2\/media?parent=7329"}],"wp:term":[{"taxonomy":"category","embeddable":true,"href":"https:\/\/oglasi.infooglasi.rs\/oglasi\/oglasivladicinhan\/wp-json\/wp\/v2\/categories?post=7329"},{"taxonomy":"post_tag","embeddable":true,"href":"https:\/\/oglasi.infooglasi.rs\/oglasi\/oglasivladicinhan\/wp-json\/wp\/v2\/tags?post=7329"}],"curies":[{"name":"wp","href":"https:\/\/api.w.org\/{rel}","templated":true}]}}