{"id":7331,"date":"2025-03-01T12:11:06","date_gmt":"2025-03-01T11:11:06","guid":{"rendered":"https:\/\/oglasi.infooglasi.rs\/oglasi\/oglasivladicinhan\/mladi-iz-vranja-i-bujanovca-danas-krecu-za-vladicin-han-cilj-1-mart-nis-oglasi-vladicin-han\/"},"modified":"2025-03-01T12:11:06","modified_gmt":"2025-03-01T11:11:06","slug":"mladi-iz-vranja-i-bujanovca-danas-krecu-za-vladicin-han-cilj-1-mart-nis-oglasi-vladicin-han","status":"publish","type":"post","link":"https:\/\/oglasi.infooglasi.rs\/oglasi\/oglasivladicinhan\/mladi-iz-vranja-i-bujanovca-danas-krecu-za-vladicin-han-cilj-1-mart-nis-oglasi-vladicin-han\/","title":{"rendered":"Mladi iz Vranja i Bujanovca danas kre\u0107u za Vladi\u010din Han: Cilj 1. mart \u2013 NI\u0160! &#8211; OGLASI VLADI\u010cIN HAN"},"content":{"rendered":"<p><\/p>\n<div>\n<p>Studenti i mladi iz Vranja i Bujanovca danas nastavljaju svoj put do Ni\u0161a, gde \u0107e biti odr\u017ean veliki skup 1. marta, 2025. godine. <\/p>\n<p>Polazak je zakazan za 11:52 minuta ispred Spomenika \u010cika Miti, na Trgu Republike u Vranju. <\/p>\n<p>Podse\u0107amo, u toku ju\u010dera\u0161njeg dana mladi i studenti iz Bujanovca oko 18 \u010dasova stigli su iz Bujanovca odakle su krenuli pe\u0161kara najpre za Vranja, a kako bi nastavili svoj put ka Ni\u0161u. <\/p>\n<p>Kako saznajemo prvu pauzu u svom pe\u0161a\u010denju, mladi iz Vranja i Bujanovaca napravi\u0107e u selu Stubal, gde \u0107e ih do\u010dakati me\u0161tani ovog mesta. <\/p>\n<p>Nakon sela Stubal, mladi i studenti nastavljaju do Vladi\u010dinog Hana, gde \u0107e prespavati u Gimnaziji \u201eJovan Skerli\u0107\u201c. <\/p>\n<p>U Vladi\u010dinom Hanu, pored mladih sa krajnjeg juga, dolaze i studenti iz op\u0161tine Surdulica. <\/p>\n<p>Dolazak u Vladi\u010din Han predvi\u0111en je za 18 \u010dasova. <\/p>\n<\/p><\/div>\n<p><a href=\"https:\/\/infovranjske.rs\/mladi-iz-vranja-i-bujanovca-danas-krecu-za-vladicin-han-cilj-1-mart-nis\/\" target=\"_blank\" rel=\"noopener\">Source link <\/a><br \/>\n\nMladi iz Vranja i Bujanovca danas kre\u0107u za Vladi\u010din Han: Cilj 1. mart \u2013 NI\u0160!<\/p>\n","protected":false},"excerpt":{"rendered":"<p>Studenti i mladi iz Vranja i Bujanovca danas nastavljaju svoj put do Ni\u0161a, gde \u0107e biti odr\u017ean veliki skup 1.&hellip;<\/p>\n","protected":false},"author":1,"featured_media":7332,"comment_status":"open","ping_status":"open","sticky":false,"template":"","format":"standard","meta":{"footnotes":""},"categories":[1],"tags":[],"class_list":["post-7331","post","type-post","status-publish","format-standard","has-post-thumbnail","hentry","category-oglasi-vladicin-han"],"_links":{"self":[{"href":"https:\/\/oglasi.infooglasi.rs\/oglasi\/oglasivladicinhan\/wp-json\/wp\/v2\/posts\/7331","targetHints":{"allow":["GET"]}}],"collection":[{"href":"https:\/\/oglasi.infooglasi.rs\/oglasi\/oglasivladicinhan\/wp-json\/wp\/v2\/posts"}],"about":[{"href":"https:\/\/oglasi.infooglasi.rs\/oglasi\/oglasivladicinhan\/wp-json\/wp\/v2\/types\/post"}],"author":[{"embeddable":true,"href":"https:\/\/oglasi.infooglasi.rs\/oglasi\/oglasivladicinhan\/wp-json\/wp\/v2\/users\/1"}],"replies":[{"embeddable":true,"href":"https:\/\/oglasi.infooglasi.rs\/oglasi\/oglasivladicinhan\/wp-json\/wp\/v2\/comments?post=7331"}],"version-history":[{"count":0,"href":"https:\/\/oglasi.infooglasi.rs\/oglasi\/oglasivladicinhan\/wp-json\/wp\/v2\/posts\/7331\/revisions"}],"wp:featuredmedia":[{"embeddable":true,"href":"https:\/\/oglasi.infooglasi.rs\/oglasi\/oglasivladicinhan\/wp-json\/wp\/v2\/media\/7332"}],"wp:attachment":[{"href":"https:\/\/oglasi.infooglasi.rs\/oglasi\/oglasivladicinhan\/wp-json\/wp\/v2\/media?parent=7331"}],"wp:term":[{"taxonomy":"category","embeddable":true,"href":"https:\/\/oglasi.infooglasi.rs\/oglasi\/oglasivladicinhan\/wp-json\/wp\/v2\/categories?post=7331"},{"taxonomy":"post_tag","embeddable":true,"href":"https:\/\/oglasi.infooglasi.rs\/oglasi\/oglasivladicinhan\/wp-json\/wp\/v2\/tags?post=7331"}],"curies":[{"name":"wp","href":"https:\/\/api.w.org\/{rel}","templated":true}]}}