{"id":7343,"date":"2025-03-23T07:51:26","date_gmt":"2025-03-23T06:51:26","guid":{"rendered":"https:\/\/oglasi.infooglasi.rs\/oglasi\/oglasivladicinhan\/gimnazija-u-v-hanu-u-totalnoj-obustavi-solidarnost-sa-studentima-oglasi-vladicin-han\/"},"modified":"2025-03-23T07:51:26","modified_gmt":"2025-03-23T06:51:26","slug":"gimnazija-u-v-hanu-u-totalnoj-obustavi-solidarnost-sa-studentima-oglasi-vladicin-han","status":"publish","type":"post","link":"https:\/\/oglasi.infooglasi.rs\/oglasi\/oglasivladicinhan\/gimnazija-u-v-hanu-u-totalnoj-obustavi-solidarnost-sa-studentima-oglasi-vladicin-han\/","title":{"rendered":"Gimnazija u V. Hanu u totalnoj obustavi, solidarnost sa studentima &#8211; OGLASI VLADI\u010cIN HAN"},"content":{"rendered":"<p><\/p>\n<div>\n<figure id=\"attachment_99129\" aria-describedby=\"caption-attachment-99129\" style=\"width: 400px\" class=\"wp-caption alignleft\"><img loading=\"lazy\" data-lazyloaded=\"1\" decoding=\"async\" class=\"size-medium wp-image-99129\" src=\"https:\/\/bujanovacke.co.rs\/wordpress\/wp-content\/uploads\/2025\/03\/han-gimnazija-400x300.jpg\" alt=\"\" width=\"400\" height=\"300\" srcset=\"https:\/\/bujanovacke.co.rs\/wordpress\/wp-content\/uploads\/2025\/03\/han-gimnazija-400x300.jpg 400w, https:\/\/bujanovacke.co.rs\/wordpress\/wp-content\/uploads\/2025\/03\/han-gimnazija-332x249.jpg 332w, https:\/\/bujanovacke.co.rs\/wordpress\/wp-content\/uploads\/2025\/03\/han-gimnazija.jpg 512w\" data-sizes=\"(max-width: 400px) 100vw, 400px\"\/><figcaption id=\"caption-attachment-99129\" class=\"wp-caption-text\">Obustava u Hanu<\/figcaption><\/figure>\n<p><strong>Bujanovac, 18. mart 2025. Gimnazija \u201eJovan Skerli\u0107\u201c u Vladi\u010dinom Hanu stupila je u generalni \u0161trajk a zaposleni su obustavili nastavu od 17. do 19. marta, kako bi pru\u017eili <a href=\"https:\/\/bujanovacke.co.rs\/2025\/03\/17\/bujanovacki-heroji-mateja-i-danilo\/\" data-wpel-link=\"internal\" target=\"_blank\" rel=\"noopener\"><span style=\"color: #ff0000;\">podr\u0161ku studentskim zahtevima<\/span><\/a>. Podse\u0107amo da \u0160kola Sveti Sava u Bujanovcu u <a href=\"https:\/\/bujanovacke.co.rs\/2025\/03\/10\/poceo-strajk-u-skoli-sveti-sava\/\" data-wpel-link=\"internal\" target=\"_blank\" rel=\"noopener\"><span style=\"color: #ff0000;\">zakonskom \u0161trajku<\/span> <\/a>a \u010dasovi traju od 10. marta 30 minuta. I maturatni <a href=\"https:\/\/bujanovacke.co.rs\/2025\/03\/13\/gimnazijalci-trpe-ogromne-pritiske-od-televizije-vranje\/\" data-wpel-link=\"internal\" target=\"_blank\" rel=\"noopener\"><span style=\"color: #ff0000;\">vranjske Gimnazije<\/span><\/a> proglasili su ranije obustavu.<\/strong><\/p>\n<p><span style=\"color: #800000;\"><strong>\u201eVe\u0107ina profesora Gimnazije \u201eJovan Skerli\u0107\u201c u Vladi\u010dinom Hanu se odazvala pozivu studenata na generalni \u0161trajk koji se odr\u017eava od 17. do 19. marta i u tom periodu obustavljamo nastavu. Ovim \u010dinom \u017eelimo da poka\u017eemo na\u0161u podr\u0161ku i zalaganje za ispunjenje svih studentskih zahteva u potpunosti. Na svaki studentski poziv nastavi\u0107emo da se odazivamo\u201c, poru\u010duju profesori.<\/strong><\/span><\/p>\n<p>Razlog koji je kod njih presudio da donesu ovakvu odluku, kako ka\u017eu, jeste upotreba zvu\u010dnog topa na mirne demonstrante koji su odavali po\u010dast \u017ertvama u padu nadstre\u0161nice 01. 11. 2024 god. Upotrebu bilo kakvog oru\u017eja protiv na\u0161eg naroda i na\u0161e dece smatraju apsolutno neprihvatljivom i krajnje monstruoznom.<\/p>\n<p><strong>\u201ePozivamo i ostale kolege u P\u010dinjskom okrugu da nam se priklju\u010de. Ovo ne radimo samo za studente, ve\u0107 i za budu\u0107nost na\u0161e dece, kao i za dostojanstven i siguran \u017eivot svih mladih ljudi u na\u0161oj zemlji\u201c, dodaju profesori Gimnazije u Vladi\u010dinom Hanu.<\/strong><\/p>\n<p>\u00a0<\/p>\n<\/div>\n<p><a href=\"https:\/\/bujanovacke.co.rs\/2025\/03\/18\/hanska-gimnazija-uz-studente\/\" target=\"_blank\" rel=\"noopener\">Source link <\/a><br \/>\n\nGimnazija u V. Hanu u totalnoj obustavi, solidarnost sa studentima<\/p>\n","protected":false},"excerpt":{"rendered":"<p>Obustava u Hanu Bujanovac, 18. mart 2025. Gimnazija \u201eJovan Skerli\u0107\u201c u Vladi\u010dinom Hanu stupila je u generalni \u0161trajk a zaposleni&hellip;<\/p>\n","protected":false},"author":1,"featured_media":7344,"comment_status":"open","ping_status":"open","sticky":false,"template":"","format":"standard","meta":{"footnotes":""},"categories":[1],"tags":[],"class_list":["post-7343","post","type-post","status-publish","format-standard","has-post-thumbnail","hentry","category-oglasi-vladicin-han"],"_links":{"self":[{"href":"https:\/\/oglasi.infooglasi.rs\/oglasi\/oglasivladicinhan\/wp-json\/wp\/v2\/posts\/7343","targetHints":{"allow":["GET"]}}],"collection":[{"href":"https:\/\/oglasi.infooglasi.rs\/oglasi\/oglasivladicinhan\/wp-json\/wp\/v2\/posts"}],"about":[{"href":"https:\/\/oglasi.infooglasi.rs\/oglasi\/oglasivladicinhan\/wp-json\/wp\/v2\/types\/post"}],"author":[{"embeddable":true,"href":"https:\/\/oglasi.infooglasi.rs\/oglasi\/oglasivladicinhan\/wp-json\/wp\/v2\/users\/1"}],"replies":[{"embeddable":true,"href":"https:\/\/oglasi.infooglasi.rs\/oglasi\/oglasivladicinhan\/wp-json\/wp\/v2\/comments?post=7343"}],"version-history":[{"count":0,"href":"https:\/\/oglasi.infooglasi.rs\/oglasi\/oglasivladicinhan\/wp-json\/wp\/v2\/posts\/7343\/revisions"}],"wp:featuredmedia":[{"embeddable":true,"href":"https:\/\/oglasi.infooglasi.rs\/oglasi\/oglasivladicinhan\/wp-json\/wp\/v2\/media\/7344"}],"wp:attachment":[{"href":"https:\/\/oglasi.infooglasi.rs\/oglasi\/oglasivladicinhan\/wp-json\/wp\/v2\/media?parent=7343"}],"wp:term":[{"taxonomy":"category","embeddable":true,"href":"https:\/\/oglasi.infooglasi.rs\/oglasi\/oglasivladicinhan\/wp-json\/wp\/v2\/categories?post=7343"},{"taxonomy":"post_tag","embeddable":true,"href":"https:\/\/oglasi.infooglasi.rs\/oglasi\/oglasivladicinhan\/wp-json\/wp\/v2\/tags?post=7343"}],"curies":[{"name":"wp","href":"https:\/\/api.w.org\/{rel}","templated":true}]}}